{"id":33407,"date":"2025-04-01T09:00:00","date_gmt":"2025-04-01T07:00:00","guid":{"rendered":"https:\/\/bisbalpenedes.com\/web\/?p=33407"},"modified":"2025-04-01T10:02:53","modified_gmt":"2025-04-01T08:02:53","slug":"llibre-nati-soler-pedra-seca-abril-2025","status":"publish","type":"post","link":"https:\/\/bisbalpenedes.com\/web\/2025\/04\/01\/llibre-nati-soler-pedra-seca-abril-2025\/","title":{"rendered":"<strong>Aquest divendres 4 d&#8217;abril es presentar\u00e0 el llibre &#8220;L&#8217;\u00e0nima de la pedra seca&#8221; de Nati Soler al Centre Municipal de Cultura<\/strong>"},"content":{"rendered":"\n<p>L&#8217;escriptora baixpenedesenca Nati Soler presentar\u00e0 el seu llibre &#8216;L&#8217;\u00e0nima de la pedra seca&#8217; el pr\u00f2xim divendres 4 d&#8217;abril, a les 20h, a l&#8217;auditori del Centre Municipal de Cultura. La presentaci\u00f3 comptar\u00e0 amb la participaci\u00f3 del bisbalenc Ramon Rovira, president de la Coordinadora de la pedra seca del Baix Pened\u00e8s; Josep Borrut i Joan Cugat, membres del Grup de Pedra Seca de Sant Vicen\u00e7 de Calders.<\/p>\n\n\n\n<p><strong>SINOPSI:<\/strong><\/p>\n\n\n\n<p>Tres homes, secundats per un grup anim\u00f3s, decidiren salvar de l&#8217;oblit i de la bardissa invasiva, unes edificacions sense datar ni catalogar. ho fan amb gran cura, regalant la seva feina esfor\u00e7ada per honorar els ancestres i per fer saber a tothom que la lluita per viure en indrets pedregosos ha estat desaforada immemorialment. Han recuperat una bell\u00edssima ruta formada per divuit elements de pedra seca i la posen a disposici\u00f3 dels visitants, anant pels voltants del poble de Sant Vicen\u00e7 de Calders i mirant els codis QR del final del llibre.<\/p>\n\n\n\n<p>El Grup Art Poli\u00e8dric la recrea amb diverses disciplines, entre elles la poesia. La poeta del grup coneix i estima, des de la infantesa, aquest art menys divulgat del que es mereix i, com els an\u00f2nims constructors del passat, a partir de la pedra crea, mentre repassa l&#8217;enginy i l&#8217;habilitat per usar-la en el mateix entorn i convida el lector a repassar l&#8217;\u00fas d&#8217;aquesta eina completa en tot temps i arreu.<\/p>\n\n\n\n<p><strong>L&#8217;AUTORA:<\/strong><\/p>\n\n\n\n<p>La Nati Soler \u00e9s for\u00e7a coneguda a la comarca i ha presentat altres obres a la Bisbal del Pened\u00e8s. Segons ella mateixa explica <em>&#8220;escric perqu\u00e8 alg\u00fa o alguna cosa ha dit o fet l&#8217;inesperat i pretenc explicar la meva resposta a la veu i a l&#8217;actitud alienes. Ho faig retratant l&#8217;entorn, el pensament i el desig. D&#8217;aquest plaer en dic poesia, narrativa i teatre. Ha agradat, me l&#8217;han premiat jurats diferents i m&#8217;han publicat llibres. He participat en moltes peces col\u00b7lectives, he treballat amb artistes pl\u00e0stics. Continuo mirant i escoltant i cada dia trobo m\u00e9s motius per seguir dedicant-me a la literatura creativa&#8221;.<\/em><\/p>\n\n\n\n<p>El pr\u00f2leg del llibre ha anat a c\u00e0rrec de Josep Borrut i Casellas, qui ha dedicat la seva traject\u00f2ria professional a la doc\u00e8ncia i a la investigaci\u00f3. \u00c9s autor de diversos llibres i estudis (Basses, pous i c\u00e0ntirs; El mol\u00ed del Sebasti\u00e0, La guerra dels avis; Ja tenim l&#8217;electra!; Les campanes de Sant Vicen\u00e7 de Calders); entre altres). Quant a les imatges de la coberta i l&#8217;interior, aquestes han estat creades per l&#8217;artista Ton Sant, de l&#8217;editorial Stonberg.<\/p>\n\n\n\n<p>Sinopsi i informaci\u00f3 de l&#8217;autora extretes de: <a href=\"https:\/\/www.stonbergeditorial.com\/product-page\/l-%C3%A0nima-de-la-pedra-seca-nati-soler\">https:\/\/www.stonbergeditorial.com\/product-page\/l-%C3%A0nima-de-la-pedra-seca-nati-soler<\/a><\/p>\n\n\n\n<hr class=\"wp-block-separator has-alpha-channel-opacity\"\/>\n\n\n\n<h3><strong>Este viernes 4 de abril se presentar\u00e1 el libro &#8216;L&#8217;\u00e0nima de la pedra seca&#8217; de Nati Soler en el Centre Municipal de Cultura<\/strong><\/h3>\n\n\n\n<p>La escritora baixpenedesenca Nati Soler presentar\u00e1 su libro &#8216;L&#8217;\u00e0nima de la pedra seca&#8217; el pr\u00f3ximo viernes 4 de abril, a las 20h, en el auditorio del Centre Municipal de Cultura. La presentaci\u00f3n contar\u00e1 con la participaci\u00f3n de Ramon Rovira, presidente de la Coordinadora de la pedra seca del Baix Pened\u00e8s; Josep Borrut y Joan Cugat, miembros del Grup de Pedra Seca de Sant Vicen\u00e7 de Calders.<\/p>\n\n\n\n<p><strong>SINOPSIS:<\/strong><\/p>\n\n\n\n<p>Tres hombres, secundados por un grupo animoso, decidieron salvar del olvido y de la maleza invasiva unas edificaciones sin datar ni catalogar. Lo hacen con gran cuidado, regalando su trabajo esforzado para honrar a los ancestros y para hacer saber a todos que la lucha por vivir en lugares pedregosos ha sido desaforada inmemorialmente. Han recuperado una bell\u00edsima ruta formada por dieciocho elementos de piedra seca y la ponen a disposici\u00f3n de los visitantes, recorriendo los alrededores del pueblo de Sant Vicen\u00e7 de Calders y mirando los c\u00f3digos QR al final del libro.<\/p>\n\n\n\n<p>El Grup Art Poli\u00e8dric la recrea con diversas disciplinas, entre ellas la poes\u00eda. La poeta del grupo conoce y ama, desde la infancia, este arte menos divulgado de lo que se merece y, como los an\u00f3nimos constructores del pasado, a partir de la piedra crea, mientras repasa el ingenio y la habilidad para usarla en el mismo entorno e invita al lector a repasar el uso de esta herramienta completa en todo tiempo y lugar.<\/p>\n\n\n\n<p><strong>LA AUTORA:<\/strong><\/p>\n\n\n\n<p>Nati Soler es muy conocida en la comarca y ha presentado otras obras en la Bisbal del Pened\u00e8s. Seg\u00fan ella misma explica: <em>&#8220;Escribo porque alguien o algo ha dicho o hecho lo inesperado y pretendo explicar mi respuesta a la voz y a la actitud ajenas. Lo hago retratando el entorno, el pensamiento y el deseo. De este placer llamo poes\u00eda, narrativa y teatro. Ha gustado, me lo han premiado diferentes jurados y me han publicado libros. He participado en muchas piezas colectivas, he trabajado con artistas pl\u00e1sticos. Sigo mirando y escuchando y cada d\u00eda encuentro m\u00e1s motivos para seguir dedic\u00e1ndome a la literatura creativa&#8221;.<\/em><\/p>\n\n\n\n<p>El pr\u00f3logo del libro ha ido a cargo de Josep Borrut i Casellas, quien ha dedicado su trayectoria profesional a la docencia y a la investigaci\u00f3n. Es autor de varios libros y estudios (Basses, pous i c\u00e0ntirs; El mol\u00ed del Sebasti\u00e0, La guerra dels avis; Ja tenim l&#8217;electra!; Les campanes de Sant Vicen\u00e7 de Calders); entre otros. En cuanto a las im\u00e1genes de la portada y el interior, estas han sido creadas por el artista Ton Sant, de la editorial Stonberg.<\/p>\n\n\n\n<p>Sinopsis e informaci\u00f3n de la autora extra\u00eddas de: <a href=\"https:\/\/www.stonbergeditorial.com\/product-page\/l-%C3%A0nima-de-la-pedra-seca-nati-soler\">https:\/\/www.stonbergeditorial.com\/product-page\/l-%C3%A0nima-de-la-pedra-seca-nati-soler<\/a><\/p>\n","protected":false},"excerpt":{"rendered":"<p>L&#8217;escriptora baixpenedesenca Nati Soler presentar\u00e0 el seu llibre &#8216;L&#8217;\u00e0nima de la pedra seca&#8217; el pr\u00f2xim divendres 4 d&#8217;abril, a les 20h, a l&#8217;auditori del Centre Municipal de Cultura. La presentaci\u00f3 &hellip; <a href=\"https:\/\/bisbalpenedes.com\/web\/2025\/04\/01\/llibre-nati-soler-pedra-seca-abril-2025\/\" class=\"more-link\">Read More<\/a><\/p>\n","protected":false},"author":4,"featured_media":33408,"comment_status":"closed","ping_status":"closed","sticky":false,"template":"","format":"standard","meta":[],"categories":[13,8],"tags":[7036,393,47,5187,1374,7035],"_links":{"self":[{"href":"https:\/\/bisbalpenedes.com\/web\/wp-json\/wp\/v2\/posts\/33407"}],"collection":[{"href":"https:\/\/bisbalpenedes.com\/web\/wp-json\/wp\/v2\/posts"}],"about":[{"href":"https:\/\/bisbalpenedes.com\/web\/wp-json\/wp\/v2\/types\/post"}],"author":[{"embeddable":true,"href":"https:\/\/bisbalpenedes.com\/web\/wp-json\/wp\/v2\/users\/4"}],"replies":[{"embeddable":true,"href":"https:\/\/bisbalpenedes.com\/web\/wp-json\/wp\/v2\/comments?post=33407"}],"version-history":[{"count":2,"href":"https:\/\/bisbalpenedes.com\/web\/wp-json\/wp\/v2\/posts\/33407\/revisions"}],"predecessor-version":[{"id":33421,"href":"https:\/\/bisbalpenedes.com\/web\/wp-json\/wp\/v2\/posts\/33407\/revisions\/33421"}],"wp:featuredmedia":[{"embeddable":true,"href":"https:\/\/bisbalpenedes.com\/web\/wp-json\/wp\/v2\/media\/33408"}],"wp:attachment":[{"href":"https:\/\/bisbalpenedes.com\/web\/wp-json\/wp\/v2\/media?parent=33407"}],"wp:term":[{"taxonomy":"category","embeddable":true,"href":"https:\/\/bisbalpenedes.com\/web\/wp-json\/wp\/v2\/categories?post=33407"},{"taxonomy":"post_tag","embeddable":true,"href":"https:\/\/bisbalpenedes.com\/web\/wp-json\/wp\/v2\/tags?post=33407"}],"curies":[{"name":"wp","href":"https:\/\/api.w.org\/{rel}","templated":true}]}}