{"id":334,"date":"2012-11-30T17:06:30","date_gmt":"2012-11-30T11:06:30","guid":{"rendered":"http:\/\/bisbalpenedes.com\/web\/?p=334"},"modified":"2012-11-30T17:06:55","modified_gmt":"2012-11-30T11:06:55","slug":"canvi-de-sentit-de-circulacio","status":"publish","type":"post","link":"https:\/\/bisbalpenedes.com\/web\/2012\/11\/30\/canvi-de-sentit-de-circulacio\/","title":{"rendered":"Canvi de sentit de circulaci\u00f3"},"content":{"rendered":"<p>Benvolguts bisbalencs, us informem que s&#8217;est\u00e0 fent ordenaci\u00f3 vi\u00e0ria de diversos carrers del nucli, dins d&#8217;unpla de mobilitat necessari per a conseguir una major flexibilitat de la circul.laci\u00f3 rodada.<\/p>\n<p>Les modificacions afecten el canvi de sentit de la circul.laco\u00f3 en diversos carrers.<\/p>\n<p>&nbsp;<\/p>\n<p>A continuaci\u00f3 vegeu el pl\u00e0nol indicatiu de les modificacions, que comen\u00e7aran a regir a partir del proper dia 10 de desembre<\/p>\n<p><a href=\"http:\/\/bisbalpenedes.com\/web\/wp-content\/uploads\/2012\/11\/canvidireccio.jpg\"><img loading=\"lazy\" class=\"aligncenter size-large wp-image-335\" title=\"canvidireccio\" src=\"http:\/\/bisbalpenedes.com\/web\/wp-content\/uploads\/2012\/11\/canvidireccio-1024x646.jpg\" alt=\"\" width=\"630\" height=\"397\" srcset=\"https:\/\/bisbalpenedes.com\/web\/wp-content\/uploads\/2012\/11\/canvidireccio-1024x646.jpg 1024w, https:\/\/bisbalpenedes.com\/web\/wp-content\/uploads\/2012\/11\/canvidireccio-600x379.jpg 600w, https:\/\/bisbalpenedes.com\/web\/wp-content\/uploads\/2012\/11\/canvidireccio-300x189.jpg 300w, https:\/\/bisbalpenedes.com\/web\/wp-content\/uploads\/2012\/11\/canvidireccio.jpg 1370w\" sizes=\"(max-width: 630px) 100vw, 630px\" \/><\/a><\/p>\n","protected":false},"excerpt":{"rendered":"<p>Benvolguts bisbalencs, us informem que s&#8217;est\u00e0 fent ordenaci\u00f3 vi\u00e0ria de diversos carrers del nucli, dins d&#8217;unpla de mobilitat necessari per a conseguir una major flexibilitat de la circul.laci\u00f3 rodada. Les &hellip; <a href=\"https:\/\/bisbalpenedes.com\/web\/2012\/11\/30\/canvi-de-sentit-de-circulacio\/\" class=\"more-link\">Read More<\/a><\/p>\n","protected":false},"author":1,"featured_media":335,"comment_status":"closed","ping_status":"open","sticky":false,"template":"","format":"standard","meta":[],"categories":[8,5],"tags":[],"_links":{"self":[{"href":"https:\/\/bisbalpenedes.com\/web\/wp-json\/wp\/v2\/posts\/334"}],"collection":[{"href":"https:\/\/bisbalpenedes.com\/web\/wp-json\/wp\/v2\/posts"}],"about":[{"href":"https:\/\/bisbalpenedes.com\/web\/wp-json\/wp\/v2\/types\/post"}],"author":[{"embeddable":true,"href":"https:\/\/bisbalpenedes.com\/web\/wp-json\/wp\/v2\/users\/1"}],"replies":[{"embeddable":true,"href":"https:\/\/bisbalpenedes.com\/web\/wp-json\/wp\/v2\/comments?post=334"}],"version-history":[{"count":2,"href":"https:\/\/bisbalpenedes.com\/web\/wp-json\/wp\/v2\/posts\/334\/revisions"}],"predecessor-version":[{"id":337,"href":"https:\/\/bisbalpenedes.com\/web\/wp-json\/wp\/v2\/posts\/334\/revisions\/337"}],"wp:featuredmedia":[{"embeddable":true,"href":"https:\/\/bisbalpenedes.com\/web\/wp-json\/wp\/v2\/media\/335"}],"wp:attachment":[{"href":"https:\/\/bisbalpenedes.com\/web\/wp-json\/wp\/v2\/media?parent=334"}],"wp:term":[{"taxonomy":"category","embeddable":true,"href":"https:\/\/bisbalpenedes.com\/web\/wp-json\/wp\/v2\/categories?post=334"},{"taxonomy":"post_tag","embeddable":true,"href":"https:\/\/bisbalpenedes.com\/web\/wp-json\/wp\/v2\/tags?post=334"}],"curies":[{"name":"wp","href":"https:\/\/api.w.org\/{rel}","templated":true}]}}