{"id":33398,"date":"2025-03-28T13:32:54","date_gmt":"2025-03-28T11:32:54","guid":{"rendered":"https:\/\/bisbalpenedes.com\/web\/?p=33398"},"modified":"2025-03-28T13:32:54","modified_gmt":"2025-03-28T11:32:54","slug":"el-ple-de-la-bisbal-del-penedes-aprova-inicialment-la-modificacio-puntual-de-les-normes-subsidiaries-amb-ordenacio-detallada-de-les-planes-del-vent","status":"publish","type":"post","link":"https:\/\/bisbalpenedes.com\/web\/2025\/03\/28\/el-ple-de-la-bisbal-del-penedes-aprova-inicialment-la-modificacio-puntual-de-les-normes-subsidiaries-amb-ordenacio-detallada-de-les-planes-del-vent\/","title":{"rendered":"<strong>El Ple de la Bisbal del Pened\u00e8s aprova inicialment la modificaci\u00f3 puntual de les Normes Subsidi\u00e0ries amb ordenaci\u00f3 detallada de &#8220;Les Planes del Vent&#8221;<\/strong>"},"content":{"rendered":"\n<p><strong>L&#8217;aprovaci\u00f3 s&#8217;ha fet amb 6 vots a favor i 3 en contra i l&#8217;alcaldessa ha defensat que aquest projecte: <em>&#8220;marcar\u00e0 un pas important en el futur del nostre municipi. Diem s\u00ed al progr\u00e9s i s\u00ed a l&#8217;entorn, al nostre entorn privilegiat&#8221;<\/em><\/strong><\/p>\n\n\n\n<p>El Ple extraordinari del 27 de mar\u00e7 ha aprovat inicialment, per majoria absoluta amb 6 vots a favor (5 vots a favor de Comprom\u00eds amb la Bisbal i 1 vot a favor del PSC) i 3 vots en contra de (2 de La Bisbal Decideix i 1 vot en contra de Tots som la Bisbal-Urbanizaciones Unidas), la modificaci\u00f3 de les Normes subsidi\u00e0ries amb ordenaci\u00f3 detallada de Les Planes del Vent. Aquesta modificaci\u00f3, quan s&#8217;hagi aprovat definitivament, permetr\u00e0 transformar s\u00f2l agr\u00edcola en s\u00f2l agr\u00edcola protegit, s\u00f2l industrial, equipaments i zones verdes. Ara, aquesta modificaci\u00f3 inicial estar\u00e0 a informaci\u00f3 i exposici\u00f3 p\u00fablica durant el termini de quaranta-cinc dies h\u00e0bils.<\/p>\n\n\n\n<p>L&#8217;alcaldessa de la Bisbal del Pened\u00e8s, Agn\u00e8s Ferr\u00e9, ha explicat que <em>&#8220;el 20 de gener de 2024 una empresa privada va presentar una proposta millorada -en comparaci\u00f3 amb les dues propostes presentades anteriorment- que incorporava diverses millores clau. Aquesta versi\u00f3 revisada inclou una zona de protecci\u00f3 agr\u00e0ria de 22 hect\u00e0rees entre el nucli urb\u00e0 i la zona empresarial, un acostament dels espais per a la ciutadania i l&#8217;actualitzaci\u00f3 de les dimensions del projecte&#8221;. <\/em>Segons les dades que l&#8217;equip de govern ha presentat al Ple, la nova proposta t\u00e9 les seg\u00fcents dimensions:<\/p>\n\n\n\n<ul><li>Zona empresarial: 48 hect\u00e0rees<\/li><li>Zona agr\u00e0ria protegida: 20,69 hect\u00e0rees, incloent-hi protecci\u00f3 agr\u00edcola, de l\u00ednies el\u00e8ctriques i torrents<\/li><li>Espais per a la ciutadania i equipaments: 6,4 hect\u00e0rees<\/li><li>Zona de serveis: 3,8 hect\u00e0rees<\/li><\/ul>\n\n\n\n<p>Ferr\u00e9 ha explicat que la proposta \u00e9s viable t\u00e8cnicament perqu\u00e8 <em>&#8220;no superem el 20% que marca la llei. El c\u00e0lcul correcte per saber si superem o no el l\u00edmit del 20% es fa de la seg\u00fcent manera: la superf\u00edcie de s\u00f2l urbanitzable de les Planes del Vent es divideix pel total de s\u00f2l urb\u00e0 consolidat al municipi. Si fem els n\u00fameros, la superf\u00edcie de s\u00f2l urbanitzable \u00e9s de 736.885 m2 i el s\u00f2l urb\u00e0 consolidat \u00e9s de 4.001.655 m2. Si dividim 736.885 per 4.001.655, obtenim un 18,41%, que \u00e9s clarament inferior al 20% establert per la normativa. Per tant, la modificaci\u00f3 \u00e9s totalment viable sense necessitat de revisar el planejament general&#8221;. <\/em>La batllessa bisbalenca tamb\u00e9 ha explicat que <em>&#8220;aquest projecte es concep com una extensi\u00f3, una continuaci\u00f3 de l&#8217;\u00e0rea especialitzada de Les Planes Baixes. Ara cal seguir tramitant-lo amb els informes sectorials que siguin necessaris i l&#8217;aprovaci\u00f3 definitiva dependr\u00e0 de la Generalitat de Catalunya&#8221;.<\/em><\/p>\n\n\n\n<p>El novembre de 2023, una empresa privada va presentar a l&#8217;Ajuntament de la Bisbal del Pened\u00e8s una proposta per a un parc empresarial de 48 hect\u00e0rees. Aquesta proposta era diferent de la de novembre de 2022, ja que segons ha explicat l&#8217;alcaldessa bisbalenca <em>&#8220;tenia menys superf\u00edcie i es trobava m\u00e9s allunyada del nucli urb\u00e0 en comparaci\u00f3 amb la proposta de 2022 que en el seu moment vam desestimar. Aquesta altra proposta de 2023 va ser enviada a la Generalitat per a la seva avaluaci\u00f3 i, despr\u00e9s de rebre els informes pertinents, vam tornar a demanar a l&#8217;empresa promotora que ajust\u00e9s el projecte en funci\u00f3 de les recomanacions rebudes i, posteriorment, el gener de 2024, va arribar la proposta millorada que \u00e9s en la que ara estem treballant i per a la qual hem procedit a fer aquesta modificaci\u00f3 puntual de les Normes Subsidi\u00e0ries&#8221;.<\/em><\/p>\n\n\n\n<p>Tot i el desacord dels grups de l&#8217;oposici\u00f3 (La Bisbal Decideix i Tots som la Bisbal &#8211; Urbanizaciones Unidas), l&#8217;equip de govern ha tirat endavant amb l&#8217;aprovaci\u00f3. Des del grup de La Bisbal Decideix s&#8217;ha demanat que s&#8217;atur\u00e9s la votaci\u00f3 d&#8217;aquest punt si hi votaven l&#8217;alcaldessa Agn\u00e8s Ferr\u00e9 i la regidora Judith Vidal, tot i que les recusacions contra l&#8217;alcaldessa i la regidora s&#8217;hagin desestimat recentment, per ple en el cas de l&#8217;alcaldessa i per decret d&#8217;alcaldia en el cas de la regidora.<\/p>\n\n\n\n<p>Segons sost\u00e9 la batllessa <em>bisbalenca, aquest projecte &#8220;marcar\u00e0 un pas important en el futur del nostre municipi. Diem s\u00ed al progr\u00e9s i s\u00ed a l&#8217;entorn, al nostre entorn privilegiat&#8221;.<\/em> Ferr\u00e9 s&#8217;ha reafirmat en les seves afirmacions anteriors <em>&#8220;com sempre hem dit, des de 2022, si es presenta una proposta que aporti beneficis al municipi, li donarem el nostre suport. Aquest ser\u00e0 l&#8217;\u00faltim parc empresarial del municipi i estem conven\u00e7uts que contribuir\u00e0 al creixement de la nostra comunitat i a la creaci\u00f3 d&#8217;ocupaci\u00f3&#8221;.<\/em><\/p>\n\n\n\n<p>Agn\u00e8s Ferr\u00e9 ha defensat el projecte remarcant els beneficis que consider\u00e0 que aportar\u00e0 a la Bisbal <em>&#8220;estem en converses amb la Conselleria d&#8217;Educaci\u00f3 i Formaci\u00f3 Professional per cedir una part d&#8217;equipaments propers a l&#8217;institut per crear un centre de formaci\u00f3 professional especialitzat en manteniment industrial i log\u00edstica, que s\u00f3n les necessitats m\u00e9s demandades per les empreses de Les Planes i Les Planes Baixes en l&#8217;actualitat. A m\u00e9s, amb els ingressos generats per la urbanitzaci\u00f3 de Les Planes del Vent, tenim la intenci\u00f3 de de construir una segona l\u00ednia a l&#8217;escola perqu\u00e8 tots els alumnes estiguin en un mateix centre; construir un centre de formaci\u00f3 ocupacional per a totes les edats i crear equipaments i refugis clim\u00e0tics, fruit del proc\u00e9s participatiu amb la ciutadania&#8221;.<\/em><\/p>\n\n\n\n<p>Ferr\u00e9 ha insistit en el fet que el projecte <em>&#8220;m\u00e9s enll\u00e0 de l&#8217;urbanisme, t\u00e9 un impacte directe en la qualitat de vida de les persones, en l&#8217;economia local i en el futur de les noves generacions. Volem seguir treballant perqu\u00e8 el nostre municipi creixi de manera sostenible i cohesionada i aquest projecte \u00e9s una part important d&#8217;aquest futur&#8221;.<\/em><\/p>\n\n\n\n<p>Cal precisar que el regidor Ra\u00fal Cort\u00e9s (Tots som la Bisbal &#8211; Urbanizaciones Unidas) no ha pogut assistir al Ple (justificant la seva abs\u00e8ncia) i, a m\u00e9s, en aquest Ple no s&#8217;ha comptat amb cap regidor del grup municipal d&#8217;ERC-AM. Aix\u00f2 es deu a que en el darrer Ple ordinari es va donar compte de la ren\u00fancia al c\u00e0rrec i a l&#8217;acta de regidora de la Sra. S\u00edlvia Monfort Costa, la cap de llista de l&#8217;esmentat grup municipal en les darreres eleccions municipals. Ara caldr\u00e0 esperar l&#8217;arribada de l&#8217;acta de regidor i la presa de possessi\u00f3 del nou regidor del grup que, per ordre descendent de la llista de les passades eleccions municipals, li correspondria a Xavier Faura Burgos (n\u00famero 2 de la llista), qui ja havia estat regidor de la Corporaci\u00f3 amb el grup Units per la Bisbal &#8211; FIC entre el 2019 i el 2023.<\/p>\n\n\n\n<hr class=\"wp-block-separator has-alpha-channel-opacity\"\/>\n\n\n\n<h2><strong>El Pleno de la Bisbal del Pened\u00e8s aprueba inicialmente la modificaci\u00f3n puntual de las Normas Subsidiarias con ordenaci\u00f3n detallada de &#8220;Les Planes del Vent&#8221;.<\/strong><\/h2>\n\n\n\n<p><strong>La aprobaci\u00f3n se ha hecho con 6 votos a favor y 3 en contra y la alcaldesa ha defendido que este proyecto: &#8220;<em>marcar\u00e1 un paso importante en el futuro de nuestro municipio. Decimos s\u00ed al progreso y s\u00ed al entorno, a nuestro entorno privilegiado&#8221;.<\/em><\/strong><\/p>\n\n\n\n<p>El Pleno extraordinario del 27 de marzo ha aprobado inicialmente, por mayor\u00eda absoluta con 6 votos a favor (5 votos a favor de Comprom\u00eds amb la Bisbal y 1 voto a favor del PSC) y 3 votos en contra de (2 de La Bisbal Decideix y 1 voto en contra de Tots som la Bisbal-Urbanizaciones Unidas), la modificaci\u00f3n de las Normas subsidiarias con ordenaci\u00f3n detallada de Les Planes del Vent. Esta modificaci\u00f3n, cuando se haya aprobado definitivamente, permitir\u00e1 transformar suelo agr\u00edcola en suelo agr\u00edcola protegido, suelo industrial, equipamientos y zonas verdes. Ahora, esta modificaci\u00f3n inicial estar\u00e1 a informaci\u00f3n y exposici\u00f3n p\u00fablica durante el plazo de cuarenta y cinco d\u00edas h\u00e1biles.<\/p>\n\n\n\n<p>La alcaldesa de la Bisbal del Pened\u00e8s, Agn\u00e8s Ferr\u00e9, ha explicado que <em>&#8220;el 20 de enero de 2024 una empresa privada present\u00f3 una propuesta mejorada -en comparaci\u00f3n con las dos propuestas presentadas anteriormente- que incorporaba diversas mejoras clave. Esta versi\u00f3n revisada incluye una zona de protecci\u00f3n agraria de 22 hect\u00e1reas entre el n\u00facleo urbano y la zona empresarial, un acercamiento de los espacios para la ciudadan\u00eda y la actualizaci\u00f3n de las dimensiones del proyecto&#8221;<\/em>. Seg\u00fan los datos que el equipo de gobierno ha presentado al Pleno, la nueva propuesta tiene las siguientes dimensiones:<\/p>\n\n\n\n<ul><li>Zona empresarial: 48 hect\u00e1reas<\/li><li>Zona agraria protegida: 20,69 hect\u00e1reas, incluyendo protecci\u00f3n agr\u00edcola, de l\u00edneas el\u00e9ctricas y torrentes<\/li><li>Espacios para la ciudadan\u00eda y equipamientos: 6,4 hect\u00e1reas<\/li><li>Zona de servicios: 3,8 hect\u00e1reas<\/li><\/ul>\n\n\n\n<p>Ferr\u00e9 ha explicado que la propuesta es viable t\u00e9cnicamente porque <em>&#8220;no superamos el 20% que marca la ley. El c\u00e1lculo correcto para saber si superamos o no el l\u00edmite del 20% se hace de la siguiente manera: la superficie de suelo urbanizable de las Planes del Vent se divide por el total de suelo urbano consolidado en el municipio. Si hacemos los n\u00fameros, la superficie de suelo urbanizable es de 736.885 m2 y el suelo urbano consolidado es de 4.001.655 m2. Si dividimos 736.885 por 4.001.655, obtenemos un 18,41%, que es claramente inferior al 20% establecido por la normativa. Por lo tanto, la modificaci\u00f3n es totalmente viable sin necesidad de revisar el planeamiento general&#8221;. La alcaldesa bisbalenca tambi\u00e9n ha explicado que &#8220;este proyecto se concibe como una extensi\u00f3n, una continuaci\u00f3n del \u00e1rea especializada de Les Planes Baixes. Ahora hay que seguir tramit\u00e1ndolo con los informes sectoriales que sean necesarios y la aprobaci\u00f3n definitiva depender\u00e1 de la Generalitat de Catalunya&#8221;.<\/em><\/p>\n\n\n\n<p>En noviembre de 2023, una empresa privada present\u00f3 al Ajuntament de la Bisbal del Pened\u00e8s una propuesta para un parque empresarial de 48 hect\u00e1reas. Esta propuesta era diferente de la de noviembre de 2022, ya que seg\u00fan ha explicado la alcaldesa bisbalenca <em>&#8220;ten\u00eda menos superficie y se encontraba m\u00e1s alejada del n\u00facleo urbano en comparaci\u00f3n con la propuesta de 2022 que en su momento desestimamos. Esta otra propuesta de 2023 fue enviada a la Generalitat para su evaluaci\u00f3n y, despu\u00e9s de recibir los informes pertinentes, volvimos a pedir a la empresa promotora que ajustara el proyecto en funci\u00f3n de las recomendaciones recibidas y, posteriormente, en enero de 2024, lleg\u00f3 la propuesta mejorada que es en la que ahora estamos trabajando y para la cual hemos procedido a hacer esta modificaci\u00f3n puntual de las Normas Subsidiarias&#8221;.<\/em><\/p>\n\n\n\n<p>A pesar del desacuerdo de los grupos de la oposici\u00f3n (La Bisbal Decideix y Tots som la Bisbal &#8211; Urbanizaciones Unidas), el equipo de gobierno ha seguido adelante con la aprobaci\u00f3n. Desde el grupo de La Bisbal Decideix se ha pedido que se detuviera la votaci\u00f3n de este punto si votaban la alcaldesa Agn\u00e8s Ferr\u00e9 y la concejala Judith Vidal, aunque las recusaciones contra la alcaldesa y la concejala se hayan desestimado recientemente, por pleno en el caso de la alcaldesa y por decreto de alcald\u00eda en el caso de la concejala.<\/p>\n\n\n\n<p>Seg\u00fan sostiene la alcaldesa bisbalenca, este proyecto <em>&#8220;marcar\u00e1 un paso importante en el futuro de nuestro municipio. Decimos s\u00ed al progreso y s\u00ed al entorno, a nuestro entorno privilegiado&#8221;. <\/em>Ferr\u00e9 se ha reafirmado en sus afirmaciones anteriores<em> &#8220;como siempre hemos dicho, desde 2022, si se presenta una propuesta que aporte beneficios al municipio, le daremos nuestro apoyo. Este ser\u00e1 el \u00faltimo parque empresarial del municipio y estamos convencidos de que contribuir\u00e1 al crecimiento de nuestra comunidad y a la creaci\u00f3n de empleo&#8221;.<\/em><\/p>\n\n\n\n<p>Agn\u00e8s Ferr\u00e9 ha defendido el proyecto remarcando los beneficios que considera que aportar\u00e1 a la Bisbal <em>&#8220;estamos en conversaciones con la Conselleria de Educaci\u00f3 y Formaci\u00f3 Professional para ceder una parte de equipamientos cercanos al instituto para crear un centro de formaci\u00f3n profesional especializado en mantenimiento industrial y log\u00edstica, que son las necesidades m\u00e1s demandadas por las empresas de Les Planes y Les Planes Baixes en la actualidad. Adem\u00e1s, con los ingresos generados por la urbanizaci\u00f3n de Les Planes del Vent, tenemos la intenci\u00f3n de construir una segunda l\u00ednea en la escuela para que todos los alumnos est\u00e9n en un mismo centro; construir un centro de formaci\u00f3n ocupacional para todas las edades y crear equipamientos y refugios clim\u00e1ticos, fruto del proceso participativo con la ciudadan\u00eda&#8221;.<\/em><\/p>\n\n\n\n<p>Ferr\u00e9 ha insistido en el hecho de que el proyecto <em>&#8220;m\u00e1s all\u00e1 del urbanismo, tiene un impacto directo en la calidad de vida de las personas, en la econom\u00eda local y en el futuro de las nuevas generaciones. Queremos seguir trabajando para que nuestro municipio crezca de manera sostenible y cohesionada y este proyecto es una parte importante de ese futuro&#8221;.<\/em><\/p>\n\n\n\n<p>Cabe precisar que el concejal Ra\u00fal Cort\u00e9s (Tots som la Bisbal &#8211; Urbanizaciones Unidas) no ha podido asistir al Pleno (justificando su ausencia) y, adem\u00e1s, en este Pleno no se ha contado con ning\u00fan concejal del grupo municipal de ERC-AM. Esto se debe a que en el \u00faltimo Pleno ordinario se dio cuenta de la renuncia al cargo y al acta de concejala de la Sra. S\u00edlvia Monfort Costa, la cabeza de lista de dicho grupo municipal en las \u00faltimas elecciones municipales. Ahora habr\u00e1 que esperar la llegada del acta de concejal y la toma de posesi\u00f3n del nuevo concejal del grupo que, por orden descendente de la lista de las pasadas elecciones municipales, le corresponder\u00eda a Xavier Faura Burgos (n\u00famero 2 de la lista), quien ya hab\u00eda sido concejal de la Corporaci\u00f3n con el grupo Units per la Bisbal &#8211; FIC entre 2019 y 2023.<\/p>\n","protected":false},"excerpt":{"rendered":"<p>L&#8217;aprovaci\u00f3 s&#8217;ha fet amb 6 vots a favor i 3 en contra i l&#8217;alcaldessa ha defensat que aquest projecte: &#8220;marcar\u00e0 un pas important en el futur del nostre municipi. Diem &hellip; <a href=\"https:\/\/bisbalpenedes.com\/web\/2025\/03\/28\/el-ple-de-la-bisbal-del-penedes-aprova-inicialment-la-modificacio-puntual-de-les-normes-subsidiaries-amb-ordenacio-detallada-de-les-planes-del-vent\/\" class=\"more-link\">Read More<\/a><\/p>\n","protected":false},"author":4,"featured_media":33399,"comment_status":"closed","ping_status":"closed","sticky":false,"template":"","format":"standard","meta":[],"categories":[8,2250],"tags":[685,459,393,6311],"_links":{"self":[{"href":"https:\/\/bisbalpenedes.com\/web\/wp-json\/wp\/v2\/posts\/33398"}],"collection":[{"href":"https:\/\/bisbalpenedes.com\/web\/wp-json\/wp\/v2\/posts"}],"about":[{"href":"https:\/\/bisbalpenedes.com\/web\/wp-json\/wp\/v2\/types\/post"}],"author":[{"embeddable":true,"href":"https:\/\/bisbalpenedes.com\/web\/wp-json\/wp\/v2\/users\/4"}],"replies":[{"embeddable":true,"href":"https:\/\/bisbalpenedes.com\/web\/wp-json\/wp\/v2\/comments?post=33398"}],"version-history":[{"count":1,"href":"https:\/\/bisbalpenedes.com\/web\/wp-json\/wp\/v2\/posts\/33398\/revisions"}],"predecessor-version":[{"id":33400,"href":"https:\/\/bisbalpenedes.com\/web\/wp-json\/wp\/v2\/posts\/33398\/revisions\/33400"}],"wp:featuredmedia":[{"embeddable":true,"href":"https:\/\/bisbalpenedes.com\/web\/wp-json\/wp\/v2\/media\/33399"}],"wp:attachment":[{"href":"https:\/\/bisbalpenedes.com\/web\/wp-json\/wp\/v2\/media?parent=33398"}],"wp:term":[{"taxonomy":"category","embeddable":true,"href":"https:\/\/bisbalpenedes.com\/web\/wp-json\/wp\/v2\/categories?post=33398"},{"taxonomy":"post_tag","embeddable":true,"href":"https:\/\/bisbalpenedes.com\/web\/wp-json\/wp\/v2\/tags?post=33398"}],"curies":[{"name":"wp","href":"https:\/\/api.w.org\/{rel}","templated":true}]}}