{"id":33393,"date":"2025-03-28T13:16:39","date_gmt":"2025-03-28T11:16:39","guid":{"rendered":"https:\/\/bisbalpenedes.com\/web\/?p=33393"},"modified":"2025-03-28T13:16:39","modified_gmt":"2025-03-28T11:16:39","slug":"el-ple-aprova-donar-suport-al-projecte-dimplantacio-del-vehicle-autonom-i-connectat-civac-a-la-comarca-del-baix-penedes","status":"publish","type":"post","link":"https:\/\/bisbalpenedes.com\/web\/2025\/03\/28\/el-ple-aprova-donar-suport-al-projecte-dimplantacio-del-vehicle-autonom-i-connectat-civac-a-la-comarca-del-baix-penedes\/","title":{"rendered":"<strong>El Ple aprova donar suport al projecte d&#8217;implantaci\u00f3 del Vehicle Aut\u00f2nom i Connectat (CIVAC) a la comarca del Baix Pened\u00e8s<\/strong>"},"content":{"rendered":"\n<p>El Ple extraordinari del 27 de mar\u00e7 ha aprovat per majoria absoluta, &nbsp;donar suport al projecte d&#8217;implantaci\u00f3 del vehicle aut\u00f2nom i connectat (CIVAC) al Baix Pened\u00e8s. El punt s&#8217;ha aprovat per majoria absoluta amb els vots a favor de Comprom\u00eds amb la Bisbal (5) i el PSC (1) i les abstencions de La Bisbal Decideix (2) i Tots som la Bisbal &#8211; Urbanizaciones Unidas (1).<\/p>\n\n\n\n<p>L&#8217;empresa Applus+ IDIADA t\u00e9 la seva seu m\u00e9s important a la comarca del Baix Pened\u00e8s i \u00e9s un referent d&#8217;excel\u00b7l\u00e8ncia empresarial, innovaci\u00f3 i desenvolupament tecnol\u00f2gic del seu sector que contribueix al creixement econ\u00f2mic i a la generaci\u00f3 d&#8217;ocupaci\u00f3 a tota la comarca. Per aquest motiu, l&#8217;expansi\u00f3 d&#8217;IDIADA amb el projecte CIVAC podria ser una oportunitat estrat\u00e8gica.<\/p>\n\n\n\n<p>El projecte CIVAC d&#8217;Implantaci\u00f3 del Vehicle Aut\u00f2nom i Connectat (CIVAC) a la comarca del Baix Pened\u00e8s permetria la creaci\u00f3 d&#8217;un centre capdavanter en investigaci\u00f3 i proves del vehicle aut\u00f2nom i connectat, fent que el Baix Pened\u00e8s esdevingui un pol d&#8217;innovaci\u00f3 tecnol\u00f2gica i desenvolupament industrial vinculat a l&#8217;automoci\u00f3 del futur. Actualment, el complex d&#8217;IDIADA ja ha assolit el l\u00edmit de la seva capacitat en els municipis de Santa Oliva, Banyeres del Pened\u00e8s, Albinyana i la Bisbal del Pened\u00e8s, fet que fa imprescindible una ampliaci\u00f3 de m\u00e9s de 150 hect\u00e0rees per poder seguir creixent. La zona m\u00e9s propera, que seria la de Les Planes del Vent, no li resulta \u00f2ptima al projecte, ja que \u00e9s la meitat de l&#8217;espai que l&#8217;empresa necessitaria. Des d&#8217;IDIADA, veuen interessant implantar el CIVAC a les m\u00e9s de 150 hect\u00e0rees d&#8217;on estava prevista una gran plataforma log\u00edstica (Logis Pened\u00e8s), entre els municipis de l&#8217;Arbo\u00e7, Banyeres del Pened\u00e8s, Castellet i la Gornal i Sant Jaume dels Domenys.<\/p>\n\n\n\n<p>Segons ha explicat l&#8217;alcaldessa Agn\u00e8s Ferr\u00e9, &#8220;<em>la Generalitat de Catalunya contempla aquestes dues expansions (la de Les Planes del Vent i aquesta darrera) en l&#8217;avantprojecte del Pla Territorial del Pened\u00e8s. Per aquest motiu, l&#8217;Assemblea General de la Mancomunitat de l&#8217;Albornar, celebrada el passat 13 de mar\u00e7, va prendre l&#8217;acord de manifestar suport a la implantaci\u00f3 del Centre d&#8217;Innovaci\u00f3 del Vehicle Aut\u00f2nom i Connectat (CIVAC) a la nostra comarca a les 177 hect\u00e0rees situades entre l&#8217;Arbo\u00e7, Banyeres del Pened\u00e8s, Castellet i la Gornal i Sant Jaume dels Domenys. En el marc d&#8217;aquest acord, es va adquirir el comprom\u00eds que, els quatre municipis que formen part de la Mancomunitat (Santa Oliva, Banyeres, Albinyana i la Bisbal del Pened\u00e8s) aprovar\u00edem donar suport al projecte durant els Plens celebrats durant els mesos de mar\u00e7 o abril&#8221;.<\/em><\/p>\n\n\n\n<p>Cal precisar que el regidor Ra\u00fal Cort\u00e9s (Tots som la Bisbal &#8211; Urbanizaciones Unidas) no ha pogut assistir al Ple (justificant la seva abs\u00e8ncia) i, a m\u00e9s, en aquest Ple no s&#8217;ha comptat amb cap regidor del grup municipal d&#8217;ERC-AM. Aix\u00f2 es deu a que en el darrer Ple ordinari es va donar compte de la ren\u00fancia al c\u00e0rrec i a l&#8217;acta de regidora de la Sra. S\u00edlvia Monfort Costa, la cap de llista de l&#8217;esmentat grup municipal en les darreres eleccions municipals. Ara caldr\u00e0 esperar l&#8217;arribada de l&#8217;acta de regidor i la presa de possessi\u00f3 del nou regidor del grup que, per ordre descendent de la llista de les passades eleccions municipals, li correspondria a Xavier Faura Burgos (n\u00famero 2 de la llista), qui ja havia estat regidor de la Corporaci\u00f3 amb el grup Units per la Bisbal &#8211; FIC entre el 2019 i el 2023.<\/p>\n\n\n\n<hr class=\"wp-block-separator has-alpha-channel-opacity\"\/>\n\n\n\n<h2><strong>El Pleno aprueba apoyar el proyecto de implantaci\u00f3n del Veh\u00edculo Aut\u00f3nomo y Conectado (CIVAC) en la comarca del Baix Pened\u00e8s<\/strong><\/h2>\n\n\n\n<p>El Pleno extraordinario del 27 de marzo ha aprobado por mayor\u00eda absoluta, apoyar el proyecto de implantaci\u00f3n del veh\u00edculo aut\u00f3nomo y conectado (CIVAC) en el Baix Pened\u00e8s. El punto se ha aprobado por mayor\u00eda absoluta con los votos a favor de Comprom\u00eds amb la Bisbal (5) y el PSC (1) y las abstenciones de La Bisbal Decideix (2) y Tots som la Bisbal &#8211; Urbanizaciones Unidas (1).<\/p>\n\n\n\n<p>La empresa Applus+ IDIADA tiene su sede m\u00e1s importante en la comarca del Baix Pened\u00e8s y es un referente de excelencia empresarial, innovaci\u00f3n y desarrollo tecnol\u00f3gico de su sector que contribuye al crecimiento econ\u00f3mico y a la generaci\u00f3n de empleo en toda la comarca. Por este motivo, la expansi\u00f3n de IDIADA con el proyecto CIVAC podr\u00eda ser una oportunidad estrat\u00e9gica.<\/p>\n\n\n\n<p>El proyecto CIVAC de Implantaci\u00f3n del Veh\u00edculo Aut\u00f3nomo y Conectado (CIVAC) en la comarca del Baix Pened\u00e8s permitir\u00eda la creaci\u00f3n de un centro l\u00edder en investigaci\u00f3n y pruebas del veh\u00edculo aut\u00f3nomo y conectado, haciendo que el Baix Pened\u00e8s se convierta en un polo de innovaci\u00f3n tecnol\u00f3gica y desarrollo industrial vinculado a la automoci\u00f3n del futuro. Actualmente, el complejo de IDIADA ya ha alcanzado el l\u00edmite de su capacidad en los municipios de Santa Oliva, Banyeres del Pened\u00e8s, Albinyana y la Bisbal del Pened\u00e8s, lo que hace imprescindible una ampliaci\u00f3n de m\u00e1s de 150 hect\u00e1reas para poder seguir creciendo. La zona m\u00e1s cercana, que ser\u00eda la de Les Planes del Vent, no resulta \u00f3ptima para el proyecto, ya que es la mitad del espacio que la empresa necesitar\u00eda. Desde IDIADA, ven interesante implantar el CIVAC en las m\u00e1s de 150 hect\u00e1reas donde estaba prevista una gran plataforma log\u00edstica (Logis Pened\u00e8s), entre los municipios de l&#8217;Arbo\u00e7, Banyeres del Pened\u00e8s, Castellet i la Gornal y Sant Jaume dels Domenys.<\/p>\n\n\n\n<p>Seg\u00fan ha explicado la alcaldesa Agn\u00e8s Ferr\u00e9, <em>&#8220;la Generalitat de Catalunya contempla estas dos expansiones (la de Les Planes del Vent y esta \u00faltima) en el anteproyecto del Plan Territorial del Pened\u00e8s. Por este motivo, la Asamblea General de la Mancomunidad de l&#8217;Albornar, celebrada el pasado 13 de marzo, tom\u00f3 el acuerdo de manifestar apoyo a la implantaci\u00f3n del Centro de Innovaci\u00f3n del Veh\u00edculo Aut\u00f3nomo y Conectado (CIVAC) en nuestra comarca en las 177 hect\u00e1reas situadas entre l&#8217;Arbo\u00e7, Banyeres del Pened\u00e8s, Castellet i la Gornal y Sant Jaume dels Domenys. En el marco de este acuerdo, se adquiri\u00f3 el compromiso de que, los cuatro municipios que forman parte de la Mancomunidad (Santa Oliva, Banyeres, Albinyana y la Bisbal del Pened\u00e8s) aprobar\u00edamos apoyar el proyecto durante los Plenos celebrados durante los meses de marzo o abril&#8221;.<\/em><\/p>\n\n\n\n<p>Cabe precisar que el concejal Ra\u00fal Cort\u00e9s (Tots som la Bisbal &#8211; Urbanizaciones Unidas) no ha podido asistir al Pleno (justificando su ausencia) y, adem\u00e1s, en este Pleno no se ha contado con ning\u00fan concejal del grupo municipal de ERC-AM. Esto se debe a que en el \u00faltimo Pleno ordinario se dio cuenta de la renuncia al cargo y al acta de concejala de la Sra. S\u00edlvia Monfort Costa, la cabeza de lista del mencionado grupo municipal en las \u00faltimas elecciones municipales. Ahora habr\u00e1 que esperar la llegada del acta de concejal y la toma de posesi\u00f3n del nuevo concejal del grupo que, por orden descendente de la lista de las pasadas elecciones municipales, le corresponder\u00eda a Xavier Faura Burgos (n\u00famero 2 de la lista), quien ya hab\u00eda sido concejal de la Corporaci\u00f3n con el grupo Units per la Bisbal &#8211; FIC entre el 2019 y el 2023.<\/p>\n","protected":false},"excerpt":{"rendered":"<p>El Ple extraordinari del 27 de mar\u00e7 ha aprovat per majoria absoluta, &nbsp;donar suport al projecte d&#8217;implantaci\u00f3 del vehicle aut\u00f2nom i connectat (CIVAC) al Baix Pened\u00e8s. El punt s&#8217;ha aprovat &hellip; <a href=\"https:\/\/bisbalpenedes.com\/web\/2025\/03\/28\/el-ple-aprova-donar-suport-al-projecte-dimplantacio-del-vehicle-autonom-i-connectat-civac-a-la-comarca-del-baix-penedes\/\" class=\"more-link\">Read More<\/a><\/p>\n","protected":false},"author":4,"featured_media":33394,"comment_status":"closed","ping_status":"closed","sticky":false,"template":"","format":"standard","meta":[],"categories":[8,2250],"tags":[7032,459,7024,423],"_links":{"self":[{"href":"https:\/\/bisbalpenedes.com\/web\/wp-json\/wp\/v2\/posts\/33393"}],"collection":[{"href":"https:\/\/bisbalpenedes.com\/web\/wp-json\/wp\/v2\/posts"}],"about":[{"href":"https:\/\/bisbalpenedes.com\/web\/wp-json\/wp\/v2\/types\/post"}],"author":[{"embeddable":true,"href":"https:\/\/bisbalpenedes.com\/web\/wp-json\/wp\/v2\/users\/4"}],"replies":[{"embeddable":true,"href":"https:\/\/bisbalpenedes.com\/web\/wp-json\/wp\/v2\/comments?post=33393"}],"version-history":[{"count":1,"href":"https:\/\/bisbalpenedes.com\/web\/wp-json\/wp\/v2\/posts\/33393\/revisions"}],"predecessor-version":[{"id":33395,"href":"https:\/\/bisbalpenedes.com\/web\/wp-json\/wp\/v2\/posts\/33393\/revisions\/33395"}],"wp:featuredmedia":[{"embeddable":true,"href":"https:\/\/bisbalpenedes.com\/web\/wp-json\/wp\/v2\/media\/33394"}],"wp:attachment":[{"href":"https:\/\/bisbalpenedes.com\/web\/wp-json\/wp\/v2\/media?parent=33393"}],"wp:term":[{"taxonomy":"category","embeddable":true,"href":"https:\/\/bisbalpenedes.com\/web\/wp-json\/wp\/v2\/categories?post=33393"},{"taxonomy":"post_tag","embeddable":true,"href":"https:\/\/bisbalpenedes.com\/web\/wp-json\/wp\/v2\/tags?post=33393"}],"curies":[{"name":"wp","href":"https:\/\/api.w.org\/{rel}","templated":true}]}}