{"id":33378,"date":"2025-03-27T09:45:40","date_gmt":"2025-03-27T07:45:40","guid":{"rendered":"https:\/\/bisbalpenedes.com\/web\/?p=33378"},"modified":"2025-03-27T09:45:40","modified_gmt":"2025-03-27T07:45:40","slug":"lhotel-dentitats-ha-acollit-el-primer-dels-4-tallers-ocupacionals-gratuits-del-programa-treball-a-comarques-previstos-a-la-bisbal","status":"publish","type":"post","link":"https:\/\/bisbalpenedes.com\/web\/2025\/03\/27\/lhotel-dentitats-ha-acollit-el-primer-dels-4-tallers-ocupacionals-gratuits-del-programa-treball-a-comarques-previstos-a-la-bisbal\/","title":{"rendered":"L&#8217;Hotel d&#8217;entitats ha acollit el primer dels 4 tallers ocupacionals gratu\u00efts del programa &#8220;Treball a comarques&#8221; previstos a la Bisbal"},"content":{"rendered":"\n<p>El passat divendres 21 de mar\u00e7, al mat\u00ed, l&#8217;Hotel d&#8217;entitats va acollir el primer dels 4 tallers ocupacionals gratu\u00efts previstos a la Bisbal del Pened\u00e8s en el marc del programa Treball a comarques. Aquest taller, dedicat a les aplicacions per a la recerca de feina, es va fer de 10h a 12h i la presentaci\u00f3 va comptar amb la pres\u00e8ncia de l\u2019alcaldessa Agn\u00e8s Ferr\u00e9 i la t\u00e8cnica d&#8217;Ocupaci\u00f3 i Joventut, Arantzazu Longares.<\/p>\n\n\n\n<p>Els pr\u00f2xims tallers previstos s\u00f3n els seg\u00fcents:<\/p>\n\n\n\n<ul><li>16 de maig: Prepara&#8217;t per a l&#8217;entrevista de feina<\/li><li>30 de maig: Coneixement de l&#8217;entorn productiu i del territori<\/li><li>19 de setembre: Preparaci\u00f3 del Job Dating (taller pensat per preparar entrevistes en l&#8217;\u00e0mbit de la log\u00edstica que es faran el 22 de setembre al Tabaris de Coma-ruga)<\/li><\/ul>\n\n\n\n<p>Per a m\u00e9s informaci\u00f3, adreceu-vos al SOM Bisbal<br>Whatsapp: 621 277 075<br><a href=\"https:\/\/bisbalpenedes.com\/web\/formacio\/\">https:\/\/bisbalpenedes.com\/web\/formacio\/<\/a><\/p>\n\n\n\n<hr class=\"wp-block-separator has-alpha-channel-opacity\"\/>\n\n\n\n<p><strong>CASTELLANO |\u00a0<\/strong>El pasado viernes 21 de marzo, por la ma\u00f1ana, el Hotel d&#8217;entitats acogi\u00f3 el primero de los 4 talleres ocupacionales gratuitos previstos en la Bisbal del Pened\u00e8s en el marco del programa Treball a comarques. Este taller, dedicado a las aplicaciones para la b\u00fasqueda de empleo, se hizo de 10h a 12h, y la presentaci\u00f3n cont\u00f3 con la presencia de la alcaldesa Agn\u00e8s Ferr\u00e9 y la t\u00e9cnica de Ocupaci\u00f3n y Juventud, Arantzazu Longares.<\/p>\n\n\n\n<p>Los pr\u00f3ximos talleres previstos son los siguientes:<\/p>\n\n\n\n<ul><li>16 de mayo: Prep\u00e1rate para la entrevista de trabajo<\/li><li>30 de mayo: Conocimiento del entorno productivo y del territorio<\/li><li>19 de septiembre: Preparaci\u00f3n del Job Dating (taller pensado para preparar entrevistas en el \u00e1mbito de la log\u00edstica que se har\u00e1n el 22 de septiembre en el Tabaris de Coma-ruga).<\/li><\/ul>\n\n\n\n<p>Para m\u00e1s informaci\u00f3n, dirig\u00edos al SOM Bisbal<br>Whatsapp: 621 277 075<br><a href=\"https:\/\/bisbalpenedes.com\/web\/formacio\/\">https:\/\/bisbalpenedes.com\/web\/formacio\/<\/a><\/p>\n\n\n\n<p><\/p>\n","protected":false},"excerpt":{"rendered":"<p>El passat divendres 21 de mar\u00e7, al mat\u00ed, l&#8217;Hotel d&#8217;entitats va acollir el primer dels 4 tallers ocupacionals gratu\u00efts previstos a la Bisbal del Pened\u00e8s en el marc del programa &hellip; <a href=\"https:\/\/bisbalpenedes.com\/web\/2025\/03\/27\/lhotel-dentitats-ha-acollit-el-primer-dels-4-tallers-ocupacionals-gratuits-del-programa-treball-a-comarques-previstos-a-la-bisbal\/\" class=\"more-link\">Read More<\/a><\/p>\n","protected":false},"author":4,"featured_media":33379,"comment_status":"closed","ping_status":"closed","sticky":false,"template":"","format":"standard","meta":[],"categories":[6509,8,9],"tags":[41,393,271,6999,6504],"_links":{"self":[{"href":"https:\/\/bisbalpenedes.com\/web\/wp-json\/wp\/v2\/posts\/33378"}],"collection":[{"href":"https:\/\/bisbalpenedes.com\/web\/wp-json\/wp\/v2\/posts"}],"about":[{"href":"https:\/\/bisbalpenedes.com\/web\/wp-json\/wp\/v2\/types\/post"}],"author":[{"embeddable":true,"href":"https:\/\/bisbalpenedes.com\/web\/wp-json\/wp\/v2\/users\/4"}],"replies":[{"embeddable":true,"href":"https:\/\/bisbalpenedes.com\/web\/wp-json\/wp\/v2\/comments?post=33378"}],"version-history":[{"count":1,"href":"https:\/\/bisbalpenedes.com\/web\/wp-json\/wp\/v2\/posts\/33378\/revisions"}],"predecessor-version":[{"id":33380,"href":"https:\/\/bisbalpenedes.com\/web\/wp-json\/wp\/v2\/posts\/33378\/revisions\/33380"}],"wp:featuredmedia":[{"embeddable":true,"href":"https:\/\/bisbalpenedes.com\/web\/wp-json\/wp\/v2\/media\/33379"}],"wp:attachment":[{"href":"https:\/\/bisbalpenedes.com\/web\/wp-json\/wp\/v2\/media?parent=33378"}],"wp:term":[{"taxonomy":"category","embeddable":true,"href":"https:\/\/bisbalpenedes.com\/web\/wp-json\/wp\/v2\/categories?post=33378"},{"taxonomy":"post_tag","embeddable":true,"href":"https:\/\/bisbalpenedes.com\/web\/wp-json\/wp\/v2\/tags?post=33378"}],"curies":[{"name":"wp","href":"https:\/\/api.w.org\/{rel}","templated":true}]}}