{"id":33373,"date":"2025-03-26T14:09:28","date_gmt":"2025-03-26T12:09:28","guid":{"rendered":"https:\/\/bisbalpenedes.com\/web\/?p=33373"},"modified":"2025-03-26T14:17:50","modified_gmt":"2025-03-26T12:17:50","slug":"el47-ciclegaudi-marc-2025","status":"publish","type":"post","link":"https:\/\/bisbalpenedes.com\/web\/2025\/03\/26\/el47-ciclegaudi-marc-2025\/","title":{"rendered":"El diumenge de 30 de mar\u00e7 a les 18h podreu veure la multipremiada pel\u00b7l\u00edcula \u2018El 47\u2019 al CMC"},"content":{"rendered":"\n<p>El diumenge&nbsp;<strong>30 de mar\u00e7, a les 18h<\/strong>, podreu veure la pel\u00b7l\u00edcula&nbsp;<strong>\u201c<\/strong><strong>El 47<\/strong><strong>\u201d<\/strong>&nbsp;a l\u2019auditori del&nbsp;<strong>CMC<\/strong>, en el marc del&nbsp;<strong>Cicle Gaud\u00ed<\/strong>&nbsp;de cinema catal\u00e0.<\/p>\n\n\n\n<p>Aquesta \u00e9s la pel\u00b7l\u00edcula en catal\u00e0 m\u00e9s vista dels darrers 40 anys. Va rebre 8 premis gaudir a Millor pel\u00b7l\u00edcula, millor protagonista mascul\u00ed, millor actriu secund\u00e0ria, millor direcci\u00f3 de producci\u00f3, millor vestuari, millors efectes visuals, millor maquillatge i perruqueria i el premi especial del p\u00fablic.<\/p>\n\n\n\n<p><strong>SINOPSI<\/strong><\/p>\n\n\n\n<p><strong>\u201c<\/strong><strong>El 47&#8243;<\/strong>&nbsp;\u00e9s la inspiradora hist\u00f2ria real d&#8217;un home, un autob\u00fas i el dest\u00ed d&#8217;un barri.<\/p>\n\n\n\n<p>Fart que l&#8217;Ajuntament de Barcelona els digu\u00e9s que el transport p\u00fablic no podia arribar al barri de Torre Bar\u00f3 perqu\u00e8 els carrers eren massa estrets i insegurs, Manolo Vital, un dels seus ve\u00efns i conductor d&#8217;autob\u00fas a TMB, es va proposar demostrar, al voltant de &#8220;El 47&#8221;, que les autoritats s&#8217;equivocaven.<\/p>\n\n\n\n<p>Us animem a assistir a aquesta projecci\u00f3 i a gaudir del millor cinema catal\u00e0 a la Bisbal!<\/p>\n\n\n\n<p>Com \u00e9s habitual, el preu de l\u2019entrada ser\u00e0 de&nbsp;<strong>4,5\u20ac<\/strong>&nbsp;(general) i&nbsp;<strong>3\u20ac<\/strong>&nbsp;per als espectadors que presentin el carnet de la&nbsp;<strong>Biblioteca p\u00fablica de la Bisbal del Pened\u00e8s<\/strong>. Els beneficis es destinaran a l\u2019entitat que gestioni la taquilla abans de la projecci\u00f3, en aquest cas la Joventut Bisbalenca.<\/p>\n\n\n\n<p><strong>FITXA T\u00c8CNICA<\/strong><\/p>\n\n\n\n<p><strong>Direcci\u00f3:<\/strong>&nbsp;Marcel Barrena<br><strong>Gui\u00f3:<\/strong>&nbsp;Marcel Barrena, Alberto Marini<br><strong>Productora:<\/strong>&nbsp;The Mediapro Studio<br><strong>Estrena:<\/strong>&nbsp;6 de setembre de 2024<br><strong>Durada:<\/strong>&nbsp;110 min<br><strong>G\u00e8nere:<\/strong>&nbsp;Drama<br><strong>Qualificaci\u00f3:<\/strong>&nbsp;No recomanada per a menors de 7 anys<br><strong>Versi\u00f3:<\/strong>&nbsp;Original en catal\u00e0 &nbsp;<br><strong>Int\u00e8rprets:<\/strong>&nbsp;Aimar Vega, Betsy T\u00farnez, Carlos Cuevas, Clara Segura, Eduard Fer\u00e1ndez, \u00d3scar de la Fuente, Salva Reina, Vicente Romero, Zoe Bonafonte<\/p>\n\n\n\n<figure class=\"wp-block-embed is-type-video is-provider-youtube wp-block-embed-youtube wp-embed-aspect-16-9 wp-has-aspect-ratio\"><div class=\"wp-block-embed__wrapper\">\n<iframe loading=\"lazy\" title=\"Cicle Gaud\u00ed: &quot;El 47&quot;\" width=\"1170\" height=\"658\" src=\"https:\/\/www.youtube.com\/embed\/iyUtW9HajO8?feature=oembed\" frameborder=\"0\" allow=\"accelerometer; autoplay; clipboard-write; encrypted-media; gyroscope; picture-in-picture; web-share\" referrerpolicy=\"strict-origin-when-cross-origin\" allowfullscreen><\/iframe>\n<\/div><\/figure>\n\n\n\n<hr class=\"wp-block-separator has-alpha-channel-opacity\"\/>\n\n\n\n<h2><strong>El domingo de 30 de marzo a las *18h podr\u00e9is ver la pel\u00edcula \u2018El 47\u2019 del Ciclo Gaud\u00ed al CMC<\/strong><\/h2>\n\n\n\n<p>El domingo 30 de marzo, a las 18h, podr\u00e9is ver la pel\u00edcula \u201cEl 47\u201d al auditorio del CMC, en el marco del Cicle Gaud\u00ed de cine catal\u00e1n.<\/p>\n\n\n\n<p>Esta es la pel\u00edcula en catal\u00e1n m\u00e1s vista de los \u00faltimos 40 a\u00f1os. Recibi\u00f3 8 premios Gaud\u00ed a Mejor pel\u00edcula, mejor protagonista masculino, mejor actriz secundaria, mejor direcci\u00f3n de producci\u00f3n, mejor vestuario, mejores efectos visuales, mejor maquillaje y peluquer\u00eda y el premio especial del p\u00fablico.<\/p>\n\n\n\n<p><strong>SINOPSIS<\/strong><\/p>\n\n\n\n<p>\u201cEl 47&#8243; es la inspiradora historia real de un hombre, un autob\u00fas y el destino de un barrio.<\/p>\n\n\n\n<p>Harto que el Ajuntament de Barcelona les dijera que el transporte p\u00fablico no pod\u00eda llegar al barrio de Torre Bar\u00f3 porque las calles eran demasiado estrechas e inseguros, Manolo Vital, uno de sus vecinos y conductor de autob\u00fas a TMB, se propuso demostrar, alrededor de &#8220;El 47&#8221;, que las autoridades se equivocaban.<\/p>\n\n\n\n<p>\u00a1Os animamos a asistir a esta proyecci\u00f3n y a disfrutar del mejor cine catal\u00e1n en la Bisbal!<\/p>\n\n\n\n<p>C\u00f3mo es habitual, el precio de la entrada ser\u00e1 de 4,5\u20ac (general) y 3\u20ac para los espectadores que presenten el carn\u00e9 de la Biblioteca p\u00fablica de la Bisbal del Pened\u00e8s. Los beneficios se destinar\u00e1n a la entidad que gestione la taquilla antes de la proyecci\u00f3n, en este caso la Juventut Bisbalenca.<\/p>\n\n\n\n<p><strong>FICHA T\u00c9CNICA<\/strong><\/p>\n\n\n\n<p><strong>Direcci\u00f3n:<\/strong> Marcel Barrena<\/p>\n\n\n\n<p><strong>Gui\u00f3<\/strong>: Marcel Barrena, Alberto Marini<\/p>\n\n\n\n<p>Productora: The Mediapro Studio<\/p>\n\n\n\n<p><strong>Estreno:<\/strong> 6 de septiembre de 2024<\/p>\n\n\n\n<p><strong>Duraci\u00f3n:<\/strong> 110 min<\/p>\n\n\n\n<p><strong>G\u00e9nero:<\/strong> Drama<\/p>\n\n\n\n<p><strong>Calificaci\u00f3n:<\/strong> No recomendada para menores de 7 a\u00f1os<\/p>\n\n\n\n<p><strong>Versi\u00f3n: <\/strong>Original en catal\u00e1n<\/p>\n\n\n\n<p><strong>Int\u00e9rpretes:<\/strong> Aimar Vega, Betsy T\u00farnez, Carlos Cuevas, Clara Segura, Eduard Fer\u00e1ndez, \u00d3scar de la Fuente, Salva Reina, Vicente Romero, Zoe Bonafonte<\/p>\n","protected":false},"excerpt":{"rendered":"<p>El diumenge&nbsp;30 de mar\u00e7, a les 18h, podreu veure la pel\u00b7l\u00edcula&nbsp;\u201cEl 47\u201d&nbsp;a l\u2019auditori del&nbsp;CMC, en el marc del&nbsp;Cicle Gaud\u00ed&nbsp;de cinema catal\u00e0. Aquesta \u00e9s la pel\u00b7l\u00edcula en catal\u00e0 m\u00e9s vista dels &hellip; <a href=\"https:\/\/bisbalpenedes.com\/web\/2025\/03\/26\/el47-ciclegaudi-marc-2025\/\" class=\"more-link\">Read More<\/a><\/p>\n","protected":false},"author":4,"featured_media":33344,"comment_status":"closed","ping_status":"closed","sticky":false,"template":"","format":"standard","meta":[],"categories":[2942,13,8],"tags":[1198,459,308,7028,393,771],"_links":{"self":[{"href":"https:\/\/bisbalpenedes.com\/web\/wp-json\/wp\/v2\/posts\/33373"}],"collection":[{"href":"https:\/\/bisbalpenedes.com\/web\/wp-json\/wp\/v2\/posts"}],"about":[{"href":"https:\/\/bisbalpenedes.com\/web\/wp-json\/wp\/v2\/types\/post"}],"author":[{"embeddable":true,"href":"https:\/\/bisbalpenedes.com\/web\/wp-json\/wp\/v2\/users\/4"}],"replies":[{"embeddable":true,"href":"https:\/\/bisbalpenedes.com\/web\/wp-json\/wp\/v2\/comments?post=33373"}],"version-history":[{"count":2,"href":"https:\/\/bisbalpenedes.com\/web\/wp-json\/wp\/v2\/posts\/33373\/revisions"}],"predecessor-version":[{"id":33375,"href":"https:\/\/bisbalpenedes.com\/web\/wp-json\/wp\/v2\/posts\/33373\/revisions\/33375"}],"wp:featuredmedia":[{"embeddable":true,"href":"https:\/\/bisbalpenedes.com\/web\/wp-json\/wp\/v2\/media\/33344"}],"wp:attachment":[{"href":"https:\/\/bisbalpenedes.com\/web\/wp-json\/wp\/v2\/media?parent=33373"}],"wp:term":[{"taxonomy":"category","embeddable":true,"href":"https:\/\/bisbalpenedes.com\/web\/wp-json\/wp\/v2\/categories?post=33373"},{"taxonomy":"post_tag","embeddable":true,"href":"https:\/\/bisbalpenedes.com\/web\/wp-json\/wp\/v2\/tags?post=33373"}],"curies":[{"name":"wp","href":"https:\/\/api.w.org\/{rel}","templated":true}]}}