{"id":33368,"date":"2025-03-26T13:34:15","date_gmt":"2025-03-26T11:34:15","guid":{"rendered":"https:\/\/bisbalpenedes.com\/web\/?p=33368"},"modified":"2025-03-26T13:34:53","modified_gmt":"2025-03-26T11:34:53","slug":"lajuntament-de-la-bisbal-del-penedes-forma-part-de-lexecutiva-de-lamtu","status":"publish","type":"post","link":"https:\/\/bisbalpenedes.com\/web\/2025\/03\/26\/lajuntament-de-la-bisbal-del-penedes-forma-part-de-lexecutiva-de-lamtu\/","title":{"rendered":"L&#8217;Ajuntament de la Bisbal del Pened\u00e8s forma part de l&#8217;executiva de l&#8217;AMTU &#8211; La representant \u00e9s l\u2019alcaldessa Agn\u00e8s Ferr\u00e9"},"content":{"rendered":"\n<p>L\u2019Ajuntament de La Bisbal del Pened\u00e8s \u00e9s un dels disset municipis catalans que forma part de l\u2019executiva de l\u2019AMTU (Associaci\u00f3 de Municipis per la Mobilitat i el Transport Urb\u00e0). Segons l&#8217;acord pres el divendres 7 de mar\u00e7, durant l&#8217;Assemblea General, la representant de l\u2019Ajuntament a l\u2019executiva ser\u00e0 l\u2019alcaldessa Agn\u00e8s Ferr\u00e9, qui continuar\u00e0 treballant per millorar la mobilitat al municipi i a la comarca.<\/p>\n\n\n\n<p>L\u2019AMTU \u00e9s una associaci\u00f3 catalana que agrupa municipis amb l&#8217;objectiu de fomentar la mobilitat i millorar les infraestructures de transport p\u00fablic arreu de Catalunya. Ofereix serveis t\u00e8cnics, jur\u00eddics i administratius als seus 148 municipis associats. La Bisbal del Pened\u00e8s es va adherir a l\u2019AMTU en el Ple ordinari del 17 de desembre de 2018.<\/p>\n\n\n\n<p>Durant la seva Assemblea General, l\u2019AMTU va nomenar els nous c\u00e0rrecs i va escollir els membres de la nova executiva. La nova presidenta \u00e9s la Sra. Mar Molina, tinenta d\u2019alcaldessa de l\u2019Ajuntament de Sabadell; la Sra. Aurora Carbonell, alcaldessa de Sitges, ocupa la vicepresid\u00e8ncia primera; i el Sr. Jordi Xena, alcalde de Santa Maria de Palautordera, ha estat nomenat vicepresident segon. Durant l\u2019assemblea tamb\u00e9 es van escollir els disset ajuntaments que formaran part del nou Comit\u00e8 Executiu de l\u2019AMTU, entre els quals s\u2019hi troba La Bisbal del Pened\u00e8s.<\/p>\n\n\n\n<p>L\u2019alcaldessa Agn\u00e8s Ferr\u00e9 ha destacat: <em>&#8220;\u00c9s un honor que l\u2019Ajuntament de La Bisbal hagi estat escollit per entrar a formar part de l\u2019executiva de l\u2019AMTU, on seguirem treballant per la millora de la mobilitat al municipi, al Pened\u00e8s i al pa\u00eds.&#8221;<\/em><\/p>\n\n\n\n<hr class=\"wp-block-separator has-alpha-channel-opacity\"\/>\n\n\n\n<h2><strong>El A<\/strong><strong>juntament<\/strong><strong> de La Bisbal del Pened\u00e8s forma parte del ejecutivo de la AMTU<\/strong><\/h2>\n\n\n\n<p><strong>La representante \u00e9s la alcaldesa Agn\u00e8s Ferr\u00e9<\/strong><\/p>\n\n\n\n<p>El Ajuntament de La Bisbal del Pened\u00e8s es uno de los diecisiete municipios catalanes que forma parte del ejecutivo de la AMTU (Associaci\u00f3 de Municipis per la Mobilitat i el Transport Urb\u00e0). Seg\u00fan el acuerdo tomado el viernes 7 de marzo, durante la Asamblea General, la representante del Ayuntamiento en el ejecutivo ser\u00e1 la alcaldesa Agn\u00e8s Ferr\u00e9, quien continuar\u00e1 trabajando para mejorar la movilidad en el municipio y la comarca.<\/p>\n\n\n\n<p>La AMTU es una asociaci\u00f3n catalana que agrupa municipios con el objetivo de fomentar la movilidad y mejorar las infraestructuras de transporte p\u00fablico en toda Catalu\u00f1a. Ofrece servicios t\u00e9cnicos, jur\u00eddicos y administrativos a sus 148 municipios asociados. La Bisbal del Pened\u00e8s se adhiri\u00f3 a la AMTU en el Pleno ordinario del 17 de diciembre de 2018.<\/p>\n\n\n\n<p>Durante su Asamblea General, la AMTU nombr\u00f3 los nuevos cargos y eligi\u00f3 los miembros del nuevo ejecutivo. La nueva presidenta es la Sra. Mar Molina, teniente de alcaldesa del Ajuntament de Sabadell; la Sra. Aurora Carbonell, alcaldesa de Sitges, ocupa la vicepresidencia primera; y el Sr. Jordi Xena, alcalde de Santa Maria de Palautordera, ha sido nombrado vicepresidente segundo. Durante la asamblea tambi\u00e9n se eligieron los diecisiete ayuntamientos que formar\u00e1n parte del nuevo Comit\u00e9 Ejecutivo de la AMTU, entre los que se encuentra La Bisbal del Pened\u00e8s.<\/p>\n\n\n\n<p>La alcaldesa Agn\u00e8s Ferr\u00e9 ha destacado: <em>&#8220;Es un honor que el <\/em><em>Ajuntament<\/em><em> de La Bisbal haya sido elegido para formar parte del ejecutivo de la AMTU, donde seguiremos trabajando por la mejora de la movilidad en el municipio, el Pened\u00e8s y el pa\u00eds.&#8221;<\/em><\/p>\n","protected":false},"excerpt":{"rendered":"<p>L\u2019Ajuntament de La Bisbal del Pened\u00e8s \u00e9s un dels disset municipis catalans que forma part de l\u2019executiva de l\u2019AMTU (Associaci\u00f3 de Municipis per la Mobilitat i el Transport Urb\u00e0). Segons &hellip; <a href=\"https:\/\/bisbalpenedes.com\/web\/2025\/03\/26\/lajuntament-de-la-bisbal-del-penedes-forma-part-de-lexecutiva-de-lamtu\/\" class=\"more-link\">Read More<\/a><\/p>\n","protected":false},"author":4,"featured_media":33369,"comment_status":"closed","ping_status":"closed","sticky":false,"template":"","format":"standard","meta":[],"categories":[3859,8],"tags":[1151,2530,4586,459,393,825,3355],"_links":{"self":[{"href":"https:\/\/bisbalpenedes.com\/web\/wp-json\/wp\/v2\/posts\/33368"}],"collection":[{"href":"https:\/\/bisbalpenedes.com\/web\/wp-json\/wp\/v2\/posts"}],"about":[{"href":"https:\/\/bisbalpenedes.com\/web\/wp-json\/wp\/v2\/types\/post"}],"author":[{"embeddable":true,"href":"https:\/\/bisbalpenedes.com\/web\/wp-json\/wp\/v2\/users\/4"}],"replies":[{"embeddable":true,"href":"https:\/\/bisbalpenedes.com\/web\/wp-json\/wp\/v2\/comments?post=33368"}],"version-history":[{"count":2,"href":"https:\/\/bisbalpenedes.com\/web\/wp-json\/wp\/v2\/posts\/33368\/revisions"}],"predecessor-version":[{"id":33371,"href":"https:\/\/bisbalpenedes.com\/web\/wp-json\/wp\/v2\/posts\/33368\/revisions\/33371"}],"wp:featuredmedia":[{"embeddable":true,"href":"https:\/\/bisbalpenedes.com\/web\/wp-json\/wp\/v2\/media\/33369"}],"wp:attachment":[{"href":"https:\/\/bisbalpenedes.com\/web\/wp-json\/wp\/v2\/media?parent=33368"}],"wp:term":[{"taxonomy":"category","embeddable":true,"href":"https:\/\/bisbalpenedes.com\/web\/wp-json\/wp\/v2\/categories?post=33368"},{"taxonomy":"post_tag","embeddable":true,"href":"https:\/\/bisbalpenedes.com\/web\/wp-json\/wp\/v2\/tags?post=33368"}],"curies":[{"name":"wp","href":"https:\/\/api.w.org\/{rel}","templated":true}]}}