{"id":33354,"date":"2025-04-03T09:06:00","date_gmt":"2025-04-03T07:06:00","guid":{"rendered":"https:\/\/bisbalpenedes.com\/web\/?p=33354"},"modified":"2025-05-15T19:37:26","modified_gmt":"2025-05-15T17:37:26","slug":"sha-aprovat-una-subvencio-de-1-84098e-per-a-senderistes-bisbalencs","status":"publish","type":"post","link":"https:\/\/bisbalpenedes.com\/web\/2025\/04\/03\/sha-aprovat-una-subvencio-de-1-84098e-per-a-senderistes-bisbalencs\/","title":{"rendered":"S\u2019ha aprovat la justificaci\u00f3 i pagament, per valor de 1.840,98\u20ac de la subvenci\u00f3 sol\u00b7licitada pels Senderistes Bisbalencs"},"content":{"rendered":"\n<p>S\u2019ha aprovat la justificaci\u00f3 i pagament, per valor de 1.840,98\u20ac, a l\u2019entitat Senderistes Bisbalencs en virtut del projecte presentat la convocat\u00f2ria de subvencions en mat\u00e8ria de cultura per a entitats i associacions, de l\u2019any 2023\/2024. L\u2019aprovaci\u00f3 s\u2019ha fet, mitjan\u00e7ant Decret d\u2019alcaldia, signat el 31 de mar\u00e7.<\/p>\n\n\n\n<p>El juliol de 2024 es va aprovar, per Junta de Govern, la convocat\u00f2ria de subvencions per a entitats i associacions del municipi dels anys 2023 i 2024. El termini per presentar sol\u00b7licituds era fins al 20 de setembre. Dins del termini es van presentar quatre entitats, dues de les quals es van declarar no benefici\u00e0ries de la subvenci\u00f3,&nbsp; en no estar al corrent de pagament.<\/p>\n\n\n\n<p>A les altres dues entitats benefici\u00e0ries se\u2019ls hi va atorgar el desembre de 2024 les quantitats corresponents al projecte d\u2019activitats culturals presentats per cada.&nbsp;<\/p>\n\n\n\n<p>En tant que la documentaci\u00f3 justificativa de cada una de les dues entitats s\u2019ha de valorar per separat, es va descartar l\u2019aprovaci\u00f3 conjunta i, ara, s\u2019ha procedit a aprovar la justificaci\u00f3 de l\u2019entitat Senderistes Bisbalencs, restant l\u2019altre entitat en proc\u00e9s d\u2019avaluaci\u00f3 de la documentaci\u00f3 justificativa.<\/p>\n\n\n\n<hr class=\"wp-block-separator has-alpha-channel-opacity\"\/>\n\n\n\n<p>Se ha aprobado la justificaci\u00f3n y pago, por valor de 1.840,98\u20ac, a la entidad Senderistes Bisbalencs en virtud del proyecto presentado en la convocatoria de subveciones en materia de cultura para entidades y asociaciones, del a\u00f1o 2023\/2024. La aprobaci\u00f3n se ha hecho mediante Decreto de alcald\u00eda, firmado el 31 de marzo.<\/p>\n\n\n\n<p>En julio de 2024 se aprob\u00f3, por Junta de Gobierno, la convocatoria de subvenciones para entidades y asociaciones del municipio de los a\u00f1os 2023 y 2024. El plazo para presentar solicitudes era hasta el 20 de septiembre. Dentro del plazo se presentaron cuatro entidades, dos de las cuales se declararon no beneficiarias de la subvenci\u00f3n, al no estar al corriente de pago.<\/p>\n\n\n\n<p>A las otras dos entidades beneficiarias se les otorg\u00f3 en diciembre de 2024 las cantidades correspondientes al proyecto de actividades culturales presentados por cada una.<\/p>\n\n\n\n<p>Dado que la documentaci\u00f3n justificativa de cada una de las dos entidades se debe valorar por separado, se descart\u00f3 la aprobaci\u00f3n conjunta y, ahora, se ha procedido a aprobar la justificaci\u00f3n de la entidad Senderistes Bisbalencs, quedando la otra entidad en proceso de evaluaci\u00f3n de la documentaci\u00f3n justificativa.<\/p>\n\n\n\n<p>*Imatge d&#8217;arxiu.<\/p>\n","protected":false},"excerpt":{"rendered":"<p>S\u2019ha aprovat la justificaci\u00f3 i pagament, per valor de 1.840,98\u20ac, a l\u2019entitat Senderistes Bisbalencs en virtut del projecte presentat la convocat\u00f2ria de subvencions en mat\u00e8ria de cultura per a entitats &hellip; <a href=\"https:\/\/bisbalpenedes.com\/web\/2025\/04\/03\/sha-aprovat-una-subvencio-de-1-84098e-per-a-senderistes-bisbalencs\/\" class=\"more-link\">Read More<\/a><\/p>\n","protected":false},"author":4,"featured_media":33363,"comment_status":"closed","ping_status":"closed","sticky":false,"template":"","format":"standard","meta":[],"categories":[2057,13,20,19,8,2809,3418],"tags":[459,351,393,856,99],"_links":{"self":[{"href":"https:\/\/bisbalpenedes.com\/web\/wp-json\/wp\/v2\/posts\/33354"}],"collection":[{"href":"https:\/\/bisbalpenedes.com\/web\/wp-json\/wp\/v2\/posts"}],"about":[{"href":"https:\/\/bisbalpenedes.com\/web\/wp-json\/wp\/v2\/types\/post"}],"author":[{"embeddable":true,"href":"https:\/\/bisbalpenedes.com\/web\/wp-json\/wp\/v2\/users\/4"}],"replies":[{"embeddable":true,"href":"https:\/\/bisbalpenedes.com\/web\/wp-json\/wp\/v2\/comments?post=33354"}],"version-history":[{"count":6,"href":"https:\/\/bisbalpenedes.com\/web\/wp-json\/wp\/v2\/posts\/33354\/revisions"}],"predecessor-version":[{"id":33782,"href":"https:\/\/bisbalpenedes.com\/web\/wp-json\/wp\/v2\/posts\/33354\/revisions\/33782"}],"wp:featuredmedia":[{"embeddable":true,"href":"https:\/\/bisbalpenedes.com\/web\/wp-json\/wp\/v2\/media\/33363"}],"wp:attachment":[{"href":"https:\/\/bisbalpenedes.com\/web\/wp-json\/wp\/v2\/media?parent=33354"}],"wp:term":[{"taxonomy":"category","embeddable":true,"href":"https:\/\/bisbalpenedes.com\/web\/wp-json\/wp\/v2\/categories?post=33354"},{"taxonomy":"post_tag","embeddable":true,"href":"https:\/\/bisbalpenedes.com\/web\/wp-json\/wp\/v2\/tags?post=33354"}],"curies":[{"name":"wp","href":"https:\/\/api.w.org\/{rel}","templated":true}]}}