{"id":33351,"date":"2025-03-26T08:42:33","date_gmt":"2025-03-26T06:42:33","guid":{"rendered":"https:\/\/bisbalpenedes.com\/web\/?p=33351"},"modified":"2025-03-26T08:42:33","modified_gmt":"2025-03-26T06:42:33","slug":"el-passat-17-de-marc-es-va-celebrar-el-ple-ordinari-de-lajuntament-de-la-bisbal-del-penedes","status":"publish","type":"post","link":"https:\/\/bisbalpenedes.com\/web\/2025\/03\/26\/el-passat-17-de-marc-es-va-celebrar-el-ple-ordinari-de-lajuntament-de-la-bisbal-del-penedes\/","title":{"rendered":"<strong>El passat 17 de mar\u00e7 es va celebrar el Ple ordinari de l&#8217;Ajuntament de la Bisbal del Pened\u00e8s<\/strong>"},"content":{"rendered":"\n<p>El passat 17 de mar\u00e7 es va celebrar el Ple ordinari de l&#8217;Ajuntament de la Bisbal del Pened\u00e8s corresponent al primer trimestre de 2025. A l&#8217;inici del Ple es va excusar l&#8217;assist\u00e8ncia de la regidora S\u00edlvia Monfort.<\/p>\n\n\n\n<p><strong>PART RESOLUTIVA<\/strong><\/p>\n\n\n\n<p><strong>1.-Aprovaci\u00f3 de l&#8217;acta del Ple ordinari del 16 de desembre<\/strong><\/p>\n\n\n\n<p>Es va aprovar per unanimitat dels assitents<\/p>\n\n\n\n<p><strong>2.-Aprovaci\u00f3 de l&#8217;acta del Ple extraordinari del 17 de gener<\/strong><\/p>\n\n\n\n<p>Es va aprovar amb els vots a favor de Comprom\u00eds amb la Bisbal (5), PSC (1), La Bisbal Decideix (2) i un regidor de Tots Som la Bisbal (1) i l&#8217;abstenci\u00f3 d&#8217;un regidor de Tots Som la Bisbal (1).<\/p>\n\n\n\n<p><strong>3.-Conveni d&#8217;assist\u00e8ncia t\u00e8cnica en l&#8217;\u00e0mbit de l&#8217;enginyeria industrial a favor del CCBP.<\/strong><\/p>\n\n\n\n<p>Es va aprovar per unanimitat dels assitents<\/p>\n\n\n\n<p>Es va aprovar el conveni amb el Consell Comarcal del Baix Pened\u00e8s i diferents ajuntaments de la comarca per als exercicis del 2025 al 2028, amb possibilitat de pr\u00f2rroga fins al 2032, per a l&#8217;assist\u00e8ncia t\u00e8cnica en mat\u00e8ria d&#8217;enginyeria industrial.<\/p>\n\n\n\n<p>L&#8217;alcaldessa Agn\u00e8s Ferr\u00e9 va justificar que &#8220;\u00e9s necessari refor\u00e7ar els Serveis T\u00e8cnics Municipals d&#8217;urbanisme amb la incorporaci\u00f3 d&#8217;un\/a enginyer\/a superior un dia a la setmana, a jornada completa, per dur a terme tasques completes: gestionar l&#8217;EDAR de Les Planes Baixes i actualitzar el Registre municipal d&#8217;activitats&#8221;.<\/p>\n\n\n\n<p>El cost anual ser\u00e0 de 16.143,54\u20ac.<\/p>\n\n\n\n<p>Quant a la gesti\u00f3 de l&#8217;EDAR, Ferr\u00e9 va explicar que <em>&#8220;D\u2019aquesta EDAR se\u2019n feia c\u00e0rrec la Junta de conservaci\u00f3 de les Planes Baixes&nbsp; fins que, passats els anys que marquen la llei, passa a ser compet\u00e8ncia municipal. I com que es tracte d\u2019un servei de sanejament d\u2019aig\u00fces residuals industrials, no es pot incloure a l\u2019acord de delegaci\u00f3 de la compet\u00e8ncia en mat\u00e8ria de sanejament al Consell Comarcal. \u00c9s l\u2019ajuntament qui hem de concedir i gestionar els permisos d\u2019abocament a la llera de la depuradora, que expedeix l\u2019Ag\u00e8ncia Catalana de l\u2019Aigua (ACA)&#8221;. <\/em>Quant al registre municipal d&#8217;activitats, la batllessa va explicar que <em>&#8220;s&#8217;ha d&#8217;actualitzar el registre i iniciar els treballs de verificaci\u00f3 de les activitats de les empreses del municipi. A part de gestionar les altes de noves activitats&#8221;.<\/em><\/p>\n\n\n\n<p><strong>4.-Aprovaci\u00f3 del Pla estrat\u00e8gic de subvencions per als anys 2025, 2026 i 2027<\/strong><\/p>\n\n\n\n<p>Es va aprovar amb els vots a favor de Comprom\u00eds amb la Bisbal (5) i el PSC (1) i els vots en contra de La Bisbal Decideix (2) i Tots som la Bisbal &#8211; Urbanizaciones Unidas (2).<\/p>\n\n\n\n<p>Podeu llegir la informaci\u00f3 detallada sobre aquest punt, aqu\u00ed: <a href=\"https:\/\/bisbalpenedes.com\/web\/2025\/03\/19\/el-ple-ordinari-daquest-dilluns-ha-aprovat-el-pla-estrategic-de-subvencions-2025-2027\/\">https:\/\/bisbalpenedes.com\/web\/2025\/03\/19\/el-ple-ordinari-daquest-dilluns-ha-aprovat-el-pla-estrategic-de-subvencions-2025-2027\/<\/a><\/p>\n\n\n\n<p><strong>5.-Desestimaci\u00f3 de la recusaci\u00f3 a l&#8217;alcaldessa en el marc de l&#8217;expedient 119\/2025 de la modificaci\u00f3 puntual de les NNSS amb ordenaci\u00f3 detallada de les Planes del Vent.<\/strong><\/p>\n\n\n\n<p>Es va aprovar amb els vots a favor de Comprom\u00eds amb la Bisbal (4) i el PSC (1) i els vots en contra de La Bisbal Decideix (2) i Tots som la Bisbal &#8211; Urbanizaciones Unidas (2).<\/p>\n\n\n\n<p>Podeu llegir la informaci\u00f3 detallada sobre aquest punt, aqu\u00ed: <a href=\"https:\/\/bisbalpenedes.com\/web\/2025\/03\/19\/el-ple-desestima-la-recusacio-contra-lalcaldessa-per-un-presumpte-conflicte-dinteres\/\">https:\/\/bisbalpenedes.com\/web\/2025\/03\/19\/el-ple-desestima-la-recusacio-contra-lalcaldessa-per-un-presumpte-conflicte-dinteres\/<\/a><\/p>\n\n\n\n<p><strong>6.-Donar compte de la ren\u00fancia al c\u00e0rrec i a l&#8217;acta de regidora de la sra. S\u00edlvia Monfort Costa.<\/strong><\/p>\n\n\n\n<p>El Ple va prendre coneixement de la ren\u00fancia al c\u00e0rrec de la regidora S\u00edlvia Monfort (ERC-AM) que renunciava al c\u00e0rrec i a l&#8217;acta de regidora.<\/p>\n\n\n\n<p>L&#8217;alcaldessa va expressar que <em>&#8220;en nom propi i de tot l&#8217;equip de govern, li agra\u00efm els serveis prestats durant aquests dos anys, que ha actuat amb professionalitat i defensa dels interessos de la Bisbal&#8221;.<\/em><\/p>\n\n\n\n<p><strong>PART DE CONTROL<\/strong><\/p>\n\n\n\n<p><strong>7.-Donar compte dels Decrets d&#8217;alcaldia.<\/strong><\/p>\n\n\n\n<p>Es va donar compte al Ple dels Decrets d&#8217;alcaldia des del Ple ordinari de desembre fins al dia de la convocat\u00f2ria d&#8217;aquest Ple.<\/p>\n\n\n\n<p><strong>8.-Donar compte de les actes de la Junta de govern local.<\/strong><\/p>\n\n\n\n<p>Es va donar compte al Ple de les actes de la Junta de Govern local des del Ple ordinari de desembre fins al dia de la convocat\u00f2ria d&#8217;aquest Ple.<\/p>\n\n\n\n<p><strong>9.-Donar compte de l&#8217;informe de morositat de l&#8217;any 2023.<\/strong><\/p>\n\n\n\n<p>Es va donar compte al Ple de l&#8217;informe d&#8217;intervenci\u00f3 sobre el control de la morositat de l&#8217;any 2023, complint aix\u00ed amb l&#8217;obligaci\u00f3 recollida en l&#8217;article 35, Reial Decret 424\/2017, de 28 d&#8217;abril, pel qual es regula el r\u00e8gim jur\u00eddic del control intern en les entitats del sector p\u00fablic locals. L&#8217;informe conclou que es compleix amb la normativa de morositat.<\/p>\n\n\n\n<p><strong>10.-Donar compte de l&#8217;informe de morositat de l&#8217;any 2024.<\/strong><\/p>\n\n\n\n<p>Es va donar compte al Ple de l&#8217;informe d&#8217;Intervenci\u00f3 sobre el control de la morositat de l&#8217;any 2024, complint aix\u00ed amb l&#8217;obligaci\u00f3 recollida en l&#8217;article 35, Reial Decret 424\/2017, de 28 d&#8217;abril, pel qual es regula el r\u00e8gim jur\u00eddic del control intern en les entitats del sector p\u00fablic locals. L&#8217;informe conclou que es compleix amb la normativa de morositat.<\/p>\n\n\n\n<p><strong>11.-Donar compte de l&#8217;informe d&#8217;intervenci\u00f3 relatiu a l&#8217;auditoria de subvencions de l&#8217;any 2021.<\/strong><\/p>\n\n\n\n<p>El Pla anual de control financer preveu realitzar cada any una auditoria de les subvencions concedides. Aquesta auditoria es fa a trav\u00e9s d&#8217;una empresa especialitzada que l&#8217;Ajuntament contracta a trav\u00e9s de la Central de Compres de l&#8217;ACM. D&#8217;aquesta manera, l&#8217;Ajuntament compleix amb el control financer i la seva auditoria.<\/p>\n\n\n\n<p><strong>12.-Donar compte de l&#8217;informe d&#8217;intervenci\u00f3 relatiu als drets i ingressos del 4t trimestre.<\/strong><\/p>\n\n\n\n<p>Es dona compliment a l&#8217;article 9 del Reial Decret 424\/2017, de 28 d&#8217;abril, pel qual es regula el r\u00e8gim jur\u00eddic del control intern de les entitats del sector p\u00fablic local.<\/p>\n\n\n\n<p><strong>13.-Donar compte de l&#8217;informe d&#8217;intervenci\u00f3 relatiu a l&#8217;execuci\u00f3 del pressupost del 4t trimestre de 2024.<\/strong><\/p>\n\n\n\n<p>En compliment amb l&#8217;article 16 de l&#8217;Ordre HAP\/2105\/2012, de l &#8216;1 d&#8217;octubre, per la qual es desenvolupen les obligacions de subministrament d&#8217;informaci\u00f3 previstes a la Llei org\u00e0nica 2\/2012, del 27 d&#8217;abril, d&#8217;estabilitat pressupost\u00e0ria i sostenibilitat financera.<\/p>\n\n\n\n<p><strong>14.-Donar compte dels informes de la Sindicatura de Comptes de Catalunya.<\/strong><\/p>\n\n\n\n<p>D&#8217;acord amb la disposici\u00f3 addicional sisena de la Llei 26\/2009, de 23 de desembre, de mesures fiscals, financeres i administratives.<\/p>\n\n\n\n<p><strong>15.-Donar compte de l&#8217;informe de control permanent previ del c\u00e0lcul de l&#8217;estabilitat pressupost\u00e0ria (de la modificaci\u00f3 de cr\u00e8dit 1 ALC\/2025).<\/strong><\/p>\n\n\n\n<p>L&#8217;Ajuntament compleix amb l&#8217;objectiu del l\u00edmit de deute p\u00fablic i amb la regla de la despesa, per la modificaci\u00f3 de cr\u00e8dit d&#8217;incorporaci\u00f3 del 2024.<\/p>\n\n\n\n<p>L&#8217;alcaldessa va explicar que <em>&#8220;no es compleix amb l&#8217;estabilitat pressupost\u00e0ria pel fet que les incorporacions van a una partida que no es t\u00e9 en compte per al c\u00e0lcul de l&#8217;estabilitat&#8221;.<\/em><\/p>\n\n\n\n<p><strong>16.-Donar compte de l&#8217;informe de control permanent previ del c\u00e0lcul de l&#8217;estabilitat pressupost\u00e0ria, de la liquidaci\u00f3 de l&#8217;exercici 2024.<\/strong><\/p>\n\n\n\n<p>L&#8217;Ajuntament compleix amb l\u2019objectiu del l\u00edmit de deute p\u00fablic i amb la regla de la despesa, per la modificaci\u00f3 de cr\u00e8dit d&#8217;incorporaci\u00f3 del 2024.<\/p>\n\n\n\n<p>L&#8217;alcaldessa va explicar que <em>&#8220;no es compleix amb l&#8217;estabilitat pressupost\u00e0ria a causa de l&#8217;allargament de partides d&#8217;obres que no s&#8217;havien finalitzat el 31 de desembre de 2024. Per aquest motiu, estem elaborant un Pla Econ\u00f2mic i financer, que s&#8217;aprovar\u00e0 en els propers mesos&#8221;.<\/em><\/p>\n\n\n\n<p>17.-Donar compte de la liquidaci\u00f3 del pressupost 2024.<\/p>\n\n\n\n<p>El pressupost del 2024 es tanca amb un resultat pressupostari ajustat de 897.319,42\u20ac i un romanent de tresoreria per a despeses generals d&#8217;1.732.191,96\u20ac.<\/p>\n\n\n\n<p><strong>PRECS I PREGUNTES<\/strong><\/p>\n\n\n\n<hr class=\"wp-block-separator has-alpha-channel-opacity\"\/>\n\n\n\n<p>El pasado 17 de marzo se celebr\u00f3 el Pleno ordinario del Ajuntament de la Bisbal del Pened\u00e8s correspondiente al primer trimestre de 2025. Al inicio del Pleno se excus\u00f3 la asistencia de la concejala S\u00edlvia Monfort.<\/p>\n\n\n\n<p><strong>PARTE RESOLUTIVA<\/strong><\/p>\n\n\n\n<p><strong>1.-Aprobaci\u00f3n del acta del Pleno ordinario del 16 de diciembre<\/strong><\/p>\n\n\n\n<p>Se aprob\u00f3 por unanimidad de los asistentes<\/p>\n\n\n\n<p><strong>2.-Aprobaci\u00f3n del acta del Pleno extraordinario del 17 de enero<\/strong><\/p>\n\n\n\n<p>Se aprob\u00f3 con los votos a favor de Comprom\u00eds con la Bisbal (5), PSC (1), La Bisbal Decideix (2) y un concejal de Tots Som la Bisbal (1) y la abstenci\u00f3n de un concejal de Tots Som la Bisbal (1).<\/p>\n\n\n\n<p><strong>3.-Convenio de asistencia t\u00e9cnica en el \u00e1mbito de la ingenier\u00eda industrial a favor del CCBP.<\/strong><\/p>\n\n\n\n<p>Se aprob\u00f3 por unanimidad de los asistentes<\/p>\n\n\n\n<p>Se aprob\u00f3 el convenio con el Consell Comarcal del Baix Pened\u00e8s y diferentes ayuntamientos de la comarca para los ejercicios del 2025 al 2028, con posibilidad de pr\u00f3rroga hasta el 2032, para la asistencia t\u00e9cnica en materia de ingenier\u00eda industrial.<\/p>\n\n\n\n<p>La alcaldesa Agn\u00e8s Ferr\u00e9 justific\u00f3 que <em>&#8220;es necesario reforzar los Servicios T\u00e9cnicos Municipales de urbanismo con la incorporaci\u00f3n de un\/a ingeniero\/a superior un d\u00eda a la semana, a jornada completa, para realizar tareas completas: gestionar la EDAR de Les Planes Baixes y actualizar el Registro municipal de actividades&#8221;.<\/em><\/p>\n\n\n\n<p>El coste anual ser\u00e1 de 16.143,54\u20ac.<\/p>\n\n\n\n<p>En cuanto a la gesti\u00f3n de la EDAR, Ferr\u00e9 explic\u00f3 que <em>&#8220;De esta EDAR se hac\u00eda cargo la Junta de conservaci\u00f3n de les Planes Baixes hasta que, pasados los a\u00f1os que marca la ley, pasa a ser competencia municipal. Y como se trata de un servicio de saneamiento de aguas residuales industriales, no se puede incluir en el acuerdo de delegaci\u00f3n de la competencia en materia de saneamiento al Consell Comarcal. Es el ayuntamiento quien debe conceder y gestionar los permisos de vertido al cauce de la depuradora, que expide la Ag\u00e8ncia Catalana de l&#8217;Aigua (ACA)&#8221;.<\/em> En cuanto al registro municipal de actividades, la alcaldesa explic\u00f3 que <em>&#8220;hay que actualizar el registro e iniciar los trabajos de verificaci\u00f3n de las actividades de las empresas del municipio. Aparte de gestionar las altas de nuevas actividades&#8221;.<\/em><\/p>\n\n\n\n<p><strong>4.-Aprobaci\u00f3n del Plan estrat\u00e9gico de subvenciones para los a\u00f1os 2025, 2026 y 2027<\/strong><br>Se aprob\u00f3 con los votos a favor de Comprom\u00eds amb la Bisbal (5) y el PSC (1) y los votos en contra de La Bisbal Decideix (2) y Tots som la Bisbal &#8211; Urbanizaciones Unidas (2).<\/p>\n\n\n\n<p>Pueden leer la informaci\u00f3n detallada sobre este punto aqu\u00ed: <a href=\"https:\/\/bisbalpenedes.com\/web\/2025\/03\/19\/el-ple-ordinari-daquest-dilluns-ha-aprovat-el-pla-estrategic-de-subvencions-2025-2027\/\">https:\/\/bisbalpenedes.com\/web\/2025\/03\/19\/el-ple-ordinari-daquest-dilluns-ha-aprovat-el-pla-estrategic-de-subvencions-2025-2027\/<\/a><\/p>\n\n\n\n<p><strong>5.-Desestimaci\u00f3n de la recusaci\u00f3n a la alcaldesa en el marco del expediente 119\/2025 de la modificaci\u00f3n puntual de las NNSS con ordenaci\u00f3n detallada de Les Planes del Vent.<\/strong><\/p>\n\n\n\n<p>Se aprob\u00f3 con los votos a favor de Comprom\u00eds amb la Bisbal (4) y el PSC (1) y los votos en contra de La Bisbal Decideix (2) y Tots som la Bisbal &#8211; Urbanizaciones Unidas (2).<\/p>\n\n\n\n<p>Pueden leer la informaci\u00f3n detallada sobre este punto aqu\u00ed: <a href=\"https:\/\/bisbalpenedes.com\/web\/2025\/03\/19\/el-ple-desestima-la-recusacio-contra-lalcaldessa-per-un-presumpte-conflicte-dinteres\/\">https:\/\/bisbalpenedes.com\/web\/2025\/03\/19\/el-ple-desestima-la-recusacio-contra-lalcaldessa-per-un-presumpte-conflicte-dinteres\/<\/a><\/p>\n\n\n\n<p><strong>6.-Dar cuenta de la renuncia al cargo y al acta de concejala de la Sra. S\u00edlvia Monfort Costa.<\/strong><\/p>\n\n\n\n<p>El Pleno tom\u00f3 conocimiento de la renuncia al cargo de la concejala S\u00edlvia Monfort (ERC-AM) que renunciaba al cargo y al acta de concejala.<\/p>\n\n\n\n<p>La alcaldesa expres\u00f3 que <em>&#8220;en nombre propio y de todo el equipo de gobierno, le agradecemos los servicios prestados durante estos dos a\u00f1os, que ha actuado con profesionalidad y defensa de los intereses de la Bisbal&#8221;.<\/em><\/p>\n\n\n\n<p><strong>PARTE DE CONTROL<\/strong><\/p>\n\n\n\n<p><strong>7.-Dar cuenta de los Decretos de alcald\u00eda.<\/strong><\/p>\n\n\n\n<p>Se dio cuenta al Pleno de los Decretos de alcald\u00eda desde el Pleno ordinario de diciembre hasta el d\u00eda de la convocatoria de este Pleno.<\/p>\n\n\n\n<p><strong>8.-Dar cuenta de las actas de la Junta de gobierno local<\/strong>.<\/p>\n\n\n\n<p>Se dio cuenta al Pleno de las actas de la Junta de Gobierno local desde el Pleno ordinario de diciembre hasta el d\u00eda de la convocatoria de este Pleno.<\/p>\n\n\n\n<p><strong>9.-Dar cuenta del informe de morosidad del a\u00f1o 2023.<\/strong><\/p>\n\n\n\n<p>Se dio cuenta al Pleno del informe de intervenci\u00f3n sobre el control de la morosidad del a\u00f1o 2023, cumpliendo as\u00ed con la obligaci\u00f3n recogida en el art\u00edculo 35, Real Decreto 424\/2017, de 28 de abril, por el cual se regula el r\u00e9gimen jur\u00eddico del control interno en las entidades del sector p\u00fablico local. El informe concluye que se cumple con la normativa de morosidad.<\/p>\n\n\n\n<p><strong>10.-Dar cuenta del informe de morosidad del a\u00f1o 2024.<\/strong><\/p>\n\n\n\n<p>Se dio cuenta al Pleno del informe de Intervenci\u00f3n sobre el control de la morosidad del a\u00f1o 2024, cumpliendo as\u00ed con la obligaci\u00f3n recogida en el art\u00edculo 35, Real Decreto 424\/2017, de 28 de abril, por el cual se regula el r\u00e9gimen jur\u00eddico del control interno en las entidades del sector p\u00fablico local. El informe concluye que se cumple con la normativa de morosidad.<\/p>\n\n\n\n<p><strong>11.-Dar cuenta del informe de intervenci\u00f3n relativo a la auditor\u00eda de subvenciones del a\u00f1o 2021.<\/strong><\/p>\n\n\n\n<p>El Plan anual de control financiero prev\u00e9 realizar cada a\u00f1o una auditor\u00eda de las subvenciones concedidas. Esta auditor\u00eda se hace a trav\u00e9s de una empresa especializada que el Ayuntamiento contrata a trav\u00e9s de la Central de Compras de la ACM. De esta manera, el Ayuntamiento cumple con el control financiero y su auditor\u00eda.<\/p>\n\n\n\n<p><strong>12.-Dar cuenta del informe de intervenci\u00f3n relativo a los derechos e ingresos del 4\u00ba trimestre.<\/strong><\/p>\n\n\n\n<p>Se da cumplimiento al art\u00edculo 9 del Real Decreto 424\/2017, de 28 de abril, por el cual se regula el r\u00e9gimen jur\u00eddico del control interno de las entidades del sector p\u00fablico local.<\/p>\n\n\n\n<p><strong>13.-Dar cuenta del informe de intervenci\u00f3n relativo a la ejecuci\u00f3n del presupuesto del 4\u00ba trimestre de 2024.<\/strong><\/p>\n\n\n\n<p>En cumplimiento con el art\u00edculo 16 de la Orden HAP\/2105\/2012, de 1 de octubre, por la cual se desarrollan las obligaciones de suministro de informaci\u00f3n previstas en la Ley org\u00e1nica 2\/2012, de 27 de abril, de estabilidad presupuestaria y sostenibilidad financiera.<\/p>\n\n\n\n<p><strong>14.-Dar cuenta de los informes de la Sindicatura de Comptes de Catalunya.<\/strong><\/p>\n\n\n\n<p>De acuerdo con la disposici\u00f3n adicional sexta de la Ley 26\/2009, de 23 de diciembre, de medidas fiscales, financieras y administrativas.<\/p>\n\n\n\n<p><strong>15.-Dar cuenta del informe de control permanente previo del c\u00e1lculo de la estabilidad presupuestaria (de la modificaci\u00f3n de cr\u00e9dito 1 ALC\/2025).<\/strong><\/p>\n\n\n\n<p>El Ayuntamiento cumple con el objetivo del l\u00edmite de deuda p\u00fablica y con la regla de gasto, por la modificaci\u00f3n de cr\u00e9dito de incorporaci\u00f3n del 2024. La alcaldesa explic\u00f3 que <em>&#8220;no se cumple con la estabilidad presupuestaria por el hecho de que las incorporaciones van a una partida que no se tiene en cuenta para el c\u00e1lculo de la estabilidad&#8221;.<\/em><\/p>\n\n\n\n<p><strong>16.-Dar cuenta del informe de control permanente previo del c\u00e1lculo de la estabilidad presupuestaria, de la liquidaci\u00f3n del ejercicio 2024.<\/strong><\/p>\n\n\n\n<p>El Ayuntamiento cumple con el objetivo del l\u00edmite de deuda p\u00fablica y con la regla de gasto, por la modificaci\u00f3n de cr\u00e9dito de incorporaci\u00f3n del 2024. La alcaldesa explic\u00f3 que <em>&#8220;no se cumple con la estabilidad presupuestaria a causa del alargamiento de partidas de obras que no se hab\u00edan finalizado el 31 de diciembre de 2024. Por este motivo, estamos elaborando un Plan Econ\u00f3mico y financiero, que se aprobar\u00e1 en los pr\u00f3ximos meses&#8221;.<\/em><\/p>\n\n\n\n<p><strong>17.-Dar cuenta de la liquidaci\u00f3n del presupuesto 2024.<\/strong><\/p>\n\n\n\n<p>El presupuesto del 2024 se cierra con un resultado presupuestario ajustado de 897.319,42\u20ac y un remanente de tesorer\u00eda para gastos generales de 1.732.191,96\u20ac.<\/p>\n\n\n\n<p><strong>RUEGOS Y PREGUNTAS<\/strong><\/p>\n","protected":false},"excerpt":{"rendered":"<p>El passat 17 de mar\u00e7 es va celebrar el Ple ordinari de l&#8217;Ajuntament de la Bisbal del Pened\u00e8s corresponent al primer trimestre de 2025. A l&#8217;inici del Ple es va &hellip; <a href=\"https:\/\/bisbalpenedes.com\/web\/2025\/03\/26\/el-passat-17-de-marc-es-va-celebrar-el-ple-ordinari-de-lajuntament-de-la-bisbal-del-penedes\/\" class=\"more-link\">Read More<\/a><\/p>\n","protected":false},"author":4,"featured_media":33271,"comment_status":"closed","ping_status":"closed","sticky":false,"template":"","format":"standard","meta":[],"categories":[8,2250],"tags":[459,393,1374,249],"_links":{"self":[{"href":"https:\/\/bisbalpenedes.com\/web\/wp-json\/wp\/v2\/posts\/33351"}],"collection":[{"href":"https:\/\/bisbalpenedes.com\/web\/wp-json\/wp\/v2\/posts"}],"about":[{"href":"https:\/\/bisbalpenedes.com\/web\/wp-json\/wp\/v2\/types\/post"}],"author":[{"embeddable":true,"href":"https:\/\/bisbalpenedes.com\/web\/wp-json\/wp\/v2\/users\/4"}],"replies":[{"embeddable":true,"href":"https:\/\/bisbalpenedes.com\/web\/wp-json\/wp\/v2\/comments?post=33351"}],"version-history":[{"count":1,"href":"https:\/\/bisbalpenedes.com\/web\/wp-json\/wp\/v2\/posts\/33351\/revisions"}],"predecessor-version":[{"id":33352,"href":"https:\/\/bisbalpenedes.com\/web\/wp-json\/wp\/v2\/posts\/33351\/revisions\/33352"}],"wp:featuredmedia":[{"embeddable":true,"href":"https:\/\/bisbalpenedes.com\/web\/wp-json\/wp\/v2\/media\/33271"}],"wp:attachment":[{"href":"https:\/\/bisbalpenedes.com\/web\/wp-json\/wp\/v2\/media?parent=33351"}],"wp:term":[{"taxonomy":"category","embeddable":true,"href":"https:\/\/bisbalpenedes.com\/web\/wp-json\/wp\/v2\/categories?post=33351"},{"taxonomy":"post_tag","embeddable":true,"href":"https:\/\/bisbalpenedes.com\/web\/wp-json\/wp\/v2\/tags?post=33351"}],"curies":[{"name":"wp","href":"https:\/\/api.w.org\/{rel}","templated":true}]}}