{"id":33347,"date":"2025-03-25T15:16:15","date_gmt":"2025-03-25T13:16:15","guid":{"rendered":"https:\/\/bisbalpenedes.com\/web\/?p=33347"},"modified":"2025-03-25T15:16:15","modified_gmt":"2025-03-25T13:16:15","slug":"el-passat-24-de-febrer-la-junta-de-govern-va-aprovar-dues-propostes-amb-competencia-delegada-del-ple","status":"publish","type":"post","link":"https:\/\/bisbalpenedes.com\/web\/2025\/03\/25\/el-passat-24-de-febrer-la-junta-de-govern-va-aprovar-dues-propostes-amb-competencia-delegada-del-ple\/","title":{"rendered":"<strong>El passat 24 de febrer la Junta de govern va aprovar dues propostes amb compet\u00e8ncia delegada del Ple<\/strong>"},"content":{"rendered":"\n<p>La Junta de govern del passat dilluns 24 de febrer va aprovar dues propostes amb compet\u00e8ncia del Ple delegada a la Junta de govern*. S\u00f3n les seg\u00fcents:<\/p>\n\n\n\n<p><strong>Recepci\u00f3 de les obres de la Riba.<\/strong><\/p>\n\n\n\n<p>Es va aprovar per unanimitat.<\/p>\n\n\n\n<p>El 13 de febrer, els directors facultatius de l&#8217;obra (l&#8217;arquitecta i l&#8217;enginyer municipal) van emetre informe on requerien a l&#8217;empresa contractista perqu\u00e8, en un termini m\u00e0xim d&#8217;un mes, esmenessin i finalitzessin determinades actuacions de l&#8217;obra. Es va proposar a la Junta de govern designar l&#8217;alcaldessa Agn\u00e8s Ferr\u00e9 com a representant de la Corporaci\u00f3 per a la recepci\u00f3 de les obres de millora de les infraestructures del barri de la Riba. Tamb\u00e9 es va proposar comunicar a l&#8217;empresa GICSA que la recepci\u00f3 de les obres ser\u00e0 el dia 31 de mar\u00e7 al mat\u00ed. A l&#8217;acta de recepci\u00f3 hi assistiran representants de l&#8217;empresa GICSA, l&#8217;alcaldessa, els directors de l&#8217;obra i la interventora municipal.<\/p>\n\n\n\n<p>Les obres de millora del barri de la Riba han incl\u00f2s el canvi de la xarxa d&#8217;aigua, el soterrament de l&#8217;enllumenat p\u00fablic i el canvi de bombetes per LED, la instal\u00b7laci\u00f3 d&#8217;hidrants de protecci\u00f3 contra incendis i la instal\u00b7laci\u00f3 de conduccions i arquetes soterrades per al cablejat de telecomunicacions.<\/p>\n\n\n\n<p><strong>Aprovaci\u00f3 definitiva del projecte de renovaci\u00f3 parcial de la xarxa d&#8217;aigua al nucli, Priorat i l&#8217;Esplai<\/strong><\/p>\n\n\n\n<p>Abans d&#8217;aprovar aquest punt, es va aprovar per unanimitat la urg\u00e8ncia d&#8217;incorporar la proposta de l&#8217;aprovaci\u00f3 definitiva del projecte de renovaci\u00f3 parcial de la xarxa d&#8217;aigua al Priorat, al nucli i a l&#8217;Esplai.<\/p>\n\n\n\n<p>Posteriorment, es va aprovar per unanimitat la proposta.<\/p>\n\n\n\n<p>La Junta de govern del 23 de desembre de 2024 va aprovar inicialment el &#8220;Projecte constructiu de millora de la xarxa d&#8217;abastament d&#8217;aigua per a la reducci\u00f3 de p\u00e8rdues al municipi de la Bisbal del Pened\u00e8s&#8221;, redactat per FCC Aqualia, SL, d&#8217;import 782.754,13\u20ac (IVA incl\u00f2s).<\/p>\n\n\n\n<p>Durant el per\u00edode d&#8217;exposici\u00f3 al p\u00fablic no s&#8217;han presentat al\u00b7legacions i, per tant, es va incloure la proposta d&#8217;aprovaci\u00f3 del projecte definitivament per poder licitar les obres. Com ja hem dit, es va aprovar per unanimitat.<\/p>\n\n\n\n<p><em>*Es van aprovar mitjan\u00e7ant l&#8217;acord Plenari del 6 de juliol de 2023 de delegaci\u00f3 de compet\u00e8ncies del Ple a la Junta de govern local. Les sessions de la Junta de govern local no s\u00f3n p\u00fabliques, per\u00f2 quan actua en compet\u00e8ncies delegades del Ple, la sessi\u00f3 se sotmet als mateixos requisits de publicitat de les sessions del Ple, que s\u00f3n p\u00fabliques. Per aquest motiu, es van obrir les portes perqu\u00e8 pogu\u00e9s assistir p\u00fablic durant el tractament i votaci\u00f3 d&#8217;aquestes propostes. Podeu trobar el v\u00eddeo aqu\u00ed: <a href=\"https:\/\/actes.bisbalpenedes.com\/session\/sessionDetail\/8a81808895a1eabc0195b3d8154f0003\">https:\/\/actes.bisbalpenedes.com\/session\/sessionDetail\/8a81808895a1eabc0195b3d8154f0003<\/a><\/em><\/p>\n\n\n\n<hr class=\"wp-block-separator has-alpha-channel-opacity\"\/>\n\n\n\n<h2><strong>El pasado 24 de febrero la Junta de gobierno aprob\u00f3 dos propuestas con competencia delegada del Pleno<\/strong><\/h2>\n\n\n\n<p>La Junta de gobierno del pasado lunes 24 de febrero aprob\u00f3 dos propuestas con competencia del Pleno delegada a la Junta de gobierno. &nbsp;Son las siguientes:<\/p>\n\n\n\n<p><strong>Recepci\u00f3n de las obras de la Riba.<\/strong><\/p>\n\n\n\n<p>Se aprob\u00f3 por unanimidad.<\/p>\n\n\n\n<p>El 13 de febrero, los directores facultativos de la obra (la arquitecta y el ingeniero municipal) emitieron informe donde requer\u00edan a la empresa contratista para que, en un plazo m\u00e1ximo de un mes, enmendaran y finalizaran determinadas actuaciones de la obra. Se propuso a la Junta de gobierno designar a la alcaldesa Agn\u00e8s Ferr\u00e9 como representante de la Corporaci\u00f3n para la recepci\u00f3n de las obras de mejora de las infraestructuras del barrio de la Riba. Tambi\u00e9n se propuso comunicar a la empresa GICSA que la recepci\u00f3n de las obras ser\u00e1 el d\u00eda 31 de marzo por la ma\u00f1ana. Al acta de recepci\u00f3n asistir\u00e1n representantes de la empresa GICSA, la alcaldesa, los directores de la obra y la interventora municipal.<\/p>\n\n\n\n<p>Las obras de mejora del barrio de la Riba han incluido el cambio de la red de agua, el soterramiento del alumbrado p\u00fablico y el cambio de bombillas por LED, la instalaci\u00f3n de hidrantes de protecci\u00f3n contra incendios y la instalaci\u00f3n de conducciones y arquetas sepultadas para el cableado de telecomunicaciones.<\/p>\n\n\n\n<p><strong>Aprobaci\u00f3n definitiva del proyecto de renovaci\u00f3n parcial de la red de agua en el n\u00facleo, el Priorat y L&#8217;Esplai<\/strong><\/p>\n\n\n\n<p>Antes de aprobar este punto, se aprob\u00f3 por unanimidad la urgencia de incorporar la propuesta de la aprobaci\u00f3n definitiva del proyecto de renovaci\u00f3n parcial de la red de agua en el Priorat, al n\u00facleo y L&#8217;Esplai.<\/p>\n\n\n\n<p>Posteriormente, se aprob\u00f3 por unanimidad la propuesta.<\/p>\n\n\n\n<p>La Junta de gobierno del 23 de diciembre de 2024 aprob\u00f3 inicialmente el &#8220;Proyecto constructivo de mejora de la red de abastecimiento de agua para la reducci\u00f3n de p\u00e9rdidas en el municipio de la Bisbal del Pened\u00e8s&#8221;, redactado por FCC Aqualia, SL, de importe 782.754,13\u20ac (IVA incluido).<\/p>\n\n\n\n<p>Durante el periodo de exposici\u00f3n al p\u00fablico no se han presentado alegaciones y, por lo tanto, se incluy\u00f3 la propuesta de aprobaci\u00f3n del proyecto definitivamente para poder licitar las obras. Como ya hemos dicho, se aprob\u00f3 por unanimidad.<\/p>\n\n\n\n<p><em>*Se aprobaron mediante el acuerdo Plenario del 6 de julio de 2023 de delegaci\u00f3n de competencias del Pleno a la Junta de gobierno local. Las sesiones de la Junta de gobierno local no son p\u00fablicas, pero cuando act\u00faa en competencias delegadas del Pleno, la sesi\u00f3n se somete a los mismos requisitos de publicidad de las sesiones del Pleno, que son p\u00fablicas. Por este motivo, se abrieron las puertas para que pudiera asistir p\u00fablico durante el tratamiento y votaci\u00f3n de estas propuestas. Pod\u00e9is encontrar el video aqu\u00ed: <a href=\"https:\/\/actes.bisbalpenedes.com\/session\/sessiondetail\/8a81808895a1eabc0195b3d8154f0003\">https:\/\/actes.bisbalpenedes.com\/session\/sessiondetail\/8a81808895a1eabc0195b3d8154f0003<\/a><\/em><\/p>\n","protected":false},"excerpt":{"rendered":"<p>La Junta de govern del passat dilluns 24 de febrer va aprovar dues propostes amb compet\u00e8ncia del Ple delegada a la Junta de govern*. S\u00f3n les seg\u00fcents: Recepci\u00f3 de les &hellip; <a href=\"https:\/\/bisbalpenedes.com\/web\/2025\/03\/25\/el-passat-24-de-febrer-la-junta-de-govern-va-aprovar-dues-propostes-amb-competencia-delegada-del-ple\/\" class=\"more-link\">Read More<\/a><\/p>\n","protected":false},"author":4,"featured_media":33348,"comment_status":"closed","ping_status":"closed","sticky":false,"template":"","format":"standard","meta":[],"categories":[3085,8],"tags":[5054,686,777,393,1337,7025],"_links":{"self":[{"href":"https:\/\/bisbalpenedes.com\/web\/wp-json\/wp\/v2\/posts\/33347"}],"collection":[{"href":"https:\/\/bisbalpenedes.com\/web\/wp-json\/wp\/v2\/posts"}],"about":[{"href":"https:\/\/bisbalpenedes.com\/web\/wp-json\/wp\/v2\/types\/post"}],"author":[{"embeddable":true,"href":"https:\/\/bisbalpenedes.com\/web\/wp-json\/wp\/v2\/users\/4"}],"replies":[{"embeddable":true,"href":"https:\/\/bisbalpenedes.com\/web\/wp-json\/wp\/v2\/comments?post=33347"}],"version-history":[{"count":1,"href":"https:\/\/bisbalpenedes.com\/web\/wp-json\/wp\/v2\/posts\/33347\/revisions"}],"predecessor-version":[{"id":33349,"href":"https:\/\/bisbalpenedes.com\/web\/wp-json\/wp\/v2\/posts\/33347\/revisions\/33349"}],"wp:featuredmedia":[{"embeddable":true,"href":"https:\/\/bisbalpenedes.com\/web\/wp-json\/wp\/v2\/media\/33348"}],"wp:attachment":[{"href":"https:\/\/bisbalpenedes.com\/web\/wp-json\/wp\/v2\/media?parent=33347"}],"wp:term":[{"taxonomy":"category","embeddable":true,"href":"https:\/\/bisbalpenedes.com\/web\/wp-json\/wp\/v2\/categories?post=33347"},{"taxonomy":"post_tag","embeddable":true,"href":"https:\/\/bisbalpenedes.com\/web\/wp-json\/wp\/v2\/tags?post=33347"}],"curies":[{"name":"wp","href":"https:\/\/api.w.org\/{rel}","templated":true}]}}