{"id":33340,"date":"2025-03-25T11:08:55","date_gmt":"2025-03-25T09:08:55","guid":{"rendered":"https:\/\/bisbalpenedes.com\/web\/?p=33340"},"modified":"2025-03-25T11:08:55","modified_gmt":"2025-03-25T09:08:55","slug":"el-consultori-medic-ha-organitzat-una-caminada-amb-motiu-del-dia-mundial-de-lactivitat-fisica","status":"publish","type":"post","link":"https:\/\/bisbalpenedes.com\/web\/2025\/03\/25\/el-consultori-medic-ha-organitzat-una-caminada-amb-motiu-del-dia-mundial-de-lactivitat-fisica\/","title":{"rendered":"El Consultori m\u00e8dic ha organitzat una caminada amb motiu del Dia Mundial de l&#8217;activitat f\u00edsica"},"content":{"rendered":"\n<p>Amb motiu del Dia Mundial de l&#8217;activitat f\u00edsica, el consultori m\u00e8dic de la Bisbal del Pened\u00e8s ha organitzat una sortida el 25 d&#8217;abril. Us hi podeu inscriure al taulell del consultori.<\/p>\n\n\n\n<hr class=\"wp-block-separator has-alpha-channel-opacity\"\/>\n\n\n\n<p>Con motivo del D\u00eda Mundial de la actividad f\u00edsica, el consultorio m\u00e9dico de la Bisbal del Pened\u00e8s ha organizado una salida el 25 de abril. Os pod\u00e9is inscribir a la misma en el mostrador del consultorio.<\/p>\n","protected":false},"excerpt":{"rendered":"<p>Amb motiu del Dia Mundial de l&#8217;activitat f\u00edsica, el consultori m\u00e8dic de la Bisbal del Pened\u00e8s ha organitzat una sortida el 25 d&#8217;abril. Us hi podeu inscriure al taulell del &hellip; <a href=\"https:\/\/bisbalpenedes.com\/web\/2025\/03\/25\/el-consultori-medic-ha-organitzat-una-caminada-amb-motiu-del-dia-mundial-de-lactivitat-fisica\/\" class=\"more-link\">Read More<\/a><\/p>\n","protected":false},"author":4,"featured_media":33341,"comment_status":"closed","ping_status":"closed","sticky":false,"template":"","format":"standard","meta":[],"categories":[8,14],"tags":[],"_links":{"self":[{"href":"https:\/\/bisbalpenedes.com\/web\/wp-json\/wp\/v2\/posts\/33340"}],"collection":[{"href":"https:\/\/bisbalpenedes.com\/web\/wp-json\/wp\/v2\/posts"}],"about":[{"href":"https:\/\/bisbalpenedes.com\/web\/wp-json\/wp\/v2\/types\/post"}],"author":[{"embeddable":true,"href":"https:\/\/bisbalpenedes.com\/web\/wp-json\/wp\/v2\/users\/4"}],"replies":[{"embeddable":true,"href":"https:\/\/bisbalpenedes.com\/web\/wp-json\/wp\/v2\/comments?post=33340"}],"version-history":[{"count":1,"href":"https:\/\/bisbalpenedes.com\/web\/wp-json\/wp\/v2\/posts\/33340\/revisions"}],"predecessor-version":[{"id":33342,"href":"https:\/\/bisbalpenedes.com\/web\/wp-json\/wp\/v2\/posts\/33340\/revisions\/33342"}],"wp:featuredmedia":[{"embeddable":true,"href":"https:\/\/bisbalpenedes.com\/web\/wp-json\/wp\/v2\/media\/33341"}],"wp:attachment":[{"href":"https:\/\/bisbalpenedes.com\/web\/wp-json\/wp\/v2\/media?parent=33340"}],"wp:term":[{"taxonomy":"category","embeddable":true,"href":"https:\/\/bisbalpenedes.com\/web\/wp-json\/wp\/v2\/categories?post=33340"},{"taxonomy":"post_tag","embeddable":true,"href":"https:\/\/bisbalpenedes.com\/web\/wp-json\/wp\/v2\/tags?post=33340"}],"curies":[{"name":"wp","href":"https:\/\/api.w.org\/{rel}","templated":true}]}}