{"id":33336,"date":"2025-03-25T10:27:44","date_gmt":"2025-03-25T08:27:44","guid":{"rendered":"https:\/\/bisbalpenedes.com\/web\/?p=33336"},"modified":"2025-03-25T10:31:05","modified_gmt":"2025-03-25T08:31:05","slug":"el-proxim-dijous-27-de-marc-se-celebrara-un-ple-extraordinari-a-lajuntament-de-la-bisbal-del-penedes","status":"publish","type":"post","link":"https:\/\/bisbalpenedes.com\/web\/2025\/03\/25\/el-proxim-dijous-27-de-marc-se-celebrara-un-ple-extraordinari-a-lajuntament-de-la-bisbal-del-penedes\/","title":{"rendered":"El pr\u00f2xim dijous 27 de mar\u00e7 se celebrar\u00e0 un Ple extraordinari a l&#8217;Ajuntament de la Bisbal del Pened\u00e8s"},"content":{"rendered":"\n<p>El pr\u00f2xim dijous 27 de mar\u00e7, a les 11:30h, se celebrar\u00e0 un Ple extraordinari a l&#8217;Ajuntament de la Bisbal del Pened\u00e8s amb el seg\u00fcent ordre del dia:<\/p>\n\n\n\n<p>1.-Aprovar inicialment la modificaci\u00f3 puntual de les Normes Subsidi\u00e0ries, amb ordenaci\u00f3 detallada de &#8220;Les Planes del Vent&#8221;.<\/p>\n\n\n\n<p>2.-Aprovar el reconeixement extrajudicial de cr\u00e8dit.<\/p>\n\n\n\n<p>3.-Aprovar donar suport al projecte d&#8217;implantaci\u00f3 del Vehicle Aut\u00f2nom i Connectat (CIVAC) a la comarca del Baix Pened\u00e8s.<\/p>\n\n\n\n<hr class=\"wp-block-separator has-alpha-channel-opacity\"\/>\n\n\n\n<p>El pr\u00f3ximo jueves 27 de marzo, a las 11:30h, se celebrar\u00e1 un Pleno extraordinario en el Ajuntament de la Bisbal del Pened\u00e8s con el siguiente orden del d\u00eda:<\/p>\n\n\n\n<p>1.-Aprobar inicialmente la modificaci\u00f3n puntual de las Normas Subsidiarias, con ordenaci\u00f3n detallada de &#8220;Les Planes del Vent&#8221;.<\/p>\n\n\n\n<p>2.-Aprobar el reconocimiento extrajudicial de cr\u00e9dito.<\/p>\n\n\n\n<p>3.-Aprobar dar apoyo al proyecto de implantaci\u00f3n del Veh\u00edculo Aut\u00f3nomo y Conectado (CIVAC) en la comarca del Baix Pened\u00e8s. <\/p>\n","protected":false},"excerpt":{"rendered":"<p>El pr\u00f2xim dijous 27 de mar\u00e7, a les 11:30h, se celebrar\u00e0 un Ple extraordinari a l&#8217;Ajuntament de la Bisbal del Pened\u00e8s amb el seg\u00fcent ordre del dia: 1.-Aprovar inicialment la &hellip; <a href=\"https:\/\/bisbalpenedes.com\/web\/2025\/03\/25\/el-proxim-dijous-27-de-marc-se-celebrara-un-ple-extraordinari-a-lajuntament-de-la-bisbal-del-penedes\/\" class=\"more-link\">Read More<\/a><\/p>\n","protected":false},"author":4,"featured_media":14975,"comment_status":"closed","ping_status":"closed","sticky":false,"template":"","format":"standard","meta":[],"categories":[8,2250],"tags":[459,7024,393,6311,423],"_links":{"self":[{"href":"https:\/\/bisbalpenedes.com\/web\/wp-json\/wp\/v2\/posts\/33336"}],"collection":[{"href":"https:\/\/bisbalpenedes.com\/web\/wp-json\/wp\/v2\/posts"}],"about":[{"href":"https:\/\/bisbalpenedes.com\/web\/wp-json\/wp\/v2\/types\/post"}],"author":[{"embeddable":true,"href":"https:\/\/bisbalpenedes.com\/web\/wp-json\/wp\/v2\/users\/4"}],"replies":[{"embeddable":true,"href":"https:\/\/bisbalpenedes.com\/web\/wp-json\/wp\/v2\/comments?post=33336"}],"version-history":[{"count":2,"href":"https:\/\/bisbalpenedes.com\/web\/wp-json\/wp\/v2\/posts\/33336\/revisions"}],"predecessor-version":[{"id":33338,"href":"https:\/\/bisbalpenedes.com\/web\/wp-json\/wp\/v2\/posts\/33336\/revisions\/33338"}],"wp:featuredmedia":[{"embeddable":true,"href":"https:\/\/bisbalpenedes.com\/web\/wp-json\/wp\/v2\/media\/14975"}],"wp:attachment":[{"href":"https:\/\/bisbalpenedes.com\/web\/wp-json\/wp\/v2\/media?parent=33336"}],"wp:term":[{"taxonomy":"category","embeddable":true,"href":"https:\/\/bisbalpenedes.com\/web\/wp-json\/wp\/v2\/categories?post=33336"},{"taxonomy":"post_tag","embeddable":true,"href":"https:\/\/bisbalpenedes.com\/web\/wp-json\/wp\/v2\/tags?post=33336"}],"curies":[{"name":"wp","href":"https:\/\/api.w.org\/{rel}","templated":true}]}}