{"id":33323,"date":"2025-03-24T14:17:27","date_gmt":"2025-03-24T12:17:27","guid":{"rendered":"https:\/\/bisbalpenedes.com\/web\/?p=33323"},"modified":"2025-03-24T14:17:44","modified_gmt":"2025-03-24T12:17:44","slug":"diada-in-memoriam-i-boutifarrada-2025","status":"publish","type":"post","link":"https:\/\/bisbalpenedes.com\/web\/2025\/03\/24\/diada-in-memoriam-i-boutifarrada-2025\/","title":{"rendered":"El 6 d&#8217;abril se celebrar\u00e0 la diada &#8216;In memoriam&#8217; i la Boutifarrada de la Colla Castellera La Bisbal del Pened\u00e8s"},"content":{"rendered":"\n<p>El 6 d&#8217;abril torna la diada &#8220;In memoriam&#8221; i la Boutifarrada de la Colla Castellera la Bisbal del Pened\u00e8s &#8211; Bous.<\/p>\n\n\n\n<p><strong>DIADA &#8220;IN MEMORIAM&#8221;<\/strong><br><strong>11h <\/strong>missa dedicada a tots ells, a l&#8217;esgl\u00e9sia de Santa Maria<br><strong>12h<\/strong> diada castellera amb els Castellers de Sant Feliu i la Colla Castellera La Bisbal del Pened\u00e8s &#8211; Bous<\/p>\n\n\n\n<p><strong>BOUTIFARRADA<\/strong><br><strong>13:30h<\/strong> &#8211; Vine a gaudir d\u2019un dinar de germanor obert a tothom! Bon ambient, menjar delici\u00f3s i molt bon rotllo! <br>Hi haur\u00e0 opci\u00f3 vegana i cel\u00edaca!<br>Compra els tiquets a:<\/p>\n\n\n\n<ul><li>Cal Perebusquet<\/li><li>Supermercat Jaume<\/li><li>Agro-Verd<\/li><li>Forn de les Escales<\/li><\/ul>\n\n\n\n<p>Si ets soci, tamb\u00e9 els pots comprar als assajos!<\/p>\n\n\n\n<p>Els Bous us hi esperen amb la panxa buida i el somriure preparat! <\/p>\n\n\n\n<figure class=\"wp-block-image size-large\"><img loading=\"lazy\" width=\"724\" height=\"1024\" src=\"https:\/\/bisbalpenedes.com\/web\/wp-content\/uploads\/2025\/03\/Cartell-Boutifarrada-_page-0001-724x1024.jpg\" alt=\"\" class=\"wp-image-33327\" srcset=\"https:\/\/bisbalpenedes.com\/web\/wp-content\/uploads\/2025\/03\/Cartell-Boutifarrada-_page-0001-724x1024.jpg 724w, https:\/\/bisbalpenedes.com\/web\/wp-content\/uploads\/2025\/03\/Cartell-Boutifarrada-_page-0001-212x300.jpg 212w, https:\/\/bisbalpenedes.com\/web\/wp-content\/uploads\/2025\/03\/Cartell-Boutifarrada-_page-0001-768x1086.jpg 768w, https:\/\/bisbalpenedes.com\/web\/wp-content\/uploads\/2025\/03\/Cartell-Boutifarrada-_page-0001-1086x1536.jpg 1086w, https:\/\/bisbalpenedes.com\/web\/wp-content\/uploads\/2025\/03\/Cartell-Boutifarrada-_page-0001-1448x2048.jpg 1448w, https:\/\/bisbalpenedes.com\/web\/wp-content\/uploads\/2025\/03\/Cartell-Boutifarrada-_page-0001-600x849.jpg 600w, https:\/\/bisbalpenedes.com\/web\/wp-content\/uploads\/2025\/03\/Cartell-Boutifarrada-_page-0001-scaled.jpg 1810w\" sizes=\"(max-width: 724px) 100vw, 724px\" \/><\/figure>\n\n\n\n<hr class=\"wp-block-separator has-alpha-channel-opacity\"\/>\n\n\n\n<p>El 6 de abril vuelve la diada &#8220;In memoriam&#8221; y la Boutifarrada de la Colla Castellera la Bisbal del Pened\u00e8s &#8211; Bous<\/p>\n\n\n\n<p><strong>DIADA &#8220;IN MEMORIAM&#8221;<\/strong><br><strong>11h<\/strong> misa dedicada a todos ellos, en la iglesia de Santa Maria<br><strong>12h<\/strong> diada castellera con los Castellers de Sant Feliu y la Colla Castellera La Bisbal del Pened\u00e8s &#8211; Bous<\/p>\n\n\n\n<p><strong>BOUTIFARRADA<\/strong><br><strong>13:30h<\/strong> &#8211; \u00a1Ven a disfrutar de una comida de hermandad abierta a todo el mundo! \u00a1Buen ambiente, comida deliciosa y muy buen rollo! <\/p>\n\n\n\n<p>\u00a1Habr\u00e1 opci\u00f3n vegana y cel\u00edaca!<\/p>\n\n\n\n<p>Compra los tiques en:<\/p>\n\n\n\n<ul><li>Cal Perebusquet<\/li><li>Supermercat Jaume<\/li><li>Agro-Verd<\/li><li>Forn de les Escales<\/li><\/ul>\n\n\n\n<p>Si eres socio, tambi\u00e9n puedes comprarlos en los ensayos.<\/p>\n\n\n\n<p>\u00a1Los Bous os esperan con el est\u00f3mago vac\u00edo y la sonrisa preparada! <\/p>\n\n\n\n<p><\/p>\n","protected":false},"excerpt":{"rendered":"<p>El 6 d&#8217;abril torna la diada &#8220;In memoriam&#8221; i la Boutifarrada de la Colla Castellera la Bisbal del Pened\u00e8s &#8211; Bous. DIADA &#8220;IN MEMORIAM&#8221;11h missa dedicada a tots ells, a &hellip; <a href=\"https:\/\/bisbalpenedes.com\/web\/2025\/03\/24\/diada-in-memoriam-i-boutifarrada-2025\/\" class=\"more-link\">Read More<\/a><\/p>\n","protected":false},"author":4,"featured_media":33326,"comment_status":"closed","ping_status":"closed","sticky":false,"template":"","format":"standard","meta":[],"categories":[20,8],"tags":[378,7021,7023,4302,7020,7022],"_links":{"self":[{"href":"https:\/\/bisbalpenedes.com\/web\/wp-json\/wp\/v2\/posts\/33323"}],"collection":[{"href":"https:\/\/bisbalpenedes.com\/web\/wp-json\/wp\/v2\/posts"}],"about":[{"href":"https:\/\/bisbalpenedes.com\/web\/wp-json\/wp\/v2\/types\/post"}],"author":[{"embeddable":true,"href":"https:\/\/bisbalpenedes.com\/web\/wp-json\/wp\/v2\/users\/4"}],"replies":[{"embeddable":true,"href":"https:\/\/bisbalpenedes.com\/web\/wp-json\/wp\/v2\/comments?post=33323"}],"version-history":[{"count":2,"href":"https:\/\/bisbalpenedes.com\/web\/wp-json\/wp\/v2\/posts\/33323\/revisions"}],"predecessor-version":[{"id":33329,"href":"https:\/\/bisbalpenedes.com\/web\/wp-json\/wp\/v2\/posts\/33323\/revisions\/33329"}],"wp:featuredmedia":[{"embeddable":true,"href":"https:\/\/bisbalpenedes.com\/web\/wp-json\/wp\/v2\/media\/33326"}],"wp:attachment":[{"href":"https:\/\/bisbalpenedes.com\/web\/wp-json\/wp\/v2\/media?parent=33323"}],"wp:term":[{"taxonomy":"category","embeddable":true,"href":"https:\/\/bisbalpenedes.com\/web\/wp-json\/wp\/v2\/categories?post=33323"},{"taxonomy":"post_tag","embeddable":true,"href":"https:\/\/bisbalpenedes.com\/web\/wp-json\/wp\/v2\/tags?post=33323"}],"curies":[{"name":"wp","href":"https:\/\/api.w.org\/{rel}","templated":true}]}}