{"id":33307,"date":"2025-03-21T17:16:57","date_gmt":"2025-03-21T15:16:57","guid":{"rendered":"https:\/\/bisbalpenedes.com\/web\/?p=33307"},"modified":"2025-03-21T17:16:57","modified_gmt":"2025-03-21T15:16:57","slug":"la-junta-de-govern-del-proper-dilluns-24-de-marc-conte-una-proposta-amb-competencia-delegada-del-ple","status":"publish","type":"post","link":"https:\/\/bisbalpenedes.com\/web\/2025\/03\/21\/la-junta-de-govern-del-proper-dilluns-24-de-marc-conte-una-proposta-amb-competencia-delegada-del-ple\/","title":{"rendered":"La Junta de govern del proper dilluns 24 de. mar\u00e7 cont\u00e9 una proposta amb compet\u00e8ncia delegada del Ple"},"content":{"rendered":"\n<p>El pr\u00f2xim dilluns 24 de mar\u00e7 se celebrar\u00e0 una Junta de Govern local que cont\u00e9 una proposta que \u00e9s compet\u00e8ncia del Ple delegada a la Junta, segons l\u2019acord plenari del 6 de juliol de 2023. \u00c9s la seg\u00fcent:<\/p>\n\n\n\n<p>\u00c9s el seg\u00fcent:<\/p>\n\n\n\n<p>\u00b7&nbsp;&nbsp;&nbsp;&nbsp;&nbsp;&nbsp;&nbsp;Expedient 1259\/2022&nbsp;Donar compte de&nbsp;la recepci\u00f3 de les obres de la fassina&nbsp;<\/p>\n\n\n\n<p>Les Sessions de la Junta de Govern Local no s\u00f3n p\u00fabliques, per\u00f2 quan actua en compet\u00e8ncies delegades del Ple, la sessi\u00f3 se sotmet als mateixos requisits de publicitat de les Sessions del Ple, que s\u00f3n p\u00fabliques. Aix\u00ed ho va declarar la STS 161\/2013, de 26 de setembre. Per aquest motiu, a les 10h s\u2019obriran les portes de la sala de plens perqu\u00e8 hi pugui assistir p\u00fablic i aquest punt de l\u2019ordre del dia es gravar\u00e0 per, posteriorment, publicar el v\u00eddeo per garantir la publicitat d\u2019aquest punt.<\/p>\n\n\n\n<hr class=\"wp-block-separator has-alpha-channel-opacity\"\/>\n\n\n\n<p><strong>La Junta de Gobierno del pr\u00f3ximo lunes 24 de marzo contiene una propuesta con competencia delegada del Pleno<\/strong><\/p>\n\n\n\n<p>El pr\u00f3ximo lunes 24 de marzo se celebrar\u00e1 una Junta de Gobierno Local que contiene una propuesta que es competencia del Pleno delegada a la Junta, seg\u00fan el acuerdo plenario del 6 de julio de 2023. Es la siguiente:<\/p>\n\n\n\n<ul><li>Expediente 1259\/2022 Dar cuenta de la recepci\u00f3n de las obras de la&nbsp;<em>fassina<\/em>.<\/li><\/ul>\n\n\n\n<p>Las sesiones de la Junta de Gobierno Local no son p\u00fablicas, pero cuando act\u00faa en competencias delegadas del Pleno, la sesi\u00f3n se somete a los mismos requisitos de publicidad que las sesiones del Pleno, que s\u00ed son p\u00fablicas. As\u00ed lo declar\u00f3 la STS 161\/2013, de 26 de septiembre.<\/p>\n\n\n\n<p>Por este motivo, a las 10 h se abrir\u00e1n las puertas de la sala de plenos para que pueda asistir el p\u00fablico y este punto del orden del d\u00eda se grabar\u00e1 para, posteriormente, publicar el v\u00eddeo y garantizar la publicidad de este punto.<\/p>\n","protected":false},"excerpt":{"rendered":"<p>El pr\u00f2xim dilluns 24 de mar\u00e7 se celebrar\u00e0 una Junta de Govern local que cont\u00e9 una proposta que \u00e9s compet\u00e8ncia del Ple delegada a la Junta, segons l\u2019acord plenari del &hellip; <a href=\"https:\/\/bisbalpenedes.com\/web\/2025\/03\/21\/la-junta-de-govern-del-proper-dilluns-24-de-marc-conte-una-proposta-amb-competencia-delegada-del-ple\/\" class=\"more-link\">Read More<\/a><\/p>\n","protected":false},"author":4,"featured_media":29020,"comment_status":"closed","ping_status":"closed","sticky":false,"template":"","format":"standard","meta":[],"categories":[3085,8,2250],"tags":[459,686,393],"_links":{"self":[{"href":"https:\/\/bisbalpenedes.com\/web\/wp-json\/wp\/v2\/posts\/33307"}],"collection":[{"href":"https:\/\/bisbalpenedes.com\/web\/wp-json\/wp\/v2\/posts"}],"about":[{"href":"https:\/\/bisbalpenedes.com\/web\/wp-json\/wp\/v2\/types\/post"}],"author":[{"embeddable":true,"href":"https:\/\/bisbalpenedes.com\/web\/wp-json\/wp\/v2\/users\/4"}],"replies":[{"embeddable":true,"href":"https:\/\/bisbalpenedes.com\/web\/wp-json\/wp\/v2\/comments?post=33307"}],"version-history":[{"count":1,"href":"https:\/\/bisbalpenedes.com\/web\/wp-json\/wp\/v2\/posts\/33307\/revisions"}],"predecessor-version":[{"id":33308,"href":"https:\/\/bisbalpenedes.com\/web\/wp-json\/wp\/v2\/posts\/33307\/revisions\/33308"}],"wp:featuredmedia":[{"embeddable":true,"href":"https:\/\/bisbalpenedes.com\/web\/wp-json\/wp\/v2\/media\/29020"}],"wp:attachment":[{"href":"https:\/\/bisbalpenedes.com\/web\/wp-json\/wp\/v2\/media?parent=33307"}],"wp:term":[{"taxonomy":"category","embeddable":true,"href":"https:\/\/bisbalpenedes.com\/web\/wp-json\/wp\/v2\/categories?post=33307"},{"taxonomy":"post_tag","embeddable":true,"href":"https:\/\/bisbalpenedes.com\/web\/wp-json\/wp\/v2\/tags?post=33307"}],"curies":[{"name":"wp","href":"https:\/\/api.w.org\/{rel}","templated":true}]}}