{"id":33302,"date":"2025-03-21T17:03:41","date_gmt":"2025-03-21T15:03:41","guid":{"rendered":"https:\/\/bisbalpenedes.com\/web\/?p=33302"},"modified":"2025-03-24T14:29:03","modified_gmt":"2025-03-24T12:29:03","slug":"el-30-de-marc-se-celebrara-una-nova-edicio-dels-reptes-esportius-en-familia-a-la-bisbal-del-penedes","status":"publish","type":"post","link":"https:\/\/bisbalpenedes.com\/web\/2025\/03\/21\/el-30-de-marc-se-celebrara-una-nova-edicio-dels-reptes-esportius-en-familia-a-la-bisbal-del-penedes\/","title":{"rendered":"<strong>El 30 de mar\u00e7 se celebrar\u00e0 una nova edici\u00f3 dels Reptes Esportius en Fam\u00edlia a la Bisbal del Pened\u00e8s<\/strong>"},"content":{"rendered":"\n<p><strong>ACTUALITZACI\u00d3 24-3-25 | PLACES EXHAURIDES \/ PLAZAS AGOTADAS<\/strong><\/p>\n\n\n\n<p>El pr\u00f2xim 30 de mar\u00e7, el Camp de Futbol Municipal de la Bisbal del Pened\u00e8s acollir\u00e0 una nova edici\u00f3 dels Repte Esportius en Fam\u00edlia. Aquesta activitat, organitzada des dels Consells Esportius de Catalunya i el Consell Esportiu del Baix Pened\u00e8s, ofereix una oportunitat \u00fanica per a fam\u00edlies que vulguin passar una jornada activa i divertida.<\/p>\n\n\n\n<p>Els participants es podran dividir en equips de quatre, amb un m\u00ednim d&#8217;un adult per equip (a partir dels 4 anys). Les activitats inclouran jocs de punteria, transport d&#8217;objectes, relleus, tir amb arc i moltes altres proves esportives per a totes les edats.<\/p>\n\n\n\n<p>La cita ser\u00e0 de 11h a 13h, i \u00e9s totalment gratu\u00efta, per\u00f2 les places s\u00f3n limitades. Les inscripcions es poden fer a trav\u00e9s del QR que apareix al cartell. El l\u00edmit per apuntar-se \u00e9s el dilluns 24 de mar\u00e7.<\/p>\n\n\n\n<p>Aquesta \u00e9s una fant\u00e0stica oportunitat per gaudir en fam\u00edlia mentre es practiquen diferents esports. No hi falteu!<\/p>\n\n\n\n<hr class=\"wp-block-separator has-alpha-channel-opacity\"\/>\n\n\n\n<h2><strong>El 30 de marzo se celebrar\u00e1 una nueva edici\u00f3n de los Retos Deportivos en Familia en la Bisbal del Pened\u00e8s<\/strong><\/h2>\n\n\n\n<p>El pr\u00f3ximo 30 de marzo, el Campo de F\u00fatbol Municipal de la Bisbal del Pened\u00e8s acoger\u00e1 una nueva edici\u00f3n de los Retos Deportivos en Familia. Esta actividad, organizada por los Consells Esportius de Catalunya y el Consell Esportiu del Baix Pened\u00e8s, ofrece una oportunidad \u00fanica para familias que quieran pasar una jornada activa y divertida.<\/p>\n\n\n\n<p>Los participantes podr\u00e1n dividirse en equipos de cuatro, con un m\u00ednimo de un adulto por equipo (a partir de los 4 a\u00f1os). Las actividades incluir\u00e1n juegos de punter\u00eda, transporte de objetos, relevos, tiro con arco y muchas otras pruebas deportivas para todas las edades.<\/p>\n\n\n\n<p>El evento tendr\u00e1 lugar de <strong>11 h a 13 h<\/strong> y es totalmente gratuito, pero las plazas son limitadas. Las inscripciones se pueden realizar a trav\u00e9s del QR que aparece en el cartel. El plazo para apuntarse finaliza el <strong>lunes 24 de marzo<\/strong><strong>.<\/strong><\/p>\n\n\n\n<p>Esta es una fant\u00e1stica oportunidad para disfrutar en familia mientras se practican diferentes deportes. \u00a1No os lo perd\u00e1is!<\/p>\n\n\n\n<p><\/p>\n","protected":false},"excerpt":{"rendered":"<p>ACTUALITZACI\u00d3 24-3-25 | PLACES EXHAURIDES \/ PLAZAS AGOTADAS El pr\u00f2xim 30 de mar\u00e7, el Camp de Futbol Municipal de la Bisbal del Pened\u00e8s acollir\u00e0 una nova edici\u00f3 dels Repte Esportius &hellip; <a href=\"https:\/\/bisbalpenedes.com\/web\/2025\/03\/21\/el-30-de-marc-se-celebrara-una-nova-edicio-dels-reptes-esportius-en-familia-a-la-bisbal-del-penedes\/\" class=\"more-link\">Read More<\/a><\/p>\n","protected":false},"author":4,"featured_media":33333,"comment_status":"closed","ping_status":"closed","sticky":false,"template":"","format":"standard","meta":[],"categories":[19,8],"tags":[393,7017],"_links":{"self":[{"href":"https:\/\/bisbalpenedes.com\/web\/wp-json\/wp\/v2\/posts\/33302"}],"collection":[{"href":"https:\/\/bisbalpenedes.com\/web\/wp-json\/wp\/v2\/posts"}],"about":[{"href":"https:\/\/bisbalpenedes.com\/web\/wp-json\/wp\/v2\/types\/post"}],"author":[{"embeddable":true,"href":"https:\/\/bisbalpenedes.com\/web\/wp-json\/wp\/v2\/users\/4"}],"replies":[{"embeddable":true,"href":"https:\/\/bisbalpenedes.com\/web\/wp-json\/wp\/v2\/comments?post=33302"}],"version-history":[{"count":3,"href":"https:\/\/bisbalpenedes.com\/web\/wp-json\/wp\/v2\/posts\/33302\/revisions"}],"predecessor-version":[{"id":33334,"href":"https:\/\/bisbalpenedes.com\/web\/wp-json\/wp\/v2\/posts\/33302\/revisions\/33334"}],"wp:featuredmedia":[{"embeddable":true,"href":"https:\/\/bisbalpenedes.com\/web\/wp-json\/wp\/v2\/media\/33333"}],"wp:attachment":[{"href":"https:\/\/bisbalpenedes.com\/web\/wp-json\/wp\/v2\/media?parent=33302"}],"wp:term":[{"taxonomy":"category","embeddable":true,"href":"https:\/\/bisbalpenedes.com\/web\/wp-json\/wp\/v2\/categories?post=33302"},{"taxonomy":"post_tag","embeddable":true,"href":"https:\/\/bisbalpenedes.com\/web\/wp-json\/wp\/v2\/tags?post=33302"}],"curies":[{"name":"wp","href":"https:\/\/api.w.org\/{rel}","templated":true}]}}