{"id":33293,"date":"2025-03-20T22:27:55","date_gmt":"2025-03-20T20:27:55","guid":{"rendered":"https:\/\/bisbalpenedes.com\/web\/?p=33293"},"modified":"2025-03-20T22:30:41","modified_gmt":"2025-03-20T20:30:41","slug":"aquest-divendres-21-de-marc-es-el-dia-mundial-de-les-persones-amb-sindrome-de-down","status":"publish","type":"post","link":"https:\/\/bisbalpenedes.com\/web\/2025\/03\/20\/aquest-divendres-21-de-marc-es-el-dia-mundial-de-les-persones-amb-sindrome-de-down\/","title":{"rendered":"Aquest divendres 21 de mar\u00e7 \u00e9s el Dia Mundial de les persones amb S\u00edndrome de Down"},"content":{"rendered":"\n<p>Aquest divendres 21 de mar\u00e7 \u00e9s el dia mundial de la S\u00edndrome de Down i, per aquest motiu, la Casa de la Vila s&#8217;il\u00b7luminar\u00e0 de color blau aquest vespre. La data (21\/3) es va triar en relaci\u00f3 amb la trisomia (3 cromosomes) del parell cromosom\u00e0tic i el fet que l&#8217;alteraci\u00f3 causant de la s\u00edndrome \u00e9s la 21.<\/p>\n\n\n\n<p>El lema triat per a enguany per l&#8217;associaci\u00f3 Down \u00e9s #TantComTu i t\u00e9 l&#8217;objectiu de combatre els estereotips sobre la discapacitat, convidant la societat a crear un m\u00f3n m\u00e9s solidari, centrant-se en tot all\u00f2 que ens \u00e9s com\u00fa com a humanitat.<\/p>\n\n\n\n<hr class=\"wp-block-separator has-alpha-channel-opacity\"\/>\n\n\n\n<p>Este viernes 21 de marzo es el d\u00eda mundial del S\u00edndrome de Down y, por este motivo, la Casa de la Vila se iluminar\u00e1 de color azul esta noche. La fecha (21\/3) se eligi\u00f3 en relaci\u00f3n con la trisom\u00eda (3 cromosomas) del par cromosom\u00e1tico y el hecho que la alteraci\u00f3n causante del s\u00edndrome es la 21.<\/p>\n\n\n\n<p>El lema elegido para este a\u00f1o por la asociaci\u00f3n Down es #TanComoTu y tiene el objetivo de combatir los estereotipos sobre la discapacidad, invitando a la sociedad a crear un mundo m\u00e1s solidario, centr\u00e1ndose en todo lo que nos es com\u00fan como humanidad.<\/p>\n\n\n\n<p><\/p>\n","protected":false},"excerpt":{"rendered":"<p>Aquest divendres 21 de mar\u00e7 \u00e9s el dia mundial de la S\u00edndrome de Down i, per aquest motiu, la Casa de la Vila s&#8217;il\u00b7luminar\u00e0 de color blau aquest vespre. La &hellip; <a href=\"https:\/\/bisbalpenedes.com\/web\/2025\/03\/20\/aquest-divendres-21-de-marc-es-el-dia-mundial-de-les-persones-amb-sindrome-de-down\/\" class=\"more-link\">Read More<\/a><\/p>\n","protected":false},"author":4,"featured_media":21278,"comment_status":"closed","ping_status":"closed","sticky":false,"template":"","format":"standard","meta":[],"categories":[2402,8,14],"tags":[459,5019,7013,393,5151],"_links":{"self":[{"href":"https:\/\/bisbalpenedes.com\/web\/wp-json\/wp\/v2\/posts\/33293"}],"collection":[{"href":"https:\/\/bisbalpenedes.com\/web\/wp-json\/wp\/v2\/posts"}],"about":[{"href":"https:\/\/bisbalpenedes.com\/web\/wp-json\/wp\/v2\/types\/post"}],"author":[{"embeddable":true,"href":"https:\/\/bisbalpenedes.com\/web\/wp-json\/wp\/v2\/users\/4"}],"replies":[{"embeddable":true,"href":"https:\/\/bisbalpenedes.com\/web\/wp-json\/wp\/v2\/comments?post=33293"}],"version-history":[{"count":2,"href":"https:\/\/bisbalpenedes.com\/web\/wp-json\/wp\/v2\/posts\/33293\/revisions"}],"predecessor-version":[{"id":33295,"href":"https:\/\/bisbalpenedes.com\/web\/wp-json\/wp\/v2\/posts\/33293\/revisions\/33295"}],"wp:featuredmedia":[{"embeddable":true,"href":"https:\/\/bisbalpenedes.com\/web\/wp-json\/wp\/v2\/media\/21278"}],"wp:attachment":[{"href":"https:\/\/bisbalpenedes.com\/web\/wp-json\/wp\/v2\/media?parent=33293"}],"wp:term":[{"taxonomy":"category","embeddable":true,"href":"https:\/\/bisbalpenedes.com\/web\/wp-json\/wp\/v2\/categories?post=33293"},{"taxonomy":"post_tag","embeddable":true,"href":"https:\/\/bisbalpenedes.com\/web\/wp-json\/wp\/v2\/tags?post=33293"}],"curies":[{"name":"wp","href":"https:\/\/api.w.org\/{rel}","templated":true}]}}