{"id":33273,"date":"2025-03-19T15:39:22","date_gmt":"2025-03-19T13:39:22","guid":{"rendered":"https:\/\/bisbalpenedes.com\/web\/?p=33273"},"modified":"2025-03-19T15:39:32","modified_gmt":"2025-03-19T13:39:32","slug":"lajuntament-inicia-els-treballs-de-control-de-la-processionaria-al-municipi","status":"publish","type":"post","link":"https:\/\/bisbalpenedes.com\/web\/2025\/03\/19\/lajuntament-inicia-els-treballs-de-control-de-la-processionaria-al-municipi\/","title":{"rendered":"L&#8217;Ajuntament inicia els treballs de control de la procession\u00e0ria al municipi"},"content":{"rendered":"\n<p>Ahir dimarts es van iniciar els treballs preparatoris per a la campanya de control de la procession\u00e0ria del 2025, que comen\u00e7ar\u00e0 aquesta primavera. En aquesta primera fase, es va fer una revisi\u00f3 dels sacs de feromones i es van retirar algunes bosses d\u2019erugues detectades en diferents punts del municipi.<\/p>\n\n\n\n<p>Aquestes accions formen part del pla de prevenci\u00f3 i control d\u2019aquesta plaga, que afecta principalment els pins i pot suposar un risc tant per als arbres com per a persones i animals i que, enguany, ha guanyat molta pres\u00e8ncia a causa dels canvis en la climatologia i la sequera que hem patit. M\u00e9s endavant, es dur\u00e0 a terme la segona fase del tractament, amb l\u2019objectiu de reduir la pres\u00e8ncia de la procession\u00e0ria i minimitzar-ne els efectes negatius.<\/p>\n\n\n\n<p>L&#8217;Ajuntament continua treballant en la lluita contra aquesta plaga mitjan\u00e7ant mesures de prevenci\u00f3 en zones boscoses pr\u00f2ximes als habitatges i actuacions concretes en l&#8217;arbrat p\u00fablic i en determinades zones amb m\u00e9s aflu\u00e8ncia de persones per garantir la salut dels espais verds del municipi.<\/p>\n\n\n\n<hr class=\"wp-block-separator has-alpha-channel-opacity\"\/>\n\n\n\n<h2><strong>El Ayuntamiento inicia los trabajos de control de la procesionaria en el municipio<\/strong><\/h2>\n\n\n\n<p>Ayer martes se iniciaron los trabajos preparatorios para la campa\u00f1a de control de la procesionaria de 2025, que comenzar\u00e1 esta primavera. En esta primera fase, se llev\u00f3 a cabo una revisi\u00f3n de los sacos de feromonas y se retiraron algunas bolsas de orugas detectadas en diferentes puntos del municipio.<\/p>\n\n\n\n<p>Estas acciones forman parte del plan de prevenci\u00f3n y control de esta plaga, que afecta principalmente a los pinos y puede suponer un riesgo tanto para los \u00e1rboles como para las personas y los animales. Este a\u00f1o, su presencia ha aumentado considerablemente debido a los cambios en la climatolog\u00eda y la sequ\u00eda que hemos sufrido. M\u00e1s adelante, se llevar\u00e1 a cabo la segunda fase del tratamiento, con el objetivo de reducir la presencia de la procesionaria y minimizar sus efectos negativos.<\/p>\n\n\n\n<p>El Ayuntamiento sigue trabajando en la lucha contra esta plaga mediante medidas de prevenci\u00f3n en zonas boscosas pr\u00f3ximas&nbsp;las viviendas y actuaciones concretas en el arbolado p\u00fablico y en determinadas zonas con mayor afluencia de personas para garantizar la salud de los espacios verdes del municipio.<\/p>\n","protected":false},"excerpt":{"rendered":"<p>Ahir dimarts es van iniciar els treballs preparatoris per a la campanya de control de la procession\u00e0ria del 2025, que comen\u00e7ar\u00e0 aquesta primavera. En aquesta primera fase, es va fer &hellip; <a href=\"https:\/\/bisbalpenedes.com\/web\/2025\/03\/19\/lajuntament-inicia-els-treballs-de-control-de-la-processionaria-al-municipi\/\" class=\"more-link\">Read More<\/a><\/p>\n","protected":false},"author":4,"featured_media":33274,"comment_status":"closed","ping_status":"closed","sticky":false,"template":"","format":"standard","meta":[],"categories":[8,14],"tags":[3547,3992],"_links":{"self":[{"href":"https:\/\/bisbalpenedes.com\/web\/wp-json\/wp\/v2\/posts\/33273"}],"collection":[{"href":"https:\/\/bisbalpenedes.com\/web\/wp-json\/wp\/v2\/posts"}],"about":[{"href":"https:\/\/bisbalpenedes.com\/web\/wp-json\/wp\/v2\/types\/post"}],"author":[{"embeddable":true,"href":"https:\/\/bisbalpenedes.com\/web\/wp-json\/wp\/v2\/users\/4"}],"replies":[{"embeddable":true,"href":"https:\/\/bisbalpenedes.com\/web\/wp-json\/wp\/v2\/comments?post=33273"}],"version-history":[{"count":1,"href":"https:\/\/bisbalpenedes.com\/web\/wp-json\/wp\/v2\/posts\/33273\/revisions"}],"predecessor-version":[{"id":33275,"href":"https:\/\/bisbalpenedes.com\/web\/wp-json\/wp\/v2\/posts\/33273\/revisions\/33275"}],"wp:featuredmedia":[{"embeddable":true,"href":"https:\/\/bisbalpenedes.com\/web\/wp-json\/wp\/v2\/media\/33274"}],"wp:attachment":[{"href":"https:\/\/bisbalpenedes.com\/web\/wp-json\/wp\/v2\/media?parent=33273"}],"wp:term":[{"taxonomy":"category","embeddable":true,"href":"https:\/\/bisbalpenedes.com\/web\/wp-json\/wp\/v2\/categories?post=33273"},{"taxonomy":"post_tag","embeddable":true,"href":"https:\/\/bisbalpenedes.com\/web\/wp-json\/wp\/v2\/tags?post=33273"}],"curies":[{"name":"wp","href":"https:\/\/api.w.org\/{rel}","templated":true}]}}