{"id":33270,"date":"2025-03-19T13:29:24","date_gmt":"2025-03-19T11:29:24","guid":{"rendered":"https:\/\/bisbalpenedes.com\/web\/?p=33270"},"modified":"2025-03-20T15:24:23","modified_gmt":"2025-03-20T13:24:23","slug":"el-ple-ordinari-daquest-dilluns-ha-aprovat-el-pla-estrategic-de-subvencions-2025-2027","status":"publish","type":"post","link":"https:\/\/bisbalpenedes.com\/web\/2025\/03\/19\/el-ple-ordinari-daquest-dilluns-ha-aprovat-el-pla-estrategic-de-subvencions-2025-2027\/","title":{"rendered":"El Ple ordinari d\u2019aquest dilluns ha aprovat el Pla estrat\u00e8gic de subvencions 2025-2027"},"content":{"rendered":"\n<p>El Ple ordinari celebrat el dilluns 17 de mar\u00e7 ha aprovat el Pla estrat\u00e8gic de subvencions dels anys 2025, 2026 i 2027 amb un import total de 123.120\u20ac anuals. Aquest import es destinar\u00e0 a concedir subvencions a favor de persones o entitats privades amb la finalitat de fomentar la realitzaci\u00f3 d\u2019activitats d\u2019utilitat p\u00fablica o d\u2019inter\u00e8s local. Aquest import ja estava previst en el pressupost 2025, que ja est\u00e0 aprovat definitivament.<\/p>\n\n\n\n<p>Les subvencions, per als pr\u00f2xims tres anys, es divideixen en set \u00e0rees.<\/p>\n\n\n\n<p>1<span style=\"text-decoration: underline;\">.-Assist\u00e8ncia social prim\u00e0ria: 10.000\u20ac<\/span><\/p>\n\n\n\n<p>\u00b7Es tracta d\u2019<strong>ajudes econ\u00f2miques d\u2019urg\u00e8ncia social<\/strong>&nbsp;per atendre necessitats puntuals i b\u00e0siques de subsist\u00e8ncia de persones en situaci\u00f3 de vulnerabilitat i exclusi\u00f3 social. S\u00f3n de concessi\u00f3 directa, pr\u00e8via valoraci\u00f3 de Serveis Socials.<\/p>\n\n\n\n<p><span style=\"text-decoration: underline;\">2.-Foment de l\u2019ocupaci\u00f3: 10.000\u20ac<\/span><\/p>\n\n\n\n<p><strong>\u00b7S\u00f3n les subvencions per a nous aut\u00f2noms,<\/strong>&nbsp;\u00e9s a dir, bisbalencs i bisbalenques que s\u2019hagin establert com a aut\u00f2noms.<\/p>\n\n\n\n<p><span style=\"text-decoration: underline;\">3.-Ensenyament: 56.620\u20ac<\/span><\/p>\n\n\n\n<p>Inclou diverses subvencions:<\/p>\n\n\n\n<p><strong>\u00b7Subvenci\u00f3 per a l\u2019escola Ull de Vent:&nbsp;<\/strong>16.620\u20ac. Es tracta d\u2019una subvenci\u00f3 nominativa per a l\u2019escola de la Bisbal del Pened\u00e8s, per al material escolar de tots els cursos.<\/p>\n\n\n\n<p>\u00b7<strong>Subvencions escolars de prim\u00e0ria de l\u2019escola Ull de Vent<\/strong>: llibres, transport escolar i menjador escolar: 30.000\u20ac. Ajudes per fer front a les despeses derivades de l\u2019adquisici\u00f3 dels llibres de text de prim\u00e0ria, i dels serveis de transport i menjador escolar, aix\u00ed com per afavorir la socialitzaci\u00f3 d\u2019aquests llibres, fomentar l\u2019\u00fas del transport escolar del Consell Comarcal del Baix Pened\u00e8s i facilitar la conciliaci\u00f3 de la vida familiar i laboral.<\/p>\n\n\n\n<p>\u00b7<strong>Subvenci\u00f3 per als llibres escolars de l\u2019institut Coster de la Torre:<\/strong>&nbsp;10.000\u20ac. Subvencions en mat\u00e8ria d\u2019ensenyament per a l\u2019adquisici\u00f3 dels llibres de text de l\u2019institut Coster de la Torre per a cada curs escolar.<\/p>\n\n\n\n<p><span style=\"text-decoration: underline;\">4.-Promoci\u00f3 cultural: 18.500\u20ac<\/span><\/p>\n\n\n\n<p>\u00b7<strong>Premis del concurs literari de Sant Jordi:<\/strong>&nbsp;1.500\u20ac<\/p>\n\n\n\n<p><strong>\u00b7Subvenci\u00f3 per a entitats i associacions:&nbsp;<\/strong>5.000\u20ac. Subvencions per a entitats culturals i associacions de ve\u00efns del municipi destinades al finan\u00e7ament de les activitats que organitzin i de les despeses ordin\u00e0ries que suportin durant cada any.<\/p>\n\n\n\n<p>\u00b7<strong>Convenis amb La Societat:<\/strong>&nbsp;12.000\u20ac<\/p>\n\n\n\n<p><span style=\"text-decoration: underline;\">5.-Promoci\u00f3 de l\u2019esport: 25.000\u20ac<\/span><\/p>\n\n\n\n<p>\u00b7<strong>Patrocinis esportius<\/strong>: 2.000\u20ac<\/p>\n\n\n\n<p>\u00b7C<strong>onveni amb Joventut Bisbalenca CF:<\/strong>&nbsp;23.000\u20ac<\/p>\n\n\n\n<p><span style=\"text-decoration: underline;\">6.-Subvencions a la natalitat i adopci\u00f3: 3.000\u20ac<\/span><\/p>\n\n\n\n<p><strong>\u00b7Subvencions a les fam\u00edlies que han tingut o adoptat un\/a fill\/a<\/strong>&nbsp;durant l\u2019any anterior, consistents en un ajut de car\u00e0cter econ\u00f2mic, per un import de 100\u20ac, dividits en 10 vals d\u2019un valor de 10\u20ac cadascun, per a ser bescanviat en els comer\u00e7os adherits a la campanya.<\/p>\n\n\n\n<p>Els plans estrat\u00e8gics de subvencions es basen en l\u2019article 8 de la Llei 38\/2003 General de Subvencions, de 17 de novembre, on es disposa que les administracions que estableixin subvencions han de concretar un Pla estrat\u00e8gic de subvencions els objectius i els efectes que es pretenen amb cadascuna de les subvencions, els costos previsibles, les fonts de finan\u00e7ament i el fet que sempre es compleixin els objectius d\u2019estabilitat pressupost\u00e0ria. El Pla detalla, per a cada subvenci\u00f3, el cost previsible, la modalitat de concessi\u00f3, la descripci\u00f3, els objectius, els destinataris i l\u2019aplicaci\u00f3 pressupost\u00e0ria.<\/p>\n\n\n\n<p>Independentment d\u2019aquestes subvencions, totes les entitats i associacions -demanin o no subvencions- compten amb el suport log\u00edstic i d\u2019espais de l\u2019Ajuntament de la Bisbal del Pened\u00e8s per fer les seves activitats.<\/p>\n\n\n\n<p>Aquest punt de l\u2019ordre del dia es va aprovar amb els vots a favor de l\u2019equip de govern (5 de Comprom\u00eds amb la Bisbal i 1 del PSC) i els vots en contra de l\u2019oposici\u00f3 (2 de La Bisbal Decideix i 2 de Tots Som la Bisbal \u2013 Urbanizaciones Unidas).&nbsp;Pr\u00f2ximament, es podr\u00e0 veure el v\u00eddeo del Ple al&nbsp;<a href=\"https:\/\/actes.bisbalpenedes.com\/session\/portadaPublica\">web municipal.<\/a><\/p>\n\n\n\n<hr class=\"wp-block-separator has-alpha-channel-opacity\"\/>\n\n\n\n<p><strong>El Pleno ordinario de este lunes ha aprobado el Plan Estrat\u00e9gico de Subvenciones 2025-2027<\/strong><\/p>\n\n\n\n<p>El Pleno ordinario celebrado el lunes 17 de marzo aprob\u00f3 el Plan Estrat\u00e9gico de Subvenciones para los a\u00f1os 2025, 2026 y 2027 con un importe total de 123.120\u20ac anuales. Este importe se destinar\u00e1 a conceder subvenciones a favor de personas o entidades privadas con el fin de fomentar la realizaci\u00f3n de actividades de utilidad p\u00fablica o de inter\u00e9s local. Este importe ya estaba previsto en el presupuesto 2025, que ya est\u00e1 aprobado definitivamente.<\/p>\n\n\n\n<p>Las subvenciones, para los pr\u00f3ximos tres a\u00f1os, se dividen en siete \u00e1reas:<\/p>\n\n\n\n<p><span style=\"text-decoration: underline;\">1.-&nbsp;Asistencia social primaria:&nbsp;10.000\u20ac<\/span><br>\u00b7 Se trata de&nbsp;<strong>ayudas econ\u00f3micas de urgencia social&nbsp;<\/strong>para atender necesidades puntuales y b\u00e1sicas de subsistencia de personas en situaci\u00f3n de vulnerabilidad y exclusi\u00f3n social. Son de concesi\u00f3n directa, previa valoraci\u00f3n de Servicios Sociales.<\/p>\n\n\n\n<p><span style=\"text-decoration: underline;\">2.-&nbsp;Fomento del empleo:&nbsp;10.000\u20ac<\/span><br><strong>\u00b7 Son las subvenciones para nuevos aut\u00f3nomos<\/strong>, es decir, vecinos y vecinas de La Bisbal del Pened\u00e8s que se hayan establecido como aut\u00f3nomos.<\/p>\n\n\n\n<p><span style=\"text-decoration: underline;\">3.-\u00a0Ense\u00f1anza:\u00a056.620\u20ac<\/span><br>Incluye diversas subvenciones:<br>\u00b7\u00a0<strong>Subvenci\u00f3n para la escuela Ull de Vent:<\/strong>\u00a016.620\u20ac. Se trata de una subvenci\u00f3n nominativa para la escuela de La Bisbal del Pened\u00e8s, destinada a material escolar para todos los cursos.<br>\u00b7\u00a0<strong>Subvenciones escolares de primaria de la escuela Ull de Vent:<\/strong>\u00a0Libros, transporte escolar y comedor escolar: 30.000\u20ac. Ayudas para afrontar los gastos derivados de la adquisici\u00f3n de los libros de texto de primaria, as\u00ed como los servicios de transporte y comedor escolar. Tambi\u00e9n se busca fomentar la socializaci\u00f3n de los libros, el uso del transporte escolar del Consell Comarcal del Baix Pened\u00e8s y facilitar la conciliaci\u00f3n de la vida familiar y laboral.<br>\u00b7\u00a0<strong>Subvenci\u00f3n para los libros escolares del instituto Coster de la Torre:<\/strong>\u00a010.000\u20ac. Subvenciones en materia de ense\u00f1anza para la adquisici\u00f3n de los libros de texto del instituto Coster de la Torre para cada curso escolar.<\/p>\n\n\n\n<p><span style=\"text-decoration: underline;\">4.-&nbsp;Promoci\u00f3n cultural:&nbsp;18.500\u20ac<\/span><br>\u00b7&nbsp;<strong>Premios del concurso literario de Sant Jordi:<\/strong>&nbsp;1.500\u20ac.<br>\u00b7&nbsp;<strong>Subvenci\u00f3n para entidades y asociaciones:<\/strong>&nbsp;5.000\u20ac. Subvenciones para entidades culturales y asociaciones vecinales del municipio destinadas a financiar las actividades que organicen y los gastos ordinarios que afronten cada a\u00f1o.<br>\u00b7&nbsp;<strong>Convenios con La Societat:<\/strong>&nbsp;12.000\u20ac.<\/p>\n\n\n\n<p><span style=\"text-decoration: underline;\">5.-&nbsp;Promoci\u00f3n del deporte:&nbsp;25.000\u20ac<\/span><br>\u00b7&nbsp;<strong>Patrocinios deportivos:<\/strong>&nbsp;2.000\u20ac.<br>\u00b7&nbsp;<strong>Convenio con Joventut Bisbalenca CF:<\/strong>&nbsp;23.000\u20ac.<\/p>\n\n\n\n<p><span style=\"text-decoration: underline;\">6.-&nbsp;Subvenciones a la natalidad y adopci\u00f3n:&nbsp;3.000\u20ac<\/span><br>\u00b7<strong>&nbsp;Subvenciones para familias que han tenido o adoptado un hijo\/a&nbsp;<\/strong>durante el a\u00f1o anterior. Consisten en una ayuda econ\u00f3mica de 100\u20ac, dividida en 10 vales de 10\u20ac cada uno, para ser canjeados en los comercios adheridos a la campa\u00f1a.<\/p>\n\n\n\n<p>Los planes estrat\u00e9gicos de subvenciones se basan en el art\u00edculo 8 de la Ley 38\/2003 General de Subvenciones, de 17 de noviembre, que establece que las administraciones que concedan subvenciones deben concretar un Plan Estrat\u00e9gico de Subvenciones, detallando los objetivos y efectos de cada ayuda, los costos previsibles, las fuentes de financiaci\u00f3n y el cumplimiento de los principios de estabilidad presupuestaria. El Plan detalla, para cada subvenci\u00f3n, el coste previsto, la modalidad de concesi\u00f3n, la descripci\u00f3n, los objetivos, los destinatarios y su aplicaci\u00f3n presupuestaria.<\/p>\n\n\n\n<p>Independientemente de estas subvenciones, todas las entidades y asociaciones -soliciten o no subvenciones- cuentan con el apoyo log\u00edstico y de espacios del Ajuntament de La Bisbal del Pened\u00e8s para la realizaci\u00f3n de sus actividades.<\/p>\n\n\n\n<p>Este punto del orden del d\u00eda se aprob\u00f3 con los votos a favor del equipo de gobierno (5 de Comprom\u00eds amb la Bisbal y 1 del PSC) y los votos en contra de la oposici\u00f3n (2 de La Bisbal Decideix y 2 de Tots Som la Bisbal \u2013 Urbanizaciones Unidas).&nbsp;Pr\u00f3ximamente, se podr\u00e1 ver el v\u00eddeo del Pleno en la&nbsp;<a href=\"https:\/\/actes.bisbalpenedes.com\/session\/portadaPublica\">web municipal<\/a>.<\/p>\n\n\n\n<p><a href=\"https:\/\/actes.bisbalpenedes.com\/session\/portadaPublica\"><\/a><\/p>\n","protected":false},"excerpt":{"rendered":"<p>El Ple ordinari celebrat el dilluns 17 de mar\u00e7 ha aprovat el Pla estrat\u00e8gic de subvencions dels anys 2025, 2026 i 2027 amb un import total de 123.120\u20ac anuals. Aquest &hellip; <a href=\"https:\/\/bisbalpenedes.com\/web\/2025\/03\/19\/el-ple-ordinari-daquest-dilluns-ha-aprovat-el-pla-estrategic-de-subvencions-2025-2027\/\" class=\"more-link\">Read More<\/a><\/p>\n","protected":false},"author":4,"featured_media":20439,"comment_status":"closed","ping_status":"closed","sticky":false,"template":"","format":"standard","meta":[],"categories":[8,2250],"tags":[459,393,3420,249],"_links":{"self":[{"href":"https:\/\/bisbalpenedes.com\/web\/wp-json\/wp\/v2\/posts\/33270"}],"collection":[{"href":"https:\/\/bisbalpenedes.com\/web\/wp-json\/wp\/v2\/posts"}],"about":[{"href":"https:\/\/bisbalpenedes.com\/web\/wp-json\/wp\/v2\/types\/post"}],"author":[{"embeddable":true,"href":"https:\/\/bisbalpenedes.com\/web\/wp-json\/wp\/v2\/users\/4"}],"replies":[{"embeddable":true,"href":"https:\/\/bisbalpenedes.com\/web\/wp-json\/wp\/v2\/comments?post=33270"}],"version-history":[{"count":2,"href":"https:\/\/bisbalpenedes.com\/web\/wp-json\/wp\/v2\/posts\/33270\/revisions"}],"predecessor-version":[{"id":33290,"href":"https:\/\/bisbalpenedes.com\/web\/wp-json\/wp\/v2\/posts\/33270\/revisions\/33290"}],"wp:featuredmedia":[{"embeddable":true,"href":"https:\/\/bisbalpenedes.com\/web\/wp-json\/wp\/v2\/media\/20439"}],"wp:attachment":[{"href":"https:\/\/bisbalpenedes.com\/web\/wp-json\/wp\/v2\/media?parent=33270"}],"wp:term":[{"taxonomy":"category","embeddable":true,"href":"https:\/\/bisbalpenedes.com\/web\/wp-json\/wp\/v2\/categories?post=33270"},{"taxonomy":"post_tag","embeddable":true,"href":"https:\/\/bisbalpenedes.com\/web\/wp-json\/wp\/v2\/tags?post=33270"}],"curies":[{"name":"wp","href":"https:\/\/api.w.org\/{rel}","templated":true}]}}