{"id":33254,"date":"2025-03-19T12:36:00","date_gmt":"2025-03-19T10:36:00","guid":{"rendered":"https:\/\/bisbalpenedes.com\/web\/?p=33254"},"modified":"2025-03-19T13:19:55","modified_gmt":"2025-03-19T11:19:55","slug":"el-ple-desestima-la-recusacio-contra-lalcaldessa-per-un-presumpte-conflicte-dinteres","status":"publish","type":"post","link":"https:\/\/bisbalpenedes.com\/web\/2025\/03\/19\/el-ple-desestima-la-recusacio-contra-lalcaldessa-per-un-presumpte-conflicte-dinteres\/","title":{"rendered":"<strong>El Ple desestima la recusaci\u00f3 contra l&#8217;alcaldessa per un presumpte conflicte d&#8217;inter\u00e8s<\/strong>"},"content":{"rendered":"\n<p>Durant el darrer Ple municipal, es va tractar la possible recusaci\u00f3 de l&#8217;alcaldessa per un presumpte conflicte d&#8217;inter\u00e8s en relaci\u00f3 amb l&#8217;expedient de Les Planes del Vent. A l\u2019inici del debat, l\u2019alcaldessa va abandonar la sala, at\u00e8s que no podia participar ni votar en aquest punt. En el seu lloc, la primera tinent d\u2019alcalde, Judith Vidal, va assumir la presid\u00e8ncia de la sessi\u00f3.<\/p>\n\n\n\n<p>La secret\u00e0ria municipal va llegir la part resolutiva de la proposta abans que Judith Vidal expos\u00e9s els fets. Segons va explicar, el 5 de mar\u00e7, el regidor del grup La Bisbal Decideix, Mart\u00edn Deluca, va registrar un escrit a l\u2019Ajuntament en qu\u00e8 relatava que tant l\u2019alcaldessa com a ella mateixa podien tenir possible conflicte d\u2019inter\u00e8s en aquest expedient. <em>&#8220;Sense esperar resposta ni saber si \u00e9s cert o no, publiquen la not\u00edcia a xarxes i mitjans, atacant aix\u00ed la fam\u00edlia de l\u2019alcaldessa i la meva fam\u00edlia&#8221;,<\/em> va denunciar Vidal.<\/p>\n\n\n\n<p>Davant d\u2019aquesta situaci\u00f3, la secret\u00e0ria municipal va emetre una nota jur\u00eddica considerant que l&#8217;escrit del regidor havia de ser tractat com una recusaci\u00f3 formal. Aix\u00ed es va traslladar a les afectades perqu\u00e8 poguessin recon\u00e8ixer o no la causa de recusaci\u00f3. En resposta, el 12 de mar\u00e7 l\u2019alcaldessa va signar un decret incorporant un escrit de Judith Vidal en qu\u00e8 demostrava que no tenia cap conflicte d&#8217;inter\u00e8s. <em>&#8220;La nota registral presentada pel regidor t\u00e9 data del 30 de gener de 2024 i no va ser sol\u00b7licitada per ell, sin\u00f3 per GEPEC-EDC&#8221;, <\/em>va indicar Vidal. A m\u00e9s, va aclarir que<em> &#8220;en aquesta nota registral no hi figura cap parent meu com a titular de la finca&#8221;.<\/em><\/p>\n\n\n\n<p>Tamb\u00e9 va desmentir una altra afirmaci\u00f3 del regidor Deluca, segons la qual un familiar seu era propietari d\u2019una parcel\u00b7la afectada. <em>&#8220;Al meu escrit aporto una nota registral del Registre de la Propietat on es comprova que, des del 2018, el propietari no \u00e9s el meu pare<\/em>&#8220;, va afegir. En conseq\u00fc\u00e8ncia, el decret de l\u2019alcaldessa va desestimar la recusaci\u00f3 presentada contra Judith Vidal.<\/p>\n\n\n\n<p>Pel que fa a l\u2019alcaldessa, el Ple va debatre la seva situaci\u00f3 a partir de l\u2019informe presentat per ella mateixa. Segons les seves conclusions, <em>&#8220;l\u2019any 2010 el Govern de la Generalitat va aprovar el Pla Territorial del Camp de Tarragona. En el moment de l\u2019adquisici\u00f3 de la finca per part de la meva fam\u00edlia, el 1997, aquest Pla no existia, per tant, no hi ha vinculaci\u00f3 entre l\u2019adquisici\u00f3 i la seva aplicaci\u00f3&#8221;.<\/em> Tamb\u00e9 va destacar que <em>&#8220;la finca de la meva fam\u00edlia representa nom\u00e9s un 0,01536% del total dels terrenys a modificar, una proporci\u00f3 no significativa dins del conjunt del projecte&#8221;.<\/em><\/p>\n\n\n\n<p>En el seu escrit, l\u2019alcaldessa tamb\u00e9 va defensar la seva imparcialitat i va remarcar que la seva participaci\u00f3 i vot en aquesta q\u00fcesti\u00f3 no comprometia els principis constitucionals<em>. &#8220;No hi ha concurr\u00e8ncia d\u2019interessos privats en joc, ja que la proporci\u00f3 de terreny \u00e9s irrellevant. A m\u00e9s, la modificaci\u00f3 proposada t\u00e9 beneficis manifestos per al municipi, com el desenvolupament d\u2019un pol\u00edgon industrial&#8221;,<\/em> va exposar.<\/p>\n\n\n\n<p>Finalment, el Ple va aprovar la proposta de desestimar la recusaci\u00f3 contra l\u2019alcaldessa amb els vots a favor de Comprom\u00eds amb la Bisbal (4 &#8211; ja que l\u2019alcaldessa no podia votar en aquest punt) i el PSC (1) i els vots en contra de La Bisbal Decideix (2) i Tots Som la Bisbal \u2013 Urbanizaciones Unidas (2). Els grups de l\u2019oposici\u00f3, que van votar en contra, no van acceptar els arguments del govern. Des de l\u2019oposici\u00f3 tamb\u00e9 es va demanar deixar el punt sobre la taula, per\u00f2 aquesta proposta no va ser acceptada pel govern i es va procedir a l\u2019aprovaci\u00f3 de la desestimaci\u00f3 de la recusaci\u00f3, al\u00b7legant que <em>\u201cno hi ha cap conflicte d\u2019inter\u00e8s que l\u2019impedeixi exercir les seves funcions en relaci\u00f3 amb aquest expedient\u201d.<\/em><\/p>\n\n\n\n<p>Val a dir que el Ple ordinari de mar\u00e7 va comptar amb deu membres del Consistori quan, en realitat, n\u2019haurien de ser onze. Aix\u00f2 es deu al fet que la regidora d\u2019ERC S\u00edlvia Monfort estava convocada, per\u00f2 no hi va assistir al\u00b7legant motius laborals. Tanmateix, en aquest ple tamb\u00e9 es prenia coneixement de la ren\u00fancia de la sra. S\u00edlvia Monfort al seu c\u00e0rrec i acta de regidora.<\/p>\n\n\n\n<p>Pr\u00f2ximament, es podr\u00e0 veure el v\u00eddeo del Ple al <a href=\"https:\/\/actes.bisbalpenedes.com\/session\/portadaPublica\">web municipal.<\/a><\/p>\n\n\n\n<hr class=\"wp-block-separator has-alpha-channel-opacity\"\/>\n\n\n\n<h2><strong>El Pleno desestima la recusaci\u00f3n contra la alcaldesa por un presunto conflicto de inter\u00e9s<\/strong><\/h2>\n\n\n\n<p>Durante el \u00faltimo Pleno municipal, se trat\u00f3 la posible recusaci\u00f3n de la alcaldesa por un presunto conflicto de inter\u00e9s en relaci\u00f3n con el expediente de Les Planes del Vent. Al inicio del debate, la alcaldesa abandon\u00f3 la sala, dado que no pod\u00eda participar ni votar en este punto. En su lugar, la primera teniente de alcalde, Judith Vidal, asumi\u00f3 la presidencia de la sesi\u00f3n.<\/p>\n\n\n\n<p>La secretaria municipal ley\u00f3 la parte resolutiva de la propuesta antes de que Judith Vidal expusiera los hechos. Seg\u00fan explic\u00f3, el 5 de marzo, el concejal del grupo La Bisbal Decideix, Mart\u00edn Deluca, registr\u00f3 un escrito en el Ayuntamiento en el que se relataba que tanto a la alcaldesa como a ella misma pod\u00edan tener un posible conflicto de inter\u00e9s en este expediente. <em>\u201cSin esperar respuesta ni saber si es cierto o no, publican la noticia en redes y medios, atacando as\u00ed a la familia de la alcaldesa y a mi familia\u201d<\/em>, denunci\u00f3 Vidal.<\/p>\n\n\n\n<p>Ante esta situaci\u00f3n, la secretaria municipal emiti\u00f3 una nota jur\u00eddica considerando que el escrito del concejal deb\u00eda tratarse como una recusaci\u00f3n formal. As\u00ed se traslad\u00f3 a las afectadas para que pudieran reconocer o no la causa de recusaci\u00f3n. En respuesta, el 12 de marzo, la alcaldesa firm\u00f3 un decreto incorporando un escrito de Judith Vidal en el que demostraba que no ten\u00eda ning\u00fan conflicto de inter\u00e9s. <em>\u201cLa nota registral presentada por el concejal tiene fecha del 30 de enero de 2024 y no fue solicitada por \u00e9l, sino por GEPEC-EDC\u201d,<\/em> indic\u00f3 Vidal. Adem\u00e1s, aclar\u00f3 que <em>\u201cen esta nota registral no figura ning\u00fan pariente m\u00edo como titular de la finca\u201d.<\/em><\/p>\n\n\n\n<p>Tambi\u00e9n desminti\u00f3 otra afirmaci\u00f3n del concejal Deluca, seg\u00fan la cual un familiar suyo era propietario de una parcela afectada. <em>\u201cEn mi escrito aporto una nota registral del Registro de la Propiedad donde se comprueba que, desde 2018, el propietario no es mi padre\u201d,<\/em> a\u00f1adi\u00f3. En consecuencia, el decreto de la alcaldesa desestim\u00f3 la recusaci\u00f3n presentada contra Judith Vidal.<\/p>\n\n\n\n<p>En cuanto a la alcaldesa, el Pleno debati\u00f3 su situaci\u00f3n a partir del informe presentado por ella misma. Seg\u00fan sus conclusiones, <em>\u201cen 2010 el Gobierno de la Generalitat aprob\u00f3 el Plan Territorial del Camp de Tarragona. En el momento de la adquisici\u00f3n de la finca por parte de mi familia, en 1997, este Plan no exist\u00eda, por lo que no hay vinculaci\u00f3n entre la adquisici\u00f3n y su aplicaci\u00f3n\u201d.<\/em> Tambi\u00e9n destac\u00f3 que <em>\u201cla finca de mi familia representa solo un 0,01536% del total de los terrenos a modificar, una proporci\u00f3n no significativa dentro del conjunto del proyecto\u201d.<\/em><\/p>\n\n\n\n<p>En su escrito, la alcaldesa tambi\u00e9n defendi\u00f3 su imparcialidad y remarc\u00f3 que su participaci\u00f3n y voto en esta cuesti\u00f3n no compromet\u00eda los principios constitucionales. <em>\u201cNo hay concurrencia de intereses privados en juego, ya que la proporci\u00f3n de terreno es irrelevante. Adem\u00e1s, la modificaci\u00f3n propuesta tiene beneficios manifiestos para el municipio, como el desarrollo de un pol\u00edgono industrial\u201d,<\/em> expuso.<\/p>\n\n\n\n<p>Finalmente, el Pleno aprob\u00f3 la propuesta de desestimar la recusaci\u00f3n contra la alcaldesa con los votos a favor de Comprom\u00eds amb la Bisbal (4 &#8211; ya que la alcaldesa no pod\u00eda votar en este punto) y el PSC (1) y los votos en contra de La Bisbal Decideix (2) y Tots Som la Bisbal \u2013 Urbanizaciones Unidas (2). Los grupos de la oposici\u00f3n, que votaron en contra, no aceptaron los argumentos del gobierno. Desde la oposici\u00f3n tambi\u00e9n se pidi\u00f3 dejar el punto sobre la mesa, pero esta propuesta no fue aceptada por el gobierno y se procedi\u00f3 a la aprobaci\u00f3n de la desestimaci\u00f3n de la recusaci\u00f3n, alegando que <em>\u201cno hay ning\u00fan conflicto de inter\u00e9s que le impida ejercer sus funciones en relaci\u00f3n con este expediente\u201d.<\/em><\/p>\n\n\n\n<p>Cabe se\u00f1alar que el Pleno ordinario de marzo cont\u00f3 con diez miembros del Consistorio cuando, en realidad, deber\u00edan haber sido once. Esto se debe a que la concejala de ERC S\u00edlvia Monfort estaba convocada, pero no asisti\u00f3 alegando motivos laborales. No obstante, en este Pleno tambi\u00e9n se tom\u00f3 conocimiento de la renuncia de la Sra. S\u00edlvia Monfort a su cargo y acta de concejala.<\/p>\n\n\n\n<p>Pr\u00f3ximamente, se podr\u00e1 ver el v\u00eddeo del Pleno en la <a href=\"https:\/\/actes.bisbalpenedes.com\/session\/portadaPublica\">web municipal.<\/a><\/p>\n","protected":false},"excerpt":{"rendered":"<p>Durant el darrer Ple municipal, es va tractar la possible recusaci\u00f3 de l&#8217;alcaldessa per un presumpte conflicte d&#8217;inter\u00e8s en relaci\u00f3 amb l&#8217;expedient de Les Planes del Vent. A l\u2019inici del &hellip; <a href=\"https:\/\/bisbalpenedes.com\/web\/2025\/03\/19\/el-ple-desestima-la-recusacio-contra-lalcaldessa-per-un-presumpte-conflicte-dinteres\/\" class=\"more-link\">Read More<\/a><\/p>\n","protected":false},"author":4,"featured_media":33255,"comment_status":"closed","ping_status":"closed","sticky":false,"template":"","format":"standard","meta":[],"categories":[8,2250],"tags":[393,6311,1374,249,7010],"_links":{"self":[{"href":"https:\/\/bisbalpenedes.com\/web\/wp-json\/wp\/v2\/posts\/33254"}],"collection":[{"href":"https:\/\/bisbalpenedes.com\/web\/wp-json\/wp\/v2\/posts"}],"about":[{"href":"https:\/\/bisbalpenedes.com\/web\/wp-json\/wp\/v2\/types\/post"}],"author":[{"embeddable":true,"href":"https:\/\/bisbalpenedes.com\/web\/wp-json\/wp\/v2\/users\/4"}],"replies":[{"embeddable":true,"href":"https:\/\/bisbalpenedes.com\/web\/wp-json\/wp\/v2\/comments?post=33254"}],"version-history":[{"count":11,"href":"https:\/\/bisbalpenedes.com\/web\/wp-json\/wp\/v2\/posts\/33254\/revisions"}],"predecessor-version":[{"id":33266,"href":"https:\/\/bisbalpenedes.com\/web\/wp-json\/wp\/v2\/posts\/33254\/revisions\/33266"}],"wp:featuredmedia":[{"embeddable":true,"href":"https:\/\/bisbalpenedes.com\/web\/wp-json\/wp\/v2\/media\/33255"}],"wp:attachment":[{"href":"https:\/\/bisbalpenedes.com\/web\/wp-json\/wp\/v2\/media?parent=33254"}],"wp:term":[{"taxonomy":"category","embeddable":true,"href":"https:\/\/bisbalpenedes.com\/web\/wp-json\/wp\/v2\/categories?post=33254"},{"taxonomy":"post_tag","embeddable":true,"href":"https:\/\/bisbalpenedes.com\/web\/wp-json\/wp\/v2\/tags?post=33254"}],"curies":[{"name":"wp","href":"https:\/\/api.w.org\/{rel}","templated":true}]}}