{"id":33251,"date":"2025-03-17T21:54:10","date_gmt":"2025-03-17T19:54:10","guid":{"rendered":"https:\/\/bisbalpenedes.com\/web\/?p=33251"},"modified":"2025-03-17T21:54:10","modified_gmt":"2025-03-17T19:54:10","slug":"comunicat-de-lequip-de-govern-lalcaldessa-i-la-primera-tinent-alcalde-demostren-que-no-incorren-en-conflicte-dinteres-pel-projecte-de-les-planes-del-vent","status":"publish","type":"post","link":"https:\/\/bisbalpenedes.com\/web\/2025\/03\/17\/comunicat-de-lequip-de-govern-lalcaldessa-i-la-primera-tinent-alcalde-demostren-que-no-incorren-en-conflicte-dinteres-pel-projecte-de-les-planes-del-vent\/","title":{"rendered":"Comunicat de l&#8217;equip de govern: l&#8217;alcaldessa i la primera tinent alcalde, demostren que no incorren en conflicte d\u2019inter\u00e8s pel projecte de Les Planes del Vent"},"content":{"rendered":"\n<p>Un regidor del grup La Bisbal Decideix, va presentar documents a l\u2019Ajuntament el 5 de mar\u00e7 acusant d\u2019un possible conflicte d\u2019inter\u00e8s a l\u2019alcaldessa i la primera tinent alcalde, en l\u2019expedient de Les Planes del Vent.<\/p>\n\n\n\n<p>Sense esperar resposta ni esperar a saber si \u00e9s cert o no, La Bisbal Decideix publica la not\u00edcia a xarxes i mitjans, atacant aix\u00ed a les fam\u00edlies de l\u2019alcaldessa i la regidora.<\/p>\n\n\n\n<p>La primera tinent alcalde Judith Vidal, demostra que no incorre en conflicte d\u2019inter\u00e8s<\/p>\n\n\n\n<p>El regidor a la oposici\u00f3 explica que un parent proper de la regidora Judith Vidal, t\u00e9 una parcel\u00b7la a l\u2019\u00e0mbit de Les Planes del Vent, i que per aquest motiu s\u2019havia d\u2019abstenir en qualsevol votaci\u00f3 relacionada amb l\u2019expedient de Les Planes del Vent, perqu\u00e8 suposava conflicte d\u2019inter\u00e8s.<\/p>\n\n\n\n<p>La regidora Judith Vidal presenta la nota registral de la parcel\u00b7la en q\u00fcesti\u00f3, i es comprova que el titular d\u2019aquesta parcel\u00b7la no \u00e9s familiar seu.<\/p>\n\n\n\n<p>Per aquest motiu l\u2019alcaldessa signa, el 12 de mar\u00e7, el Decret d\u2019alcaldia conforme la primera tinent alcalde, Judith Vidal, no incorre en cap conflicte d\u2019inter\u00e8s i, per tant, es desestima la recusaci\u00f3 plantejada pel regidor contra la regidora i la seva fam\u00edlia.<\/p>\n\n\n\n<p>L\u2019alcaldessa Agn\u00e8s Ferr\u00e9, demostra que no incorre en conflicte d\u2019inter\u00e8s<\/p>\n\n\n\n<p>El regidor a la oposici\u00f3 explica que un parent proper de l\u2019alcaldessa Agn\u00e8s Ferr\u00e9, t\u00e9 una parcel\u00b7la a l\u2019\u00e0mbit de Les Planes del Vent, i que, per aquest motiu, s\u2019havia d\u2019abstenir en qualsevol votaci\u00f3 relacionada amb l\u2019expedient de Les Planes del Vent, perqu\u00e8 suposava conflicte d\u2019inter\u00e8s.<\/p>\n\n\n\n<p>L\u2019alcaldessa presenta un escrit demostrant que no incorre en conflicte d\u2019inter\u00e8s.<\/p>\n\n\n\n<p>\u00c9s el Ple qui decideix si l\u2019alcaldessa incorre en conflicte d\u2019inter\u00e8s o no.<\/p>\n\n\n\n<p>El Ple ordinari del 17 de mar\u00e7 aprova, per majoria, desestimar la recusaci\u00f3 contra l\u2019alcaldessa per conflicte d\u2019inter\u00e8s, pels seg\u00fcents motius:<\/p>\n\n\n\n<p><strong>Primer:<\/strong> Que l\u2019any 2010 el Govern de la Generalitat va aprovar el Pla Territorial del Camp de Tarragona.<\/p>\n\n\n\n<p>En el moment de l\u2019adquisici\u00f3 de la finca (1997) per part de la seva fam\u00edlia, no existia el Pla territorial i, per tant, no es troba vinculada l\u2019adquisici\u00f3 amb l\u2019aplicaci\u00f3 d\u2019aquest Pla.<\/p>\n\n\n\n<p><strong>Segon:<\/strong> L\u2019\u00e0mbit de Les Planes del Vent, abastar\u00e0 una superf\u00edcie de 956.599 m2 de s\u00f2l, on la superf\u00edcie del sector de s\u00f2l urbanitzable delimitat \u00e9s de 736.885 m2 s\u00f2l. La difer\u00e8ncia restar\u00e0 com a s\u00f2l no urbanitzable.<\/p>\n\n\n\n<p>La finca afectada, propietat de la seva fam\u00edlia \u00e9s d\u201911.320 m2 i representa un 0,01536% dels terrenys a modificar.<\/p>\n\n\n\n<p>La proporci\u00f3 no \u00e9s not\u00f2ria pel conjunt del projecte, per tant, no hi ha concurr\u00e8ncia d\u2019interessos privats en joc.<\/p>\n\n\n\n<p><strong>Tercer:<\/strong> Es garanteix en tot moment el principi d\u2019imparcialitat, en l\u2019exercici de les seves funcions com a Alcaldessa<\/p>\n\n\n\n<p><strong>Quart:<\/strong> L\u2019alcaldessa pot participar i votar perqu\u00e8 no es posen en risc els principis constitucionals d\u2019efic\u00e0cia, jerarquia, descentralitzaci\u00f3, desconcentraci\u00f3 i coordinaci\u00f3. Es defensa l\u2019inter\u00e8s general, ja que els beneficis de la modificaci\u00f3 proposada, que impliquen la voluntat d\u2019establir la zona empresarial de Les Planes del Vent, aportar\u00e0 beneficis manifestos pel municipi.<\/p>\n\n\n\n<p>Per tant, es garanteix en tot moment el principi d\u2019objectivitat i inter\u00e8s general en la seva actuaci\u00f3.<\/p>\n\n\n\n<p>L\u2019equip de govern denuncia p\u00fablicament i reprova aquestes actuacions per part de la oposici\u00f3, d\u2019atacar les fam\u00edlies dels c\u00e0rrecs electes i els hi recorda que en pol\u00edtica, no tot s\u2019hi val.<\/p>\n\n\n\n<p>Tenim una oposici\u00f3 desesperada que utilitza la demag\u00f2gia i la ficci\u00f3 per fer crispar als ve\u00efns del municipi.<\/p>\n\n\n\n<p>Seguim i seguirem treballant per la millora del municipi i el benestar dels bisbalencs i les bisbalenques.<\/p>\n\n\n\n<p class=\"has-text-align-right\">A la Bisbal del Pened\u00e8s, 17 de mar\u00e7 de 2025<\/p>\n\n\n\n<hr class=\"wp-block-separator has-alpha-channel-opacity\"\/>\n\n\n\n<p><strong>COMUNICADO DEL EQUIPO DE GOBIERNO<\/strong><\/p>\n\n\n\n<p><strong>La alcaldesa y la primera teniente de alcalde demuestran que no incurren en conflicto de inter\u00e9s por el proyecto de Les Planes del Vent<\/strong><\/p>\n\n\n\n<p>Un concejal del grupo La Bisbal Decideix present\u00f3 documentos en el Ayuntamiento el 5 de marzo acusando de un posible conflicto de inter\u00e9s a la alcaldesa y a la primera teniente de alcalde en el expediente de Les Planes del Vent.<br><br>Sin esperar respuesta ni comprobar si la acusaci\u00f3n es cierta o no, La Bisbal Decideix public\u00f3 la noticia en redes sociales y medios de comunicaci\u00f3n, atacando as\u00ed a las familias de la alcaldesa y de la concejala.<\/p>\n\n\n\n<p>La primera teniente de alcalde Judith Vidal demuestra que no incurre en conflicto de inter\u00e9s<\/p>\n\n\n\n<p>El concejal de la oposici\u00f3n argument\u00f3 que un pariente cercano de la concejala Judith Vidal posee una parcela en el \u00e1mbito de Les Planes del Vent, y que por este motivo deb\u00eda abstenerse en cualquier votaci\u00f3n relacionada con el expediente de Les Planes del Vent, porque supon\u00eda conflicto de inter\u00e9s.<\/p>\n\n\n\n<p>La concejala Judith Vidal presenta la nota registral de la parcela en cuesti\u00f3n, que demuestra que el titular de esta parcela no es familiar suyo.<br><br>Por este motivo, la alcaldesa firma el 12 de marzo un Decreto de alcald\u00eda conforme la primera teniente de alcalde, Judith Vidal, no incurre en ning\u00fan conflicto de inter\u00e9s, y por lo tanto, se desestima la recusaci\u00f3n planteada por el concejal contra la concejala y su familia.<\/p>\n\n\n\n<p>La alcaldesa Agn\u00e8s Ferr\u00e9 demuestra que no incurre en conflicto de inter\u00e9s<\/p>\n\n\n\n<p>El concejal de la oposici\u00f3n explica que un pariente cercano de la alcaldesa Agn\u00e8s Ferr\u00e9 tiene una parcela en el \u00e1mbito de Les Planes del Vent y que, por este motivo, deb\u00eda abstenerse en cualquier votaci\u00f3n relacionada con el expediente de Les Planes del Vent porque, supon\u00eda un conflicto de inter\u00e9s.<\/p>\n\n\n\n<p>La alcaldesa ha presentado un escrito demostrando que no incurre en conflicto de inter\u00e9s.<br><br>Es el Pleno municipal quien debe decidir si la alcaldesa incurre en conflicto de inter\u00e9s o no.<\/p>\n\n\n\n<p>El Pleno ordinario del 17 aprueba, por mayor\u00eda, desestimar la recusaci\u00f3n contra la alcaldesa por conflicto de inter\u00e9s, bas\u00e1ndose en los siguientes motivos:<\/p>\n\n\n\n<p><strong>Primero:<\/strong> En 2010, el Gobierno de la Generalitat aprob\u00f3 el Plan Territorial del Camp de Tarragona.<\/p>\n\n\n\n<p>En el momento de la adquisici\u00f3n de la finca (1997) por parte de su familia, este plan no exist\u00eda, por lo que no hay vinculaci\u00f3n entre la compra y la aplicaci\u00f3n de dicho Plan.<\/p>\n\n\n\n<p><strong>Segundo:<\/strong> El \u00e1mbito de Les Planes del Vent abarcar\u00e1 una superficie de 956.599 m\u00b2 de suelo, de los cuales 736.885 m\u00b2 ser\u00e1n suelo urbanizable, mientras que el resto permanecer\u00e1 como suelo no urbanizable.<\/p>\n\n\n\n<p>La finca afectada, propiedad de su familia, tiene 11.320 m\u00b2, lo que representa un 0,01536% de los terrenos a modificar.<\/p>\n\n\n\n<p>La proporci\u00f3n no es significativa dentro del conjunto del proyecto, por lo que no hay concurrencia de intereses privados en juego.<\/p>\n\n\n\n<p><strong>Tercero:<\/strong> Se garantiza en todo momento el principio de imparcialidad en el ejercicio de sus funciones como Alcaldesa.<\/p>\n\n\n\n<p><strong>Cuarto:<\/strong> La alcaldesa puede participar y votar, ya que no se pone en riesgo ninguno de los principios constitucionales de eficacia, jerarqu\u00eda, descentralizaci\u00f3n, desconcentraci\u00f3n y coordinaci\u00f3n. Se defiende el inter\u00e9s general, ya que los beneficios de la modificaci\u00f3n propuesta, que implican la voluntad de establecer la zona empresarial de Les Planes del Vent, aportar\u00e1n beneficios manifiestos para el municipio.<\/p>\n\n\n\n<p>Por tanto, se garantiza en todo momento el principio de objetividad e inter\u00e9s general en su actuaci\u00f3n.<\/p>\n\n\n\n<p>El equipo de gobierno denuncia p\u00fablicamente y reprueba estas actuaciones de la oposici\u00f3n, de atacar a las familias de los cargos electos y les recuerda que en pol\u00edtica, no todo vale.<\/p>\n\n\n\n<p>Nos encontramos ante una oposici\u00f3n desesperada que utiliza la demagogia y la ficci\u00f3n para crispar a los vecinos del municipio.<\/p>\n\n\n\n<p>Seguimos y seguiremos trabajando para mejorar el municipio y el bienestar de los bisbalencs y las bisbalenques.<\/p>\n\n\n\n<p class=\"has-text-align-right\">En la Bisbal del Pened\u00e8s, 17 de marzo de 2025<\/p>\n","protected":false},"excerpt":{"rendered":"<p>Un regidor del grup La Bisbal Decideix, va presentar documents a l\u2019Ajuntament el 5 de mar\u00e7 acusant d\u2019un possible conflicte d\u2019inter\u00e8s a l\u2019alcaldessa i la primera tinent alcalde, en l\u2019expedient &hellip; <a href=\"https:\/\/bisbalpenedes.com\/web\/2025\/03\/17\/comunicat-de-lequip-de-govern-lalcaldessa-i-la-primera-tinent-alcalde-demostren-que-no-incorren-en-conflicte-dinteres-pel-projecte-de-les-planes-del-vent\/\" class=\"more-link\">Read More<\/a><\/p>\n","protected":false},"author":4,"featured_media":33252,"comment_status":"closed","ping_status":"closed","sticky":false,"template":"","format":"standard","meta":[],"categories":[2377,8],"tags":[1091,393,6311],"_links":{"self":[{"href":"https:\/\/bisbalpenedes.com\/web\/wp-json\/wp\/v2\/posts\/33251"}],"collection":[{"href":"https:\/\/bisbalpenedes.com\/web\/wp-json\/wp\/v2\/posts"}],"about":[{"href":"https:\/\/bisbalpenedes.com\/web\/wp-json\/wp\/v2\/types\/post"}],"author":[{"embeddable":true,"href":"https:\/\/bisbalpenedes.com\/web\/wp-json\/wp\/v2\/users\/4"}],"replies":[{"embeddable":true,"href":"https:\/\/bisbalpenedes.com\/web\/wp-json\/wp\/v2\/comments?post=33251"}],"version-history":[{"count":1,"href":"https:\/\/bisbalpenedes.com\/web\/wp-json\/wp\/v2\/posts\/33251\/revisions"}],"predecessor-version":[{"id":33253,"href":"https:\/\/bisbalpenedes.com\/web\/wp-json\/wp\/v2\/posts\/33251\/revisions\/33253"}],"wp:featuredmedia":[{"embeddable":true,"href":"https:\/\/bisbalpenedes.com\/web\/wp-json\/wp\/v2\/media\/33252"}],"wp:attachment":[{"href":"https:\/\/bisbalpenedes.com\/web\/wp-json\/wp\/v2\/media?parent=33251"}],"wp:term":[{"taxonomy":"category","embeddable":true,"href":"https:\/\/bisbalpenedes.com\/web\/wp-json\/wp\/v2\/categories?post=33251"},{"taxonomy":"post_tag","embeddable":true,"href":"https:\/\/bisbalpenedes.com\/web\/wp-json\/wp\/v2\/tags?post=33251"}],"curies":[{"name":"wp","href":"https:\/\/api.w.org\/{rel}","templated":true}]}}