{"id":33247,"date":"2025-03-17T16:22:50","date_gmt":"2025-03-17T14:22:50","guid":{"rendered":"https:\/\/bisbalpenedes.com\/web\/?p=33247"},"modified":"2025-03-17T16:22:50","modified_gmt":"2025-03-17T14:22:50","slug":"avis-de-tall-de-carreteres-del-24-de-marc-al-2-dabril-c-51","status":"publish","type":"post","link":"https:\/\/bisbalpenedes.com\/web\/2025\/03\/17\/avis-de-tall-de-carreteres-del-24-de-marc-al-2-dabril-c-51\/","title":{"rendered":"Av\u00eds de tall de carreteres del 24 de mar\u00e7 al 2 d&#8217;abril (C-51)"},"content":{"rendered":"\n<p>\ud83d\udea7 Us informem que, del 24 de mar\u00e7 al 2 d\u2019abril de 2025, es dur\u00e0 a terme un tall de tr\u00e0nsit al tram de la carretera C-51, entre:<br>\ud83d\udccd Rotonda PK 15+000 (intersecci\u00f3 C-51, C-51z i T-240)<br>\ud83d\udccd Rotonda PK 20+000 (intersecci\u00f3 C-51, C-51z, TV-2401 i TP-2045)<br><br>\u23f3 El tall ser\u00e0 les 24 hores del dia, incloses les nits.<br><br>\u2139\ufe0f Aquest tall es realitza per a la col\u00b7locaci\u00f3 de les bigues i prelloses del pas de fauna de l\u2019obra &#8220;Condicionament de la C-51. Pas de fauna al PK 19+060. Rodony\u00e0&#8221;.<br><br>\ud83d\ude97 Itinerari alternatiu: La circulaci\u00f3 es desviar\u00e0 per la carretera C-51z, amb la senyalitzaci\u00f3 corresponent.<br><br>Disculpeu les mol\u00e8sties.<br><\/p>\n\n\n\n<hr class=\"wp-block-separator has-alpha-channel-opacity\"\/>\n\n\n\n<p><br>\ud83d\udea7 Os informamos de que, del 24 de marzo al 2 de abril de 2025, se llevar\u00e1 a cabo un corte de tr\u00e1fico en el tramo de la carretera C-51, entre:<br>\ud83d\udccd Rotonda PK 15+000 (intersecci\u00f3n C-51, C-51z y T-240)<br>\ud83d\udccd Rotonda PK 20+000 (intersecci\u00f3n C-51, C-51z, TV-2401 y TP-2045)<br><br>\u23f3 El corte ser\u00e1 las 24 horas del d\u00eda, incluidas las noches.<br><br>\u2139\ufe0f Este corte se realiza para la colocaci\u00f3n de las vigas y prelosas del paso de fauna de la obra &#8220;Acondicionamiento de la C-51. Paso de fauna en el PK 19+060. Rodony\u00e0&#8221;.<br><br>\ud83d\ude97 Itinerario alternativo: La circulaci\u00f3n se desviar\u00e1 por la carretera C-51z, con la se\u00f1alizaci\u00f3n correspondiente.<br><br>Disculpad las molestias.<\/p>\n","protected":false},"excerpt":{"rendered":"<p>\ud83d\udea7 Us informem que, del 24 de mar\u00e7 al 2 d\u2019abril de 2025, es dur\u00e0 a terme un tall de tr\u00e0nsit al tram de la carretera C-51, entre:\ud83d\udccd Rotonda PK &hellip; <a href=\"https:\/\/bisbalpenedes.com\/web\/2025\/03\/17\/avis-de-tall-de-carreteres-del-24-de-marc-al-2-dabril-c-51\/\" class=\"more-link\">Read More<\/a><\/p>\n","protected":false},"author":4,"featured_media":33248,"comment_status":"closed","ping_status":"closed","sticky":false,"template":"","format":"standard","meta":[],"categories":[1628,8],"tags":[299,393,622,1286,7009],"_links":{"self":[{"href":"https:\/\/bisbalpenedes.com\/web\/wp-json\/wp\/v2\/posts\/33247"}],"collection":[{"href":"https:\/\/bisbalpenedes.com\/web\/wp-json\/wp\/v2\/posts"}],"about":[{"href":"https:\/\/bisbalpenedes.com\/web\/wp-json\/wp\/v2\/types\/post"}],"author":[{"embeddable":true,"href":"https:\/\/bisbalpenedes.com\/web\/wp-json\/wp\/v2\/users\/4"}],"replies":[{"embeddable":true,"href":"https:\/\/bisbalpenedes.com\/web\/wp-json\/wp\/v2\/comments?post=33247"}],"version-history":[{"count":1,"href":"https:\/\/bisbalpenedes.com\/web\/wp-json\/wp\/v2\/posts\/33247\/revisions"}],"predecessor-version":[{"id":33249,"href":"https:\/\/bisbalpenedes.com\/web\/wp-json\/wp\/v2\/posts\/33247\/revisions\/33249"}],"wp:featuredmedia":[{"embeddable":true,"href":"https:\/\/bisbalpenedes.com\/web\/wp-json\/wp\/v2\/media\/33248"}],"wp:attachment":[{"href":"https:\/\/bisbalpenedes.com\/web\/wp-json\/wp\/v2\/media?parent=33247"}],"wp:term":[{"taxonomy":"category","embeddable":true,"href":"https:\/\/bisbalpenedes.com\/web\/wp-json\/wp\/v2\/categories?post=33247"},{"taxonomy":"post_tag","embeddable":true,"href":"https:\/\/bisbalpenedes.com\/web\/wp-json\/wp\/v2\/tags?post=33247"}],"curies":[{"name":"wp","href":"https:\/\/api.w.org\/{rel}","templated":true}]}}