{"id":33231,"date":"2025-03-17T13:42:01","date_gmt":"2025-03-17T11:42:01","guid":{"rendered":"https:\/\/bisbalpenedes.com\/web\/?p=33231"},"modified":"2025-03-17T13:42:01","modified_gmt":"2025-03-17T11:42:01","slug":"la-consellera-deducacio-i-formacio-professional-visita-la-bisbal-del-penedes","status":"publish","type":"post","link":"https:\/\/bisbalpenedes.com\/web\/2025\/03\/17\/la-consellera-deducacio-i-formacio-professional-visita-la-bisbal-del-penedes\/","title":{"rendered":"<strong>La consellera d&#8217;Educaci\u00f3 i Formaci\u00f3 Professional visita la Bisbal del Pened\u00e8s<\/strong>"},"content":{"rendered":"\n<p>La consellera d&#8217;Educaci\u00f3 i Formaci\u00f3 Professional de la Generalitat de Catalunya, Esther Niub\u00f3, va visitar la Bisbal del Pened\u00e8s el passat divendres, acompanyada per la directora dels Serveis Territorials d&#8217;Educaci\u00f3 i Formaci\u00f3 Professional al Pened\u00e8s, Bel\u00e9n Alc\u00f3n. La jornada va incloure una reuni\u00f3 institucional al despatx d&#8217;alcaldia i una visita als dos edificis de l&#8217;Escola Ull de Vent, on es va reunir amb la direcci\u00f3 i diversos responsables dels centres educatius del municipi: la llar d&#8217;infants L&#8217;Oreneta, l&#8217;Escola Ull de Vent i l&#8217;Institut Coster de la Torre.<\/p>\n\n\n\n<p>Durant la trobada amb l&#8217;alcaldessa Agn\u00e8s Ferr\u00e9 i el regidor d&#8217;Ensenyament, Daniel Caballero, es van abordar diverses necessitats del municipi en mat\u00e8ria educativa. Un dels principals temes tractats va ser la necessitat d&#8217;ampliar l&#8217;edifici nou de l&#8217;Escola Ull de Vent per centralitzar tot l&#8217;alumnat en un sol espai. Actualment, el fet que les classes es distribueixin en dos edificis suposa problemes log\u00edstics per a les fam\u00edlies i el professorat, especialment pel trasllat diari dels infants al menjador escolar, situat a l&#8217;edifici nou.<\/p>\n\n\n\n<p>Des de l&#8217;equip de govern s\u00f3n coneixedors que hi ha centres educatius que es troben en situacions prec\u00e0ries, amb edificis antics o en barracons, i que, per aquest motiu, la inversi\u00f3 en la segona l\u00ednia de la Bisbal no \u00e9s priorit\u00e0ria per a la Generalitat. Per aquest motiu, l&#8217;equip de govern va proposar que l&#8217;Ajuntament podria assumir la construcci\u00f3 d&#8217;aquesta segona l\u00ednia i que, a trav\u00e9s d&#8217;un conveni amb la Generalitat, s&#8217;acord\u00e9s el retorn d&#8217;aquests diners al consistori. Van explicar que es tracta d&#8217;una inversi\u00f3 important, per\u00f2 que es vol destinar part dels ingressos derivats de la urbanitzaci\u00f3 de la nova zona empresarial Les Planes del Vent a aquesta obra.<\/p>\n\n\n\n<p>Pel que fa a la formaci\u00f3 i l&#8217;ocupaci\u00f3, la t\u00e8cnica d&#8217;Ocupaci\u00f3 del municipi, Arantzazu Longares, va exposar els projectes municipals vinculats a la formaci\u00f3 ocupacional i va plantejar la possibilitat d&#8217;implantar formaci\u00f3 professional homologada al municipi per reduir despla\u00e7aments de l&#8217;alumnat i millorar les xifres d&#8217;atur i abandonament escolar. En aquesta l\u00ednia, es va destacar el projecte pilot de polimantenidors per a joves que han deixat d&#8217;estudiar i la proposta de crear un centre de formaci\u00f3 al municipi.<\/p>\n\n\n\n<p>L&#8217;equip de govern est\u00e0 treballant per tenir un centre de formaci\u00f3 ocupacional i poder acollir cursos com l&#8217;actual de polimantenidors per a joves. Van exposar a la consellera que les empreses de les zones empresarials de la Bisbal tenen dificultats per trobar persones amb la formaci\u00f3 necess\u00e0ria en sectors industrials i log\u00edstics. Per aquest motiu, l&#8217;equip de govern proposa la creaci\u00f3 d&#8217;una formaci\u00f3 empresarial reglada i dual en l&#8217;\u00e0mbit industrial i log\u00edstic, amb l&#8217;objectiu de preparar els joves per ocupar aquests llocs de treball. L&#8217;Ajuntament cediria una part de l&#8217;espai d&#8217;equipaments municipals al futur parc de Les Planes del Vent per a la construcci\u00f3 d&#8217;aquest centre.<\/p>\n\n\n\n<p>Posteriorment, la consellera va visitar les instal\u00b7lacions de l&#8217;Escola Ull de Vent i es va reunir amb el professorat a la sala de professors de l&#8217;edifici nou. Durant la trobada, els docents van exposar les seves inquietuds, entre les quals la necessitat d&#8217;ampliar el personal docent i d&#8217;especialistes, com psic\u00f2legs i inform\u00e0tics, i la revisi\u00f3 del sistema de designaci\u00f3 de les plantilles dels centres. Altres temes destacats van ser les millores en el transport escolar a altres municipis, la gesti\u00f3 dels dos edificis i l&#8217;atenci\u00f3 a la diversitat, un \u00e0mbit en qu\u00e8 la consellera va assegurar que ja s&#8217;est\u00e0 treballant des del departament.<\/p>\n\n\n\n<p>En resposta a les demandes del consistori, Niub\u00f3 va explicar que el departament est\u00e0 analitzant les necessitats del territori i establint prioritats, ja que hi ha molts projectes que requereixen atenci\u00f3 urgent. Davant la proposta de l&#8217;Ajuntament d&#8217;avan\u00e7ar el finan\u00e7ament per a l&#8217;ampliaci\u00f3 de l&#8217;escola amb el comprom\u00eds de reemborsament per part de la Generalitat, la consellera es va comprometre a estudiar totes les peticions. A m\u00e9s, va destacar que s&#8217;est\u00e0 revisant el decret de transport escolar per incloure els estudis postobligatoris.<\/p>\n\n\n\n<p>La consellera va prendre nota d&#8217;aquests dos grans projectes, que va considerar interessants i necessaris. Finalment, Niub\u00f3 va posar en valor la implicaci\u00f3 dels ajuntaments amb els centres educatius, tot i no tenir-ne la compet\u00e8ncia directa, i va subratllar la import\u00e0ncia d&#8217;una col\u00b7laboraci\u00f3 estreta per garantir una educaci\u00f3 de qualitat.<\/p>\n\n\n\n<figure class=\"wp-block-image size-large\"><img loading=\"lazy\" width=\"1024\" height=\"819\" src=\"https:\/\/bisbalpenedes.com\/web\/wp-content\/uploads\/2025\/03\/CONSELLERA-PASSADI\u0301S-ESCOLA-1024x819.jpg\" alt=\"\" class=\"wp-image-33236\" srcset=\"https:\/\/bisbalpenedes.com\/web\/wp-content\/uploads\/2025\/03\/CONSELLERA-PASSADI\u0301S-ESCOLA-1024x819.jpg 1024w, https:\/\/bisbalpenedes.com\/web\/wp-content\/uploads\/2025\/03\/CONSELLERA-PASSADI\u0301S-ESCOLA-300x240.jpg 300w, https:\/\/bisbalpenedes.com\/web\/wp-content\/uploads\/2025\/03\/CONSELLERA-PASSADI\u0301S-ESCOLA-768x614.jpg 768w, https:\/\/bisbalpenedes.com\/web\/wp-content\/uploads\/2025\/03\/CONSELLERA-PASSADI\u0301S-ESCOLA-1536x1229.jpg 1536w, https:\/\/bisbalpenedes.com\/web\/wp-content\/uploads\/2025\/03\/CONSELLERA-PASSADI\u0301S-ESCOLA-2048x1638.jpg 2048w, https:\/\/bisbalpenedes.com\/web\/wp-content\/uploads\/2025\/03\/CONSELLERA-PASSADI\u0301S-ESCOLA-600x480.jpg 600w\" sizes=\"(max-width: 1024px) 100vw, 1024px\" \/><\/figure>\n\n\n\n<figure class=\"wp-block-image size-large\"><img loading=\"lazy\" width=\"1024\" height=\"819\" src=\"https:\/\/bisbalpenedes.com\/web\/wp-content\/uploads\/2025\/03\/CONSELLERA-PASSADI\u0301S-ESCOLA-1-1024x819.jpg\" alt=\"\" class=\"wp-image-33237\" srcset=\"https:\/\/bisbalpenedes.com\/web\/wp-content\/uploads\/2025\/03\/CONSELLERA-PASSADI\u0301S-ESCOLA-1-1024x819.jpg 1024w, https:\/\/bisbalpenedes.com\/web\/wp-content\/uploads\/2025\/03\/CONSELLERA-PASSADI\u0301S-ESCOLA-1-300x240.jpg 300w, https:\/\/bisbalpenedes.com\/web\/wp-content\/uploads\/2025\/03\/CONSELLERA-PASSADI\u0301S-ESCOLA-1-768x614.jpg 768w, https:\/\/bisbalpenedes.com\/web\/wp-content\/uploads\/2025\/03\/CONSELLERA-PASSADI\u0301S-ESCOLA-1-1536x1229.jpg 1536w, https:\/\/bisbalpenedes.com\/web\/wp-content\/uploads\/2025\/03\/CONSELLERA-PASSADI\u0301S-ESCOLA-1-2048x1638.jpg 2048w, https:\/\/bisbalpenedes.com\/web\/wp-content\/uploads\/2025\/03\/CONSELLERA-PASSADI\u0301S-ESCOLA-1-600x480.jpg 600w\" sizes=\"(max-width: 1024px) 100vw, 1024px\" \/><\/figure>\n\n\n\n<p>Fotos: Ra\u00fal Gallego<\/p>\n\n\n\n<hr class=\"wp-block-separator has-alpha-channel-opacity\"\/>\n\n\n\n<h3><strong>La consellera de Educaci\u00f3n y Formaci\u00f3n Profesional visita la Bisbal del Pened\u00e8s<\/strong><\/h3>\n\n\n\n<p>La consellera de Educaci\u00f3n y Formaci\u00f3n Profesional de la Generalitat de Catalunya, Esther Niub\u00f3, visit\u00f3 la Bisbal del Pened\u00e8s el pasado viernes, acompa\u00f1ada por la directora de los Servicios Territoriales de Educaci\u00f3n y Formaci\u00f3n Profesional en el Pened\u00e8s, Bel\u00e9n Alc\u00f3n. La jornada incluy\u00f3 una reuni\u00f3n institucional en el despacho de alcald\u00eda y una visita a los dos edificios de la escuela Ull de Vent, donde se reuni\u00f3 con la direcci\u00f3n y varios responsables de los centros educativos del municipio: la guarder\u00eda L&#8217;Oreneta, la escuela Ull de Vent y el instituto Coster de la Torre.<\/p>\n\n\n\n<p>Durante el encuentro con la alcaldesa Agn\u00e8s Ferr\u00e9 y el concejal de Educaci\u00f3n, Daniel Caballero, se abordaron diversas necesidades del municipio en materia educativa. Uno de los principales temas tratados fue la necesidad de ampliar el edificio nuevo de la escuela Ull de Vent para centralizar a todo el alumnado en un solo espacio. Actualmente, el hecho de que las clases se distribuyan en dos edificios supone problemas log\u00edsticos para las familias y el profesorado, especialmente por el traslado diario de los ni\u00f1os al comedor escolar, ubicado en el edificio nuevo.<\/p>\n\n\n\n<p>Desde el equipo de gobierno son conscientes de que hay centros educativos en situaciones precarias, con edificios antiguos o en barracones, y que, por este motivo, la inversi\u00f3n en la segunda l\u00ednea de la Bisbal no es prioritaria para la Generalitat. Por ello, el equipo de gobierno propuso que el Ayuntamiento podr\u00eda asumir la construcci\u00f3n de esta segunda l\u00ednea y que, a trav\u00e9s de un convenio con la Generalitat, se acordara la devoluci\u00f3n de estos fondos al consistorio. Explicaron que se trata de una inversi\u00f3n importante, pero que se pretende destinar parte de los ingresos derivados de la urbanizaci\u00f3n de la nueva zona empresarial Les Planes del Vent a esta obra.<\/p>\n\n\n\n<p>En cuanto a la formaci\u00f3n y el empleo, la t\u00e9cnica de Ocupaci\u00f3n del municipio, Arantzazu Longares, expuso los proyectos municipales vinculados a la formaci\u00f3n ocupacional y plante\u00f3 la posibilidad de implantar formaci\u00f3n profesional homologada en el municipio para reducir desplazamientos del alumnado y mejorar las cifras de desempleo y abandono escolar. En esta l\u00ednea, se destac\u00f3 el proyecto piloto de polimantenedores para j\u00f3venes que han dejado de estudiar y la propuesta de crear un centro de formaci\u00f3n en el municipio.<\/p>\n\n\n\n<p>El equipo de gobierno est\u00e1 trabajando para disponer de un centro de formaci\u00f3n ocupacional y poder acoger cursos como el actual de polimantenedores para j\u00f3venes. Expusieron a la consellera que las empresas de las zonas empresariales de la Bisbal tienen dificultades para encontrar personas con la formaci\u00f3n necesaria en sectores industriales y log\u00edsticos. Por este motivo, el equipo de gobierno propone la creaci\u00f3n de una formaci\u00f3n empresarial reglada y dual en el \u00e1mbito industrial y log\u00edstico, con el objetivo de preparar a los j\u00f3venes para ocupar estos puestos de trabajo. El Ayuntamiento ceder\u00eda una parte del espacio de equipamientos municipales en el futuro parque de Les Planes del Vent para la construcci\u00f3n de este centro.<\/p>\n\n\n\n<p>Posteriormente, la consellera visit\u00f3 las instalaciones de la escuela Ull de Vent y se reuni\u00f3 con el profesorado en la sala de profesores del edificio nuevo. Durante el encuentro, los docentes expusieron sus inquietudes, entre ellas la necesidad de ampliar el personal docente y de especialistas, como psic\u00f3logos e inform\u00e1ticos, y la revisi\u00f3n del sistema de designaci\u00f3n de las plantillas de los centros. Otros temas destacados fueron las mejoras en el transporte escolar a otros municipios, la gesti\u00f3n de los dos edificios y la atenci\u00f3n a la diversidad, un \u00e1mbito en el que la consellera asegur\u00f3 que ya se est\u00e1 trabajando desde el departamento.<\/p>\n\n\n\n<p>En respuesta a las demandas del consistorio, Niub\u00f3 explic\u00f3 que el departamento est\u00e1 analizando las necesidades del territorio y estableciendo prioridades, ya que hay muchos proyectos que requieren atenci\u00f3n urgente. Ante la propuesta del Ayuntamiento de adelantar la financiaci\u00f3n para la ampliaci\u00f3n de la escuela con el compromiso de reembolso por parte de la Generalitat, la consellera se comprometi\u00f3 a estudiar todas las peticiones. Adem\u00e1s, destac\u00f3 que se est\u00e1 revisando el decreto de transporte escolar para incluir los estudios postobligatorios.<\/p>\n\n\n\n<p>La consellera tom\u00f3 nota de estos dos grandes proyectos, que consider\u00f3 interesantes y necesarios. Finalmente, Niub\u00f3 puso en valor la implicaci\u00f3n de los ayuntamientos con los centros educativos, a pesar de no tener competencia directa, y subray\u00f3 la importancia de una colaboraci\u00f3n estrecha para garantizar una educaci\u00f3n de calidad.<\/p>\n","protected":false},"excerpt":{"rendered":"<p>La consellera d&#8217;Educaci\u00f3 i Formaci\u00f3 Professional de la Generalitat de Catalunya, Esther Niub\u00f3, va visitar la Bisbal del Pened\u00e8s el passat divendres, acompanyada per la directora dels Serveis Territorials d&#8217;Educaci\u00f3 &hellip; <a href=\"https:\/\/bisbalpenedes.com\/web\/2025\/03\/17\/la-consellera-deducacio-i-formacio-professional-visita-la-bisbal-del-penedes\/\" class=\"more-link\">Read More<\/a><\/p>\n","protected":false},"author":4,"featured_media":33235,"comment_status":"closed","ping_status":"closed","sticky":false,"template":"","format":"standard","meta":[],"categories":[2057,3456,8],"tags":[1151,459,6932,3139,274,862,337,7004,1475,393],"_links":{"self":[{"href":"https:\/\/bisbalpenedes.com\/web\/wp-json\/wp\/v2\/posts\/33231"}],"collection":[{"href":"https:\/\/bisbalpenedes.com\/web\/wp-json\/wp\/v2\/posts"}],"about":[{"href":"https:\/\/bisbalpenedes.com\/web\/wp-json\/wp\/v2\/types\/post"}],"author":[{"embeddable":true,"href":"https:\/\/bisbalpenedes.com\/web\/wp-json\/wp\/v2\/users\/4"}],"replies":[{"embeddable":true,"href":"https:\/\/bisbalpenedes.com\/web\/wp-json\/wp\/v2\/comments?post=33231"}],"version-history":[{"count":1,"href":"https:\/\/bisbalpenedes.com\/web\/wp-json\/wp\/v2\/posts\/33231\/revisions"}],"predecessor-version":[{"id":33238,"href":"https:\/\/bisbalpenedes.com\/web\/wp-json\/wp\/v2\/posts\/33231\/revisions\/33238"}],"wp:featuredmedia":[{"embeddable":true,"href":"https:\/\/bisbalpenedes.com\/web\/wp-json\/wp\/v2\/media\/33235"}],"wp:attachment":[{"href":"https:\/\/bisbalpenedes.com\/web\/wp-json\/wp\/v2\/media?parent=33231"}],"wp:term":[{"taxonomy":"category","embeddable":true,"href":"https:\/\/bisbalpenedes.com\/web\/wp-json\/wp\/v2\/categories?post=33231"},{"taxonomy":"post_tag","embeddable":true,"href":"https:\/\/bisbalpenedes.com\/web\/wp-json\/wp\/v2\/tags?post=33231"}],"curies":[{"name":"wp","href":"https:\/\/api.w.org\/{rel}","templated":true}]}}