{"id":33206,"date":"2025-03-12T16:26:02","date_gmt":"2025-03-12T14:26:02","guid":{"rendered":"https:\/\/bisbalpenedes.com\/web\/?p=33206"},"modified":"2025-03-12T16:29:51","modified_gmt":"2025-03-12T14:29:51","slug":"el-proxim-dilluns-dilluns-17-de-marc-se-celebrara-el-ple-ordinari-de-lajuntament-de-la-bisbal-del-penedes-corresponent-a-aquest-trimestre","status":"publish","type":"post","link":"https:\/\/bisbalpenedes.com\/web\/2025\/03\/12\/el-proxim-dilluns-dilluns-17-de-marc-se-celebrara-el-ple-ordinari-de-lajuntament-de-la-bisbal-del-penedes-corresponent-a-aquest-trimestre\/","title":{"rendered":"El pr\u00f2xim dilluns 17 de mar\u00e7 se celebrar\u00e0 el Ple ordinari de l\u2019Ajuntament de la Bisbal del Pened\u00e8s corresponent a aquest trimestre"},"content":{"rendered":"\n<p>El pr\u00f2xim dilluns 17 de mar\u00e7, a les 18h, se celebrar\u00e0 el Ple ordinari de l\u2019Ajuntament de la Bisbal del Pened\u00e8s corresponent a aquest trimestre. L\u2019ordre del dia inclou els punts seg\u00fcents:<strong><\/strong><\/p>\n\n\n\n<p><strong>PART RESOLUTIVA<\/strong>:<\/p>\n\n\n\n<ul><li>Punt 1.- Aprovaci\u00f3 de l\u2019acta del Ple ordinari del 16 de desembre de 2024<\/li><li>Punt 2.- Aprovaci\u00f3 de l\u2019acta del Ple extraordinari del 17 de gener de 2025<\/li><li>Punt 3.- Conveni d\u2019assist\u00e8ncia t\u00e8cnica d\u2019enginyeria amb el Consell Comarcal del Baix Pened\u00e8s<\/li><li>Punt 4.- Aprovaci\u00f3 del Pla estrat\u00e8gic de subvencions per als anys 2025 a 2027<\/li><li>Punt 5.- Desestimaci\u00f3 de la recusaci\u00f3 a l\u2019alcaldessa presentada per La Bisbal Decideix, en l\u2019aprovaci\u00f3 inicial de la modificaci\u00f3 puntual de les NNSS amb ordenaci\u00f3 detallada de les Planes del Vent<\/li><li>Punt 6.- Prendre coneixement de la ren\u00fancia de la Sra. Silvia Montfort al seu c\u00e0rrec i a l\u2019acta de regidora<\/li><\/ul>\n\n\n\n<p><strong>PART DE CONTROL<\/strong>:<\/p>\n\n\n\n<ul><li>Punt 7.- Donar compte dels Decrets d\u2019alcaldia<\/li><li>Punt 8.- Donar compte de les actes de la Junta de Govern Local<\/li><li>Punt 9.- Donar compte de l\u2019informe de morositat de l\u2019any 2023<\/li><li>Punt 10.- Donar compte de l\u2019informe de morositat de l\u2019any 2024<\/li><li>Punt 11.- Donar compte de l\u2019informe d\u2019intervenci\u00f3 relatiu a l\u2019auditoria de subvencions de l\u2019any 2021<\/li><li>Punt 12.- Donar compte de l\u2019informe d\u2019intervenci\u00f3 relatiu als drets i ingressos del 4rt trimestre de 2024<\/li><li>Punt 13.- Donar compte de l\u2019informe d\u2019intervenci\u00f3 relatiu a l\u2019execuci\u00f3 del pressupost del 4rt trimestre de 2024<\/li><li>Punt 14.- Donar compte dels informes de la Sindicatura de Comptes de Catalunya<\/li><li>Punt 15.- Donar compte de l\u2019informe de control permanent previ del c\u00e0lcul de l\u2019estabilitat pressupost\u00e0ria (de la modificaci\u00f3 de cr\u00e8dit 1 ALC\/2025)<\/li><li>Punt 16.- Donar compte de l\u2019informe de control permanent previ del c\u00e0lcul de l\u2019estabilitat pressupost\u00e0ria, de la liquidaci\u00f3 de l\u2019exercici 2024<\/li><li>Punt 17.- Donar compte de la liquidaci\u00f3 del pressupost del 2024<\/li><\/ul>\n\n\n\n<p><strong>PRECS I PREGUNTES<\/strong><\/p>\n\n\n\n<p><strong>PRECS I PREGUNTES DE LA CIUTADANIA<\/strong><\/p>\n\n\n\n<p>Segons el ROM aprovat al Ple de l\u2019Ajuntament de la Bisbal el 19 de juny de 2017, la ciutadania pot participar en els Plens Ordinaris. Tot seguit us detallem el funcionament d\u2019aquest sup\u00f2sit:<\/p>\n\n\n\n<p>Totes les persones tenen dret a intervenir en les sessions ordin\u00e0ries del Ple en el punt de l\u2019ordre del dia de \u2018Precs i preguntes\u2019, d\u2019acord amb les prescripcions seg\u00fcents:<\/p>\n\n\n\n<ul><li>El prec o pregunta s\u2019haur\u00e0 de sol\u2022licitar a l\u2019Alcaldia:<\/li><\/ul>\n\n\n\n<p>o per escrit i entrar-lo\/a al Registre General com a m\u00e0xim 24 hores abans del Ple Ordinari<\/p>\n\n\n\n<p>o Per Twitter a @BisbalPenedes com a m\u00e0xim 24h abans del Ple Ordinari, complint el protocol d\u2019\u00fas de les xarxes socials i emprant l\u2019etiqueta&nbsp;<a href=\"https:\/\/www.facebook.com\/hashtag\/plebisbalpened%C3%A8s?__eep__=6&amp;source=feed_text&amp;epa=HASHTAG&amp;__xts__%5B0%5D=68.ARD1wXWwwlno0rOKPmoxxgSz89WYH5i8NHgdzmCY3U1GDyNswWNuLJC5R3CyiwZ8glyCklNOgb5D6-ILDBbxPeAhsZdMu8qbfllJN2mwOAG9lPX1POezHU4xpQ6CrtbSOFPuM13bcQDPXDkcT8uMdzLDRgfw5h57ESASLFFbhrUkWoxSN8IheJ2bj9-81sTG3gqQ-wPW1oTv63_qHlpWUiTPav-2exYCEXYInFYQJDcg-f8siVOv1iRTgFStQHuyX1OUlmXnMQEAJGyp0rbWxJ0DXP_c3jiScxjBnW0-ebrftvJ5rcDs6dNS_U1mdQ8lmfvzgSMIsH-xyDrOEt-i4-01nqBm&amp;__tn__=%2ANK-R\">#PleBisbalPened\u00e8s<\/a>, seguit del prec o pregunta.<\/p>\n\n\n\n<ul><li>L\u2019assumpte objecte del prec o pregunta haur\u00e0 de ser de compet\u00e8ncia municipal sobre l\u2019acci\u00f3 de govern o estar directament relacionat amb els punts inclosos a l\u2019ordre del dia.<\/li><li>Cada ciutad\u00e0\/ana pot formular un prec i una pregunta en un mateix Ple. La longitud m\u00e0xima de cada piulada \u00e9s de 140 car\u00e0cters i no es pot continuar la pregunta en un segon \u2018tweet\u2019.<\/li><li>L\u2019alcaldia podr\u00e0 no respondre si \u00e9s un assumpte sobre el qual l\u2019Ajuntament no t\u00e9 compet\u00e8ncies o si ja s\u2019ha presentat la mateixa pregunta en una altra sessi\u00f3 plen\u00e0ria en els \u00faltims 6 mesos.<\/li><li>L\u2019alcaldia comunicar\u00e0, acabat el termini m\u00e0xim de presentaci\u00f3 de preguntes, a qui vagin dirigides les preguntes o peticions sol\u2022licitades perqu\u00e8 les pugui respondre.<\/li><li>L\u2019Alcaldia llegir\u00e0 la pregunta en veu alta.<\/li><li>L\u2019alcaldia o a qui va adre\u00e7ada la pregunta, la respondr\u00e0 en la mateixa sessi\u00f3 del Ple.<\/li><\/ul>\n\n\n\n<hr class=\"wp-block-separator has-alpha-channel-opacity\"\/>\n\n\n\n<p><strong>CASTELLANO |<\/strong> El pr\u00f3ximo lunes 17 de marzo, a les 18h, se celebrar\u00e1 el Pleno ordinario del Ajuntament de la Bisbal del Pened\u00e8s correspondiente a estre trimestre. El orden del d\u00eda incluye los puntos siguientes:<strong><\/strong><\/p>\n\n\n\n<p><strong>PARTE RESOLUTIVA:<\/strong><\/p>\n\n\n\n<ul><li>Punto 1.- Aprobaci\u00f3n del acta del Pleno ordinario del 16 de diciembre de 2024<\/li><li>Punto 2.- Aprobaci\u00f3n del acta del Pleno extraordinario del 17 de enero de 2025<\/li><li>Punto 3.- Convenio de asistencia t\u00e9cnica de ingenier\u00eda con el ConseLL Comarcal del Baix Pened\u00e8s<\/li><li>Punto 4.- Aprobaci\u00f3n del Plan estrat\u00e9gico de subvenciones para los a\u00f1os 2025 a 2027<\/li><li>Punto 5.- Desestimaci\u00f3n de la recusaci\u00f3n a la alcaldesa presentada por La Bisbal Decideix, en la aprobaci\u00f3n inicial de la modificaci\u00f3n puntual de las NNSS con ordenaci\u00f3n detallada de Les Planes del Vent<\/li><li>Punto 6.- Tomar conocimiento de la renuncia de la Sra. Silvia Montfort a su cargo y al acta de concejala<\/li><\/ul>\n\n\n\n<hr class=\"wp-block-separator has-alpha-channel-opacity\"\/>\n\n\n\n<p><strong>PARTE DE CONTROL:<\/strong><\/p>\n\n\n\n<ul><li>Punto 7.- Dar cuenta de los Decretos de alcald\u00eda<\/li><li>Punto 8.- Dar cuenta de las actas de la Junta de Gobierno Local<\/li><li>Punto 9.- Dar cuenta del informe de morosidad del a\u00f1o 2023<\/li><li>Punto 10.- Dar cuenta del informe de morosidad del a\u00f1o 2024<\/li><li>Punto 11.- Dar cuenta del informe de intervenci\u00f3n relativo a la auditor\u00eda de subvenciones del a\u00f1o 2021<\/li><li>Punto 12.- Dar cuenta del informe de intervenci\u00f3n relativo a los derechos e ingresos del 4\u00ba trimestre de 2024<\/li><li>Punto 13.- Dar cuenta del informe de intervenci\u00f3n relativo a la ejecuci\u00f3n del presupuesto del 4\u00ba trimestre de 2024<\/li><li>Punto 14.- Dar cuenta de los informes de la Sindicatura de Comptes de Catalunya<\/li><li>Punto 15.- Dar cuenta del informe de control permanente previo del c\u00e1lculo de la estabilidad presupuestaria (de la modificaci\u00f3n de cr\u00e9dito 1 ALC\/2025)<\/li><li>Punto 16.- Dar cuenta del informe de control permanente previo del c\u00e1lculo de la estabilidad presupuestaria, de la liquidaci\u00f3n del ejercicio 2024<\/li><li>Punto 17.- Dar cuenta de la liquidaci\u00f3n del presupuesto de 2024<\/li><\/ul>\n\n\n\n<hr class=\"wp-block-separator has-alpha-channel-opacity\"\/>\n\n\n\n<p><strong>RUEGOS Y PREGUNTAS<\/strong><\/p>\n\n\n\n<p><strong>RUEGOS Y PREGUNTAS DE LA CIUDADAN\u00cdA<\/strong><\/p>\n\n\n\n<p>Seg\u00fan el ROM aprobado en el Pleno del Ajuntament de la Bisbal el 19 de junio de 2017, la ciudadan\u00eda puede participar en los Plenos Ordinarios. A continuaci\u00f3n, os detallamos el funcionamiento de este supuesto:<\/p>\n\n\n\n<p>Todas las personas tienen derecho a intervenir en las sesiones ordinarias del Pleno en el punto del orden del d\u00eda de \u2018Ruegos y preguntas\u2019, de acuerdo con las prescripciones siguientes:<\/p>\n\n\n\n<p>\u2022&nbsp;&nbsp;&nbsp;&nbsp;&nbsp;&nbsp; El ruego o pregunta deber\u00e1 solicitarse a la Alcald\u00eda:<\/p>\n\n\n\n<p>o por escrito y entregarlo en el Registro General como m\u00e1ximo 24 horas antes del Pleno Ordinario<\/p>\n\n\n\n<p>o Por Twitter a @BisbalPenedes como m\u00e1ximo 24h antes del Pleno Ordinario, cumpliendo el protocolo de uso de las redes sociales y utilizando la etiqueta #PleBisbalPened\u00e8s, seguido del ruego o pregunta.<\/p>\n\n\n\n<p>\u2022&nbsp;&nbsp;&nbsp;&nbsp;&nbsp;&nbsp; El asunto objeto del ruego o pregunta deber\u00e1 ser de competencia municipal sobre la acci\u00f3n de gobierno o estar directamente relacionado con los puntos incluidos en el orden del d\u00eda.<\/p>\n\n\n\n<p>\u2022&nbsp;&nbsp;&nbsp;&nbsp;&nbsp;&nbsp; Cada ciudadano\/a puede formular un ruego y una pregunta en un mismo Pleno. La longitud m\u00e1xima de cada tuit es de 140 caracteres y no se puede continuar la pregunta en un segundo \u2018tweet\u2019.<\/p>\n\n\n\n<p>\u2022&nbsp;&nbsp;&nbsp;&nbsp;&nbsp;&nbsp; La alcald\u00eda podr\u00e1 no responder si es un asunto sobre el cual el Ajuntament no tiene competencias o si ya se ha presentado la misma pregunta en otra sesi\u00f3n plenaria en los \u00faltimos 6 meses.<\/p>\n\n\n\n<p>\u2022&nbsp;&nbsp;&nbsp;&nbsp;&nbsp;&nbsp; La alcald\u00eda comunicar\u00e1, al finalizar el plazo m\u00e1ximo de presentaci\u00f3n de preguntas, a qui\u00e9n vayan dirigidas las preguntas o peticiones solicitadas para que las pueda responder.<\/p>\n\n\n\n<p>\u2022&nbsp;&nbsp;&nbsp;&nbsp;&nbsp;&nbsp; La alcald\u00eda leer\u00e1 la pregunta en voz alta.<\/p>\n\n\n\n<p>\u2022&nbsp;&nbsp;&nbsp;&nbsp;&nbsp;&nbsp; La alcald\u00eda o a quien vaya dirigida la pregunta, la responder\u00e1 en la misma sesi\u00f3n del Pleno.<\/p>\n","protected":false},"excerpt":{"rendered":"<p>El pr\u00f2xim dilluns 17 de mar\u00e7, a les 18h, se celebrar\u00e0 el Ple ordinari de l\u2019Ajuntament de la Bisbal del Pened\u00e8s corresponent a aquest trimestre. L\u2019ordre del dia inclou els &hellip; <a href=\"https:\/\/bisbalpenedes.com\/web\/2025\/03\/12\/el-proxim-dilluns-dilluns-17-de-marc-se-celebrara-el-ple-ordinari-de-lajuntament-de-la-bisbal-del-penedes-corresponent-a-aquest-trimestre\/\" class=\"more-link\">Read More<\/a><\/p>\n","protected":false},"author":4,"featured_media":14975,"comment_status":"closed","ping_status":"closed","sticky":false,"template":"","format":"standard","meta":[],"categories":[8,2251,2250],"tags":[459,393,139,3779,249],"_links":{"self":[{"href":"https:\/\/bisbalpenedes.com\/web\/wp-json\/wp\/v2\/posts\/33206"}],"collection":[{"href":"https:\/\/bisbalpenedes.com\/web\/wp-json\/wp\/v2\/posts"}],"about":[{"href":"https:\/\/bisbalpenedes.com\/web\/wp-json\/wp\/v2\/types\/post"}],"author":[{"embeddable":true,"href":"https:\/\/bisbalpenedes.com\/web\/wp-json\/wp\/v2\/users\/4"}],"replies":[{"embeddable":true,"href":"https:\/\/bisbalpenedes.com\/web\/wp-json\/wp\/v2\/comments?post=33206"}],"version-history":[{"count":2,"href":"https:\/\/bisbalpenedes.com\/web\/wp-json\/wp\/v2\/posts\/33206\/revisions"}],"predecessor-version":[{"id":33208,"href":"https:\/\/bisbalpenedes.com\/web\/wp-json\/wp\/v2\/posts\/33206\/revisions\/33208"}],"wp:featuredmedia":[{"embeddable":true,"href":"https:\/\/bisbalpenedes.com\/web\/wp-json\/wp\/v2\/media\/14975"}],"wp:attachment":[{"href":"https:\/\/bisbalpenedes.com\/web\/wp-json\/wp\/v2\/media?parent=33206"}],"wp:term":[{"taxonomy":"category","embeddable":true,"href":"https:\/\/bisbalpenedes.com\/web\/wp-json\/wp\/v2\/categories?post=33206"},{"taxonomy":"post_tag","embeddable":true,"href":"https:\/\/bisbalpenedes.com\/web\/wp-json\/wp\/v2\/tags?post=33206"}],"curies":[{"name":"wp","href":"https:\/\/api.w.org\/{rel}","templated":true}]}}