{"id":33189,"date":"2025-03-11T13:30:41","date_gmt":"2025-03-11T11:30:41","guid":{"rendered":"https:\/\/bisbalpenedes.com\/web\/?p=33189"},"modified":"2025-03-11T13:30:41","modified_gmt":"2025-03-11T11:30:41","slug":"el-14-de-marc-podreu-veure-el-documental-pasang-in-the-shadow-of-everest-al-cmc-en-el-marc-del-cicle-de-muntanya-de-la-diputacio-de-tarragona","status":"publish","type":"post","link":"https:\/\/bisbalpenedes.com\/web\/2025\/03\/11\/el-14-de-marc-podreu-veure-el-documental-pasang-in-the-shadow-of-everest-al-cmc-en-el-marc-del-cicle-de-muntanya-de-la-diputacio-de-tarragona\/","title":{"rendered":"<strong>El 14 de mar\u00e7 podreu veure el documental \u201cPasang: In the Shadow of Everest\u201d al CMC en el marc del Cicle de Muntanya de la Diputaci\u00f3 de Tarragona<\/strong>"},"content":{"rendered":"\n<p>El 6 de mar\u00e7 va arrencar&nbsp; la 18a edici\u00f3 del Cicle de Muntanya de la Diputaci\u00f3 de Tarragona i, un any m\u00e9s, la Bisbal del Pened\u00e8s s\u2019ha adherit a les projeccions del cicle per als amants de l\u2019alpinisme i l\u2019escalada que, enguany, porta per nom \u201cEnc\u00eds, exploraci\u00f3 i somnis\u201d. A la Bisbal del Pened\u00e8s podrem veure el documental \u201cPasang: In the Shadow of Everest\u201d el 14 de mar\u00e7 a les 19h al CMC, amb entrada gratu\u00efta. La durada del film \u00e9s de 72 minuts i \u00e9s en versi\u00f3 original subtitulada.<\/p>\n\n\n\n<p><strong>SINOPSI:<\/strong><\/p>\n\n\n\n<p>El documental relata el commovedor i inspirador viatge de Pasang Lhamu Sherpa, la primera dona nepalesa que va coronar l\u2019Everest l\u2019any 1993. Com a dona ind\u00edgena, sense estudis i budista en un regne de tradici\u00f3 hind\u00fa, el seu somni d\u2019escalar la m\u00edtica muntanya es trobava ple d\u2019obstacles: des de l\u2019oposici\u00f3 de la seva pr\u00f2pia fam\u00edlia fins a la del Govern i, fins i tot, les condicions extremes de la naturalesa. En un moment de transformaci\u00f3 pol\u00edtica cap a un Nepal m\u00e9s democr\u00e0tic i amb l\u2019auge de l\u2019escalada comercial, Pasang va assolir el cim en el seu quart intent. Malauradament, va perdre la vida durant el descens, un fet que va commocionar el pa\u00eds i esdevenir un s\u00edmbol de canvi, impulsant moviments de resist\u00e8ncia femenina i inspirant noves generacions a lluitar pels seus drets.<\/p>\n\n\n\n<p>El seu llegat i la seva tr\u00e0gica mort la van convertir en una figura de gran popularitat, fins al punt que va ser reconeguda com una hero\u00efna nacional. Avui dia, el seu nom ressona arreu del Nepal: el seu rostre apareix en segells de correus, diverses escoles han estat batejades en el seu honor i el rei del Nepal la va distingir amb l\u2019Estrella nepalesa. A m\u00e9s, una varietat de gra porta el seu nom, aix\u00ed com els 117 quil\u00f2metres de l\u2019autopista Pasanglhamu i la muntanya de 7.350 metres d\u2019altitud Pasang Lhamu Chuli. A Katmand\u00fa, una est\u00e0tua de mida natural recorda la seva figura i el seu impacte en la hist\u00f2ria del pa\u00eds.<\/p>\n\n\n\n<p>Aquest film ha obtingut diversos premis, us els detallem a continuaci\u00f3:<\/p>\n\n\n\n<ul><li>Millor pel\u00b7l\u00edcula al Festival BBVA, Torell\u00f3 (2023)<\/li><li>Premi del Jurat al Mountain Film Festival, el Canad\u00e0 (2023)<\/li><li>Premi Mario Bello al Trento Film Festival, It\u00e0lia (2023)<\/li><li>Millor pel\u00b7l\u00edcula de cultura al Mendi Film, Bilbao (2022)<\/li><li>Premi del p\u00fablic al BendFilm Festival, EUA (2022)<\/li><li>Millor pel\u00b7l\u00edcula d\u2019alpinisme al Festival Film, el Canad\u00e0 (2022)<\/li><\/ul>\n\n\n\n<hr class=\"wp-block-separator has-alpha-channel-opacity\"\/>\n\n\n\n<h2><strong>El 14 de marzo podr\u00e9is ver el documental \u201cPasang: In the Shadow of Everest\u201d en el CMC en el marco del Ciclo de Monta\u00f1a de la Diputaci\u00f3n de Tarragona<\/strong><\/h2>\n\n\n\n<p>El 6 de marzo arranc\u00f3 la 18\u00aa edici\u00f3n del Cicle de Muntanya de la Diputaci\u00f3 de Tarragona y, un a\u00f1o m\u00e1s, La Bisbal del Pened\u00e8s se ha adherido a las proyecciones del ciclo para los amantes del alpinismo y la escalada, que este a\u00f1o lleva por nombre \u201cEncanto, exploraci\u00f3n y sue\u00f1os\u201d. En La Bisbal del Pened\u00e8s podremos ver el documental <em>Pasang: In the Shadow of Everest<\/em> el 14 de marzo a las 19:00 h en el CMC, con entrada gratuita. La duraci\u00f3n del film es de 72 minutos y se proyectar\u00e1 en versi\u00f3n original subtitulada.<\/p>\n\n\n\n<p><strong>SINOPSIS<\/strong><\/p>\n\n\n\n<p>El documental relata el conmovedor e inspirador viaje de Pasang Lhamu Sherpa, la primera mujer nepal\u00ed en coronar el Everest en 1993. Como mujer ind\u00edgena, sin estudios y budista en un reino de tradici\u00f3n hind\u00fa, su sue\u00f1o de escalar la m\u00edtica monta\u00f1a estaba lleno de obst\u00e1culos: desde la oposici\u00f3n de su propia familia hasta la del Gobierno e, incluso, las condiciones extremas de la naturaleza. En un momento de transformaci\u00f3n pol\u00edtica hacia un Nepal m\u00e1s democr\u00e1tico y con el auge de la escalada comercial, Pasang alcanz\u00f3 la cima en su cuarto intento. Lamentablemente, perdi\u00f3 la vida durante el descenso, un suceso que conmocion\u00f3 al pa\u00eds y se convirti\u00f3 en un s\u00edmbolo de cambio, impulsando movimientos de resistencia femenina e inspirando a nuevas generaciones a luchar por sus derechos.<\/p>\n\n\n\n<p>Su legado y su tr\u00e1gica muerte la convirtieron en una figura de gran popularidad, hasta el punto de ser reconocida como una hero\u00edna nacional. Hoy en d\u00eda, su nombre resuena en todo Nepal: su rostro aparece en sellos de correos, varias escuelas han sido bautizadas en su honor y el rey de Nepal la distingui\u00f3 con la Estrella nepalesa. Adem\u00e1s, una variedad de grano lleva su nombre, al igual que los 117 kil\u00f3metros de la autopista Pasanglhamu y la monta\u00f1a de 7.350 metros de altitud Pasang Lhamu Chuli. En Katmand\u00fa, una estatua de tama\u00f1o natural recuerda su figura y su impacto en la historia del pa\u00eds.<\/p>\n\n\n\n<p>Este film ha obtenido diversos premios, que detallamos a continuaci\u00f3n:<\/p>\n\n\n\n<ul><li>Mejor pel\u00edcula en el Festival BBVA, Torell\u00f3 (2023)<\/li><li>Premio del Jurado en el Mountain Film Festival, Canad\u00e1 (2023)<\/li><li>Premio Mario Bello en el Trento Film Festival, Italia (2023)<\/li><li>Mejor pel\u00edcula de cultura en el Mendi Film, Bilbao (2022)<\/li><li>Premio del p\u00fablico en el BendFilm Festival, EE.UU. (2022)<\/li><li>Mejor pel\u00edcula de alpinismo en el Festival Film, Canad\u00e1 (2022)<\/li><\/ul>\n\n\n\n<figure class=\"wp-block-embed is-type-video is-provider-youtube wp-block-embed-youtube wp-embed-aspect-16-9 wp-has-aspect-ratio\"><div class=\"wp-block-embed__wrapper\">\n<iframe loading=\"lazy\" title=\"PASANG: In the Shadow of Everest | The Vic Theatre\" width=\"1170\" height=\"658\" src=\"https:\/\/www.youtube.com\/embed\/xScv0VbVVmE?feature=oembed\" frameborder=\"0\" allow=\"accelerometer; autoplay; clipboard-write; encrypted-media; gyroscope; picture-in-picture; web-share\" referrerpolicy=\"strict-origin-when-cross-origin\" allowfullscreen><\/iframe>\n<\/div><\/figure>\n","protected":false},"excerpt":{"rendered":"<p>El 6 de mar\u00e7 va arrencar&nbsp; la 18a edici\u00f3 del Cicle de Muntanya de la Diputaci\u00f3 de Tarragona i, un any m\u00e9s, la Bisbal del Pened\u00e8s s\u2019ha adherit a les &hellip; <a href=\"https:\/\/bisbalpenedes.com\/web\/2025\/03\/11\/el-14-de-marc-podreu-veure-el-documental-pasang-in-the-shadow-of-everest-al-cmc-en-el-marc-del-cicle-de-muntanya-de-la-diputacio-de-tarragona\/\" class=\"more-link\">Read More<\/a><\/p>\n","protected":false},"author":4,"featured_media":33190,"comment_status":"closed","ping_status":"closed","sticky":false,"template":"","format":"standard","meta":[],"categories":[19,8],"tags":[3330,673,1202,128,6995,393,6994],"_links":{"self":[{"href":"https:\/\/bisbalpenedes.com\/web\/wp-json\/wp\/v2\/posts\/33189"}],"collection":[{"href":"https:\/\/bisbalpenedes.com\/web\/wp-json\/wp\/v2\/posts"}],"about":[{"href":"https:\/\/bisbalpenedes.com\/web\/wp-json\/wp\/v2\/types\/post"}],"author":[{"embeddable":true,"href":"https:\/\/bisbalpenedes.com\/web\/wp-json\/wp\/v2\/users\/4"}],"replies":[{"embeddable":true,"href":"https:\/\/bisbalpenedes.com\/web\/wp-json\/wp\/v2\/comments?post=33189"}],"version-history":[{"count":1,"href":"https:\/\/bisbalpenedes.com\/web\/wp-json\/wp\/v2\/posts\/33189\/revisions"}],"predecessor-version":[{"id":33191,"href":"https:\/\/bisbalpenedes.com\/web\/wp-json\/wp\/v2\/posts\/33189\/revisions\/33191"}],"wp:featuredmedia":[{"embeddable":true,"href":"https:\/\/bisbalpenedes.com\/web\/wp-json\/wp\/v2\/media\/33190"}],"wp:attachment":[{"href":"https:\/\/bisbalpenedes.com\/web\/wp-json\/wp\/v2\/media?parent=33189"}],"wp:term":[{"taxonomy":"category","embeddable":true,"href":"https:\/\/bisbalpenedes.com\/web\/wp-json\/wp\/v2\/categories?post=33189"},{"taxonomy":"post_tag","embeddable":true,"href":"https:\/\/bisbalpenedes.com\/web\/wp-json\/wp\/v2\/tags?post=33189"}],"curies":[{"name":"wp","href":"https:\/\/api.w.org\/{rel}","templated":true}]}}