{"id":33164,"date":"2025-03-07T13:28:47","date_gmt":"2025-03-07T11:28:47","guid":{"rendered":"https:\/\/bisbalpenedes.com\/web\/?p=33164"},"modified":"2025-03-07T13:28:57","modified_gmt":"2025-03-07T11:28:57","slug":"avis-per-intensitat-de-pluja-i-possibles-fenomens-de-temps-violent-nit-de-dissabte-a-diumenge","status":"publish","type":"post","link":"https:\/\/bisbalpenedes.com\/web\/2025\/03\/07\/avis-per-intensitat-de-pluja-i-possibles-fenomens-de-temps-violent-nit-de-dissabte-a-diumenge\/","title":{"rendered":"Av\u00eds per intensitat de pluja i possibles fen\u00f2mens de temps violent [nit de dissabte a diumenge]"},"content":{"rendered":"\n<p>El Servei Meteorol\u00f2gic de Catalunya ha em\u00e8s un av\u00eds per intensitat de pluja per a la nit del dissabte al diumenge. Els x\u00e0fecs aniran acompanyats de tempesta i de ratxes fortes de vent. Localment s\u00f3n possibles fen\u00f2mens de temps violent. Extremeu les precaucions.<\/p>\n\n\n\n<p>Si voleu ampliar la informaci\u00f3 o consultar el detall de la previsi\u00f3, ho podeu fer a <a href=\"https:\/\/panel.eagora.app\/comunicados\/www.meteo.cat\" rel=\"noreferrer noopener\" target=\"_blank\">www.meteo.cat<\/a><\/p>\n\n\n\n<hr class=\"wp-block-separator has-alpha-channel-opacity\"\/>\n\n\n\n<p><a><\/a>METEOROLOG\u00cdA | El Servei Meteorol\u00f2gic de Catalunya ha emitido un aviso por intensidad de lluvia para la noche del s\u00e1bado al domingo. Los chubascos ir\u00e1n acompa\u00f1ados de tormenta y de rachas fuertes de viento. Localmente, son posibles fen\u00f3menos de tiempo violento. Extremad las precauciones.<\/p>\n\n\n\n<p>Si quer\u00e9is ampliar la informaci\u00f3n o consultar el detalle de la previsi\u00f3n, lo pod\u00e9is hacer en <a href=\"http:\/\/www.meteo.cat\/\" target=\"_blank\" rel=\"noreferrer noopener\">www.meteo.cat<\/a><\/p>\n\n\n\n<figure class=\"wp-block-image size-large\"><img loading=\"lazy\" width=\"1024\" height=\"819\" src=\"https:\/\/bisbalpenedes.com\/web\/wp-content\/uploads\/2025\/03\/1-1-1024x819.jpg\" alt=\"\" class=\"wp-image-33166\" srcset=\"https:\/\/bisbalpenedes.com\/web\/wp-content\/uploads\/2025\/03\/1-1-1024x819.jpg 1024w, https:\/\/bisbalpenedes.com\/web\/wp-content\/uploads\/2025\/03\/1-1-300x240.jpg 300w, https:\/\/bisbalpenedes.com\/web\/wp-content\/uploads\/2025\/03\/1-1-768x614.jpg 768w, https:\/\/bisbalpenedes.com\/web\/wp-content\/uploads\/2025\/03\/1-1-600x480.jpg 600w, https:\/\/bisbalpenedes.com\/web\/wp-content\/uploads\/2025\/03\/1-1.jpg 1350w\" sizes=\"(max-width: 1024px) 100vw, 1024px\" \/><\/figure>\n\n\n\n<figure class=\"wp-block-image size-large\"><img loading=\"lazy\" width=\"776\" height=\"1024\" src=\"https:\/\/bisbalpenedes.com\/web\/wp-content\/uploads\/2022\/09\/Cartell_aiguats_inundacions_page-0001-776x1024.jpeg\" alt=\"\" class=\"wp-image-23158\" srcset=\"https:\/\/bisbalpenedes.com\/web\/wp-content\/uploads\/2022\/09\/Cartell_aiguats_inundacions_page-0001-776x1024.jpeg 776w, https:\/\/bisbalpenedes.com\/web\/wp-content\/uploads\/2022\/09\/Cartell_aiguats_inundacions_page-0001-227x300.jpeg 227w, https:\/\/bisbalpenedes.com\/web\/wp-content\/uploads\/2022\/09\/Cartell_aiguats_inundacions_page-0001-768x1013.jpeg 768w, https:\/\/bisbalpenedes.com\/web\/wp-content\/uploads\/2022\/09\/Cartell_aiguats_inundacions_page-0001-1164x1536.jpeg 1164w, https:\/\/bisbalpenedes.com\/web\/wp-content\/uploads\/2022\/09\/Cartell_aiguats_inundacions_page-0001-600x792.jpeg 600w, https:\/\/bisbalpenedes.com\/web\/wp-content\/uploads\/2022\/09\/Cartell_aiguats_inundacions_page-0001.jpeg 1500w\" sizes=\"(max-width: 776px) 100vw, 776px\" \/><\/figure>\n","protected":false},"excerpt":{"rendered":"<p>El Servei Meteorol\u00f2gic de Catalunya ha em\u00e8s un av\u00eds per intensitat de pluja per a la nit del dissabte al diumenge. Els x\u00e0fecs aniran acompanyats de tempesta i de ratxes &hellip; <a href=\"https:\/\/bisbalpenedes.com\/web\/2025\/03\/07\/avis-per-intensitat-de-pluja-i-possibles-fenomens-de-temps-violent-nit-de-dissabte-a-diumenge\/\" class=\"more-link\">Read More<\/a><\/p>\n","protected":false},"author":4,"featured_media":31785,"comment_status":"closed","ping_status":"closed","sticky":false,"template":"","format":"standard","meta":[],"categories":[2543,8],"tags":[3565,459,3566,393,1188,1374],"_links":{"self":[{"href":"https:\/\/bisbalpenedes.com\/web\/wp-json\/wp\/v2\/posts\/33164"}],"collection":[{"href":"https:\/\/bisbalpenedes.com\/web\/wp-json\/wp\/v2\/posts"}],"about":[{"href":"https:\/\/bisbalpenedes.com\/web\/wp-json\/wp\/v2\/types\/post"}],"author":[{"embeddable":true,"href":"https:\/\/bisbalpenedes.com\/web\/wp-json\/wp\/v2\/users\/4"}],"replies":[{"embeddable":true,"href":"https:\/\/bisbalpenedes.com\/web\/wp-json\/wp\/v2\/comments?post=33164"}],"version-history":[{"count":2,"href":"https:\/\/bisbalpenedes.com\/web\/wp-json\/wp\/v2\/posts\/33164\/revisions"}],"predecessor-version":[{"id":33169,"href":"https:\/\/bisbalpenedes.com\/web\/wp-json\/wp\/v2\/posts\/33164\/revisions\/33169"}],"wp:featuredmedia":[{"embeddable":true,"href":"https:\/\/bisbalpenedes.com\/web\/wp-json\/wp\/v2\/media\/31785"}],"wp:attachment":[{"href":"https:\/\/bisbalpenedes.com\/web\/wp-json\/wp\/v2\/media?parent=33164"}],"wp:term":[{"taxonomy":"category","embeddable":true,"href":"https:\/\/bisbalpenedes.com\/web\/wp-json\/wp\/v2\/categories?post=33164"},{"taxonomy":"post_tag","embeddable":true,"href":"https:\/\/bisbalpenedes.com\/web\/wp-json\/wp\/v2\/tags?post=33164"}],"curies":[{"name":"wp","href":"https:\/\/api.w.org\/{rel}","templated":true}]}}