{"id":33156,"date":"2025-03-07T12:44:00","date_gmt":"2025-03-07T10:44:00","guid":{"rendered":"https:\/\/bisbalpenedes.com\/web\/?p=33156"},"modified":"2025-03-07T13:03:08","modified_gmt":"2025-03-07T11:03:08","slug":"dia-dona-2025-manifest-i-activitats","status":"publish","type":"post","link":"https:\/\/bisbalpenedes.com\/web\/2025\/03\/07\/dia-dona-2025-manifest-i-activitats\/","title":{"rendered":"Aquest dissabte 8 de mar\u00e7 la fa\u00e7ana de l&#8217;Ajuntament s&#8217;il\u00b7luminar\u00e0 de color lila amb motiu del Dia Internacional de la Dona"},"content":{"rendered":"\n<p>Aquest dissabte al vespre, la fa\u00e7ana de La Casa de la Vila s&#8217;il\u00b7luminar\u00e0 de color lila amb motiu del Dia Internacional de la Dona. Des de les Regidories de Feminismes i Igualtat i diverses entitats s&#8217;han organitzat diversos actes. S\u00f3n els que podeu trobar a continuaci\u00f3:<\/p>\n\n\n\n<figure class=\"wp-block-image size-large\"><img loading=\"lazy\" width=\"724\" height=\"1024\" src=\"https:\/\/bisbalpenedes.com\/web\/wp-content\/uploads\/2025\/03\/DIA-DE-LA-DONA-25-def2-724x1024.jpg\" alt=\"\" class=\"wp-image-33135\" srcset=\"https:\/\/bisbalpenedes.com\/web\/wp-content\/uploads\/2025\/03\/DIA-DE-LA-DONA-25-def2-724x1024.jpg 724w, https:\/\/bisbalpenedes.com\/web\/wp-content\/uploads\/2025\/03\/DIA-DE-LA-DONA-25-def2-212x300.jpg 212w, https:\/\/bisbalpenedes.com\/web\/wp-content\/uploads\/2025\/03\/DIA-DE-LA-DONA-25-def2-768x1087.jpg 768w, https:\/\/bisbalpenedes.com\/web\/wp-content\/uploads\/2025\/03\/DIA-DE-LA-DONA-25-def2-1086x1536.jpg 1086w, https:\/\/bisbalpenedes.com\/web\/wp-content\/uploads\/2025\/03\/DIA-DE-LA-DONA-25-def2-1448x2048.jpg 1448w, https:\/\/bisbalpenedes.com\/web\/wp-content\/uploads\/2025\/03\/DIA-DE-LA-DONA-25-def2-600x849.jpg 600w, https:\/\/bisbalpenedes.com\/web\/wp-content\/uploads\/2025\/03\/DIA-DE-LA-DONA-25-def2-scaled.jpg 1809w\" sizes=\"(max-width: 724px) 100vw, 724px\" \/><\/figure>\n\n\n\n<p>Aquest dissabte, durant la cal\u00e7otada organitzada des de l&#8217;Associaci\u00f3 de Dones La Roca Foradada es llegir\u00e0 el manifest del Dia Internacional de la Dona. \u00c9s el seg\u00fcent:<\/p>\n\n\n\n<div class=\"wp-block-file\"><object class=\"wp-block-file__embed\" data=\"https:\/\/bisbalpenedes.com\/web\/wp-content\/uploads\/2025\/03\/manifest-dia-dona-8-de-marc\u0327-2025.pdf\" type=\"application\/pdf\" style=\"width:100%;height:600px\" aria-label=\"Incrustaci\u00f3 del fitxer manifest-dia-dona-8-de-marc\u0327-2025.\"><\/object><a id=\"wp-block-file--media-80d57b7f-a02e-4c2f-b2ef-0aab40a54784\" href=\"https:\/\/bisbalpenedes.com\/web\/wp-content\/uploads\/2025\/03\/manifest-dia-dona-8-de-marc\u0327-2025.pdf\">manifest-dia-dona-8-de-marc\u0327-2025<\/a><a href=\"https:\/\/bisbalpenedes.com\/web\/wp-content\/uploads\/2025\/03\/manifest-dia-dona-8-de-marc\u0327-2025.pdf\" class=\"wp-block-file__button\" download aria-describedby=\"wp-block-file--media-80d57b7f-a02e-4c2f-b2ef-0aab40a54784\">Baixa<\/a><\/div>\n\n\n\n<hr class=\"wp-block-separator has-alpha-channel-opacity\"\/>\n\n\n\n<p>Este s\u00e1bado al anochecer, la fachada de La Casa de la Vila se iluminar\u00e1 de color lila con motivo del D\u00eda Internacional de la mujer. Desde las Concejal\u00edas de Feminismos e Igualdad y varias entidades se han organizado varios actos. Son los que pod\u00e9is encontrar a continuaci\u00f3n:<\/p>\n\n\n\n<figure class=\"wp-block-image size-large\"><img loading=\"lazy\" width=\"724\" height=\"1024\" src=\"https:\/\/bisbalpenedes.com\/web\/wp-content\/uploads\/2025\/03\/DIA-DE-LA-DONA-25-def2-724x1024.jpg\" alt=\"\" class=\"wp-image-33135\" srcset=\"https:\/\/bisbalpenedes.com\/web\/wp-content\/uploads\/2025\/03\/DIA-DE-LA-DONA-25-def2-724x1024.jpg 724w, https:\/\/bisbalpenedes.com\/web\/wp-content\/uploads\/2025\/03\/DIA-DE-LA-DONA-25-def2-212x300.jpg 212w, https:\/\/bisbalpenedes.com\/web\/wp-content\/uploads\/2025\/03\/DIA-DE-LA-DONA-25-def2-768x1087.jpg 768w, https:\/\/bisbalpenedes.com\/web\/wp-content\/uploads\/2025\/03\/DIA-DE-LA-DONA-25-def2-1086x1536.jpg 1086w, https:\/\/bisbalpenedes.com\/web\/wp-content\/uploads\/2025\/03\/DIA-DE-LA-DONA-25-def2-1448x2048.jpg 1448w, https:\/\/bisbalpenedes.com\/web\/wp-content\/uploads\/2025\/03\/DIA-DE-LA-DONA-25-def2-600x849.jpg 600w, https:\/\/bisbalpenedes.com\/web\/wp-content\/uploads\/2025\/03\/DIA-DE-LA-DONA-25-def2-scaled.jpg 1809w\" sizes=\"(max-width: 724px) 100vw, 724px\" \/><\/figure>\n\n\n\n<p>Este s\u00e1bado, durante la cal\u00e7otada organizada desde la Associaci\u00f3 de Dones la Roca Foradada se leer\u00e1 el manifiesto del D\u00eda Internacional de la Mujer. Es el siguiente:<\/p>\n\n\n\n<div class=\"wp-block-file\"><object class=\"wp-block-file__embed\" data=\"https:\/\/bisbalpenedes.com\/web\/wp-content\/uploads\/2025\/03\/manifest-dia-dona-8-de-marc\u0327-2025.pdf\" type=\"application\/pdf\" style=\"width:100%;height:600px\" aria-label=\"Incrustaci\u00f3 del fitxer manifest-dia-dona-8-de-marc\u0327-2025.\"><\/object><a id=\"wp-block-file--media-de6e50e0-742c-472a-813a-d66721518acf\" href=\"https:\/\/bisbalpenedes.com\/web\/wp-content\/uploads\/2025\/03\/manifest-dia-dona-8-de-marc\u0327-2025.pdf\">manifest-dia-dona-8-de-marc\u0327-2025<\/a><a href=\"https:\/\/bisbalpenedes.com\/web\/wp-content\/uploads\/2025\/03\/manifest-dia-dona-8-de-marc\u0327-2025.pdf\" class=\"wp-block-file__button\" download aria-describedby=\"wp-block-file--media-de6e50e0-742c-472a-813a-d66721518acf\">Baixa<\/a><\/div>\n","protected":false},"excerpt":{"rendered":"<p>Aquest dissabte al vespre, la fa\u00e7ana de La Casa de la Vila s&#8217;il\u00b7luminar\u00e0 de color lila amb motiu del Dia Internacional de la Dona. Des de les Regidories de Feminismes &hellip; <a href=\"https:\/\/bisbalpenedes.com\/web\/2025\/03\/07\/dia-dona-2025-manifest-i-activitats\/\" class=\"more-link\">Read More<\/a><\/p>\n","protected":false},"author":4,"featured_media":33157,"comment_status":"closed","ping_status":"closed","sticky":false,"template":"","format":"standard","meta":[],"categories":[6120,8],"tags":[4387,231,351,393],"_links":{"self":[{"href":"https:\/\/bisbalpenedes.com\/web\/wp-json\/wp\/v2\/posts\/33156"}],"collection":[{"href":"https:\/\/bisbalpenedes.com\/web\/wp-json\/wp\/v2\/posts"}],"about":[{"href":"https:\/\/bisbalpenedes.com\/web\/wp-json\/wp\/v2\/types\/post"}],"author":[{"embeddable":true,"href":"https:\/\/bisbalpenedes.com\/web\/wp-json\/wp\/v2\/users\/4"}],"replies":[{"embeddable":true,"href":"https:\/\/bisbalpenedes.com\/web\/wp-json\/wp\/v2\/comments?post=33156"}],"version-history":[{"count":3,"href":"https:\/\/bisbalpenedes.com\/web\/wp-json\/wp\/v2\/posts\/33156\/revisions"}],"predecessor-version":[{"id":33162,"href":"https:\/\/bisbalpenedes.com\/web\/wp-json\/wp\/v2\/posts\/33156\/revisions\/33162"}],"wp:featuredmedia":[{"embeddable":true,"href":"https:\/\/bisbalpenedes.com\/web\/wp-json\/wp\/v2\/media\/33157"}],"wp:attachment":[{"href":"https:\/\/bisbalpenedes.com\/web\/wp-json\/wp\/v2\/media?parent=33156"}],"wp:term":[{"taxonomy":"category","embeddable":true,"href":"https:\/\/bisbalpenedes.com\/web\/wp-json\/wp\/v2\/categories?post=33156"},{"taxonomy":"post_tag","embeddable":true,"href":"https:\/\/bisbalpenedes.com\/web\/wp-json\/wp\/v2\/tags?post=33156"}],"curies":[{"name":"wp","href":"https:\/\/api.w.org\/{rel}","templated":true}]}}