{"id":33131,"date":"2025-03-05T16:35:09","date_gmt":"2025-03-05T14:35:09","guid":{"rendered":"https:\/\/bisbalpenedes.com\/web\/?p=33131"},"modified":"2025-03-05T16:36:29","modified_gmt":"2025-03-05T14:36:29","slug":"la-bisbal-del-penedes-commemorara-el-dia-internacional-de-les-dones-amb-diferents-activitats-programades-els-dies-7-8-i-9-de-marc","status":"publish","type":"post","link":"https:\/\/bisbalpenedes.com\/web\/2025\/03\/05\/la-bisbal-del-penedes-commemorara-el-dia-internacional-de-les-dones-amb-diferents-activitats-programades-els-dies-7-8-i-9-de-marc\/","title":{"rendered":"La Bisbal del Pened\u00e8s commemorar\u00e0 el Dia Internacional de les Dones amb diferents activitats programades per als dies 7, 8 i 9 de mar\u00e7"},"content":{"rendered":"\n<p>El 7 de mar\u00e7, a les 17.30 h, el Local Social del Priorat acollir\u00e0 la lectura del manifest, seguida d\u2019un berenar i m\u00fasica per ballar. L\u2019activitat est\u00e0 organitzada per l\u2019Associaci\u00f3 de dones La Roca Foradada i per l&#8217;Associaci\u00f3 de Ve\u00efns i Amics del Priorat.<\/p>\n\n\n\n<p>El 8 de mar\u00e7, a les 13.00 h, es far\u00e0 una caminada fins a Mas Llagostera i, a continuaci\u00f3, una cal\u00e7otada. Aquesta jornada est\u00e0 organitzada per l\u2019Associaci\u00f3 de Dones La Roca Foradada. Per a m\u00e9s informaci\u00f3, adreceu-vos a l&#8217;entitat.<\/p>\n\n\n\n<p>El 9 de mar\u00e7, a les 19.30 h, el Centre Municipal de Cultura acollir\u00e0 l\u2019actuaci\u00f3 de &#8216;Dona Can\u00e7\u00f3&#8217; amb l\u2019obra &#8220;Sembrant Cures&#8221;, de Diana Hermoso i una artista convidada. La proposta inclour\u00e0 improvisaci\u00f3 basada en frases aportades pel p\u00fablic sobre el camp de les cures i el paper de les dones en aquest \u00e0mbit. L\u2019activitat compta amb el suport del Consell Comarcal del Baix Pened\u00e8s.<\/p>\n\n\n\n<hr class=\"wp-block-separator has-alpha-channel-opacity\"\/>\n\n\n\n<h2>La Bisbal del Pened\u00e8s conmemorar\u00e1 el D\u00eda Internacional de las Mujeres con distintas actividades programadas para los d\u00edas 7, 8 y 9 de marzo<\/h2>\n\n\n\n<p>El 7 de marzo, a las 17:30 h, el Local Social del Priorat acoger\u00e1 la lectura del manifiesto, seguida de una merienda y m\u00fasica para bailar. La actividad est\u00e1 organizada por la Associaci\u00f3 de Dones La Roca Foradada y por la Associaci\u00f3 de Ve\u00efns i Amics del Priorat.<\/p>\n\n\n\n<p>El 8 de marzo, a las 13:00 h, se realizar\u00e1 una caminata hasta Mas Llagostera y, a continuaci\u00f3n, una cal\u00e7otada. Esta jornada est\u00e1 organizada por la Associaci\u00f3 de Dones La Roca Foradada. Para m\u00e1s informaci\u00f3n, dirig\u00edos a la entidad.<\/p>\n\n\n\n<p>El 9 de marzo, a las 19:30 h, el Centre Municipal de Cultura acoger\u00e1 la actuaci\u00f3n de \u2018Dona Can\u00e7\u00f3\u2019 con la obra \u201cSembrant Cures\u201d, de Diana Hermoso y una artista invitada. La propuesta incluir\u00e1 improvisaci\u00f3n basada en frases aportadas por el p\u00fablico sobre el \u00e1mbito de los cuidados y el papel de las mujeres en este campo. La actividad cuenta con el apoyo del Consell Comarcal del Baix Pened\u00e8s.<\/p>\n","protected":false},"excerpt":{"rendered":"<p>El 7 de mar\u00e7, a les 17.30 h, el Local Social del Priorat acollir\u00e0 la lectura del manifest, seguida d\u2019un berenar i m\u00fasica per ballar. L\u2019activitat est\u00e0 organitzada per l\u2019Associaci\u00f3 &hellip; <a href=\"https:\/\/bisbalpenedes.com\/web\/2025\/03\/05\/la-bisbal-del-penedes-commemorara-el-dia-internacional-de-les-dones-amb-diferents-activitats-programades-els-dies-7-8-i-9-de-marc\/\" class=\"more-link\">Read More<\/a><\/p>\n","protected":false},"author":4,"featured_media":33135,"comment_status":"closed","ping_status":"closed","sticky":false,"template":"","format":"standard","meta":[],"categories":[6120,8],"tags":[4387,459,231,232,393,1374],"_links":{"self":[{"href":"https:\/\/bisbalpenedes.com\/web\/wp-json\/wp\/v2\/posts\/33131"}],"collection":[{"href":"https:\/\/bisbalpenedes.com\/web\/wp-json\/wp\/v2\/posts"}],"about":[{"href":"https:\/\/bisbalpenedes.com\/web\/wp-json\/wp\/v2\/types\/post"}],"author":[{"embeddable":true,"href":"https:\/\/bisbalpenedes.com\/web\/wp-json\/wp\/v2\/users\/4"}],"replies":[{"embeddable":true,"href":"https:\/\/bisbalpenedes.com\/web\/wp-json\/wp\/v2\/comments?post=33131"}],"version-history":[{"count":4,"href":"https:\/\/bisbalpenedes.com\/web\/wp-json\/wp\/v2\/posts\/33131\/revisions"}],"predecessor-version":[{"id":33137,"href":"https:\/\/bisbalpenedes.com\/web\/wp-json\/wp\/v2\/posts\/33131\/revisions\/33137"}],"wp:featuredmedia":[{"embeddable":true,"href":"https:\/\/bisbalpenedes.com\/web\/wp-json\/wp\/v2\/media\/33135"}],"wp:attachment":[{"href":"https:\/\/bisbalpenedes.com\/web\/wp-json\/wp\/v2\/media?parent=33131"}],"wp:term":[{"taxonomy":"category","embeddable":true,"href":"https:\/\/bisbalpenedes.com\/web\/wp-json\/wp\/v2\/categories?post=33131"},{"taxonomy":"post_tag","embeddable":true,"href":"https:\/\/bisbalpenedes.com\/web\/wp-json\/wp\/v2\/tags?post=33131"}],"curies":[{"name":"wp","href":"https:\/\/api.w.org\/{rel}","templated":true}]}}