{"id":33129,"date":"2025-03-05T16:22:18","date_gmt":"2025-03-05T14:22:18","guid":{"rendered":"https:\/\/bisbalpenedes.com\/web\/?p=33129"},"modified":"2025-03-05T16:22:18","modified_gmt":"2025-03-05T14:22:18","slug":"lajuntament-aprova-contractar-assessorament-legal-per-la-peticio-de-compensacio-de-deficit-presentada-per-fcc-aqualia","status":"publish","type":"post","link":"https:\/\/bisbalpenedes.com\/web\/2025\/03\/05\/lajuntament-aprova-contractar-assessorament-legal-per-la-peticio-de-compensacio-de-deficit-presentada-per-fcc-aqualia\/","title":{"rendered":"<strong>L&#8217;Ajuntament aprova contractar assessorament legal per la petici\u00f3 de compensaci\u00f3 de d\u00e8ficit presentada per FCC Aqualia<\/strong>"},"content":{"rendered":"\n<p>La Junta de Govern del passat 24 de febrer va aprovar la contractaci\u00f3 de l\u2019assessorament legal amb Miquel Nolla, per un import de 1.000\u20ac, per a la sol\u00b7licitud de compensaci\u00f3 del d\u00e8ficit que l\u2019empresa FCC AQUALIA, S.A. afirma tenir, relatiu a la manca de revisi\u00f3 de tarifes de l\u2019exercici 2021-2023. Aquest contracte es fa mitjan\u00e7ant l\u2019acord marc per als serveis d\u2019assessorament legal i defensa jur\u00eddica del sistema comarcal de contractaci\u00f3 centralitzada del Consell Comarcal del Baix Pened\u00e8s.<\/p>\n\n\n\n<hr class=\"wp-block-separator has-alpha-channel-opacity\"\/>\n\n\n\n<p>La Junta de gobierno del pasado 24 de febrero aprob\u00f3 la contrataci\u00f3n del asesoramiento legal con Miquel Nolla, por un importe de 1.000\u20ac, para la solicitud de compensaci\u00f3n del d\u00e9ficit que la empresa FCC AQUALIA, S.A. afirma tener, relativo a la falta de revisi\u00f3n de tarifas del ejercicio 2021-2023. Este contrato se hace mediante el acuerdo marco para los servicios de asesoramiento legal y defensa jur\u00eddica del sistema comarcal de contrataci\u00f3n centralizada del Consell Comarcal del Baix Pened\u00e8s.<\/p>\n","protected":false},"excerpt":{"rendered":"<p>La Junta de Govern del passat 24 de febrer va aprovar la contractaci\u00f3 de l\u2019assessorament legal amb Miquel Nolla, per un import de 1.000\u20ac, per a la sol\u00b7licitud de compensaci\u00f3 &hellip; <a href=\"https:\/\/bisbalpenedes.com\/web\/2025\/03\/05\/lajuntament-aprova-contractar-assessorament-legal-per-la-peticio-de-compensacio-de-deficit-presentada-per-fcc-aqualia\/\" class=\"more-link\">Read More<\/a><\/p>\n","protected":false},"author":4,"featured_media":29020,"comment_status":"closed","ping_status":"closed","sticky":false,"template":"","format":"standard","meta":[],"categories":[3085,8],"tags":[459,906,393,1374],"_links":{"self":[{"href":"https:\/\/bisbalpenedes.com\/web\/wp-json\/wp\/v2\/posts\/33129"}],"collection":[{"href":"https:\/\/bisbalpenedes.com\/web\/wp-json\/wp\/v2\/posts"}],"about":[{"href":"https:\/\/bisbalpenedes.com\/web\/wp-json\/wp\/v2\/types\/post"}],"author":[{"embeddable":true,"href":"https:\/\/bisbalpenedes.com\/web\/wp-json\/wp\/v2\/users\/4"}],"replies":[{"embeddable":true,"href":"https:\/\/bisbalpenedes.com\/web\/wp-json\/wp\/v2\/comments?post=33129"}],"version-history":[{"count":1,"href":"https:\/\/bisbalpenedes.com\/web\/wp-json\/wp\/v2\/posts\/33129\/revisions"}],"predecessor-version":[{"id":33130,"href":"https:\/\/bisbalpenedes.com\/web\/wp-json\/wp\/v2\/posts\/33129\/revisions\/33130"}],"wp:featuredmedia":[{"embeddable":true,"href":"https:\/\/bisbalpenedes.com\/web\/wp-json\/wp\/v2\/media\/29020"}],"wp:attachment":[{"href":"https:\/\/bisbalpenedes.com\/web\/wp-json\/wp\/v2\/media?parent=33129"}],"wp:term":[{"taxonomy":"category","embeddable":true,"href":"https:\/\/bisbalpenedes.com\/web\/wp-json\/wp\/v2\/categories?post=33129"},{"taxonomy":"post_tag","embeddable":true,"href":"https:\/\/bisbalpenedes.com\/web\/wp-json\/wp\/v2\/tags?post=33129"}],"curies":[{"name":"wp","href":"https:\/\/api.w.org\/{rel}","templated":true}]}}