{"id":33121,"date":"2025-03-05T16:13:44","date_gmt":"2025-03-05T14:13:44","guid":{"rendered":"https:\/\/bisbalpenedes.com\/web\/?p=33121"},"modified":"2025-03-05T16:20:59","modified_gmt":"2025-03-05T14:20:59","slug":"exhibicio-de-taekwondo-infantil-al-pavello-esportiu-municipal","status":"publish","type":"post","link":"https:\/\/bisbalpenedes.com\/web\/2025\/03\/05\/exhibicio-de-taekwondo-infantil-al-pavello-esportiu-municipal\/","title":{"rendered":"Exhibici\u00f3 de taekwondo infantil i interclub de boxa al Pavell\u00f3 Esportiu Municipal"},"content":{"rendered":"\n<p>El pr\u00f2xim 8 de mar\u00e7, el Pavell\u00f3 Esportiu Municipal acollir\u00e0 una jornada dedicada a les arts marcials i la boxa, amb activitats per a totes les edats.<\/p>\n\n\n\n<ul><li><strong>Exhibici\u00f3 de Taekwondo Infantil<\/strong> \u2013 De 10:30 h a 12:30 h, els m\u00e9s petits demostraran les seves habilitats en aquest esport, fomentant la disciplina, el respecte i la superaci\u00f3 personal.<\/li><li><strong>Interclub de Boxa<\/strong> \u2013 De 18:00 h a 21:00 h, el Club de Boxa Albinyana organitza una trobada esportiva amb combats d&#8217;exhibici\u00f3 entre diferents clubs, promovent la passi\u00f3 per la boxa i el respecte entre esportistes.<\/li><\/ul>\n\n\n\n<p>Una oportunitat per gaudir d&#8217;un dissabte ple d&#8217;esport, for\u00e7a i companyonia.<\/p>\n\n\n\n<hr class=\"wp-block-separator has-alpha-channel-opacity\"\/>\n\n\n\n<p>El pr\u00f3ximo 8 de marzo, el Pavell\u00f3 Esportiu Municipal acoger\u00e1 una jornada dedicada a las artes marciales y el boxeo, con actividades para todas las edades<\/p>\n\n\n\n<ul><li><strong>Exhibici\u00f3n de Taekwondo Infantil<\/strong> \u2013 De 10:30 h a 12:30 h, los m\u00e1s peque\u00f1os demostrar\u00e1n sus habilidades en este deporte, fomentando la disciplina, el respeto y la superaci\u00f3n personal.<\/li><li><strong>Interclub de Boxeo<\/strong> \u2013 De 18:00 h a 21:00 h, el Club de Boxa Albinyana organiza un encuentro deportivo con combates de exhibici\u00f3n entre diferentes clubes, promoviendo la pasi\u00f3n por el boxeo y el respeto entre deportistas.<\/li><\/ul>\n\n\n\n<p>Una oportunidad para disfrutar de un s\u00e1bado lleno de deporte, fuerza y compa\u00f1erismo.<\/p>\n","protected":false},"excerpt":{"rendered":"<p>El pr\u00f2xim 8 de mar\u00e7, el Pavell\u00f3 Esportiu Municipal acollir\u00e0 una jornada dedicada a les arts marcials i la boxa, amb activitats per a totes les edats. Exhibici\u00f3 de Taekwondo &hellip; <a href=\"https:\/\/bisbalpenedes.com\/web\/2025\/03\/05\/exhibicio-de-taekwondo-infantil-al-pavello-esportiu-municipal\/\" class=\"more-link\">Read More<\/a><\/p>\n","protected":false},"author":4,"featured_media":33122,"comment_status":"closed","ping_status":"closed","sticky":false,"template":"","format":"standard","meta":[],"categories":[19,8],"tags":[459,393,6519,1428],"_links":{"self":[{"href":"https:\/\/bisbalpenedes.com\/web\/wp-json\/wp\/v2\/posts\/33121"}],"collection":[{"href":"https:\/\/bisbalpenedes.com\/web\/wp-json\/wp\/v2\/posts"}],"about":[{"href":"https:\/\/bisbalpenedes.com\/web\/wp-json\/wp\/v2\/types\/post"}],"author":[{"embeddable":true,"href":"https:\/\/bisbalpenedes.com\/web\/wp-json\/wp\/v2\/users\/4"}],"replies":[{"embeddable":true,"href":"https:\/\/bisbalpenedes.com\/web\/wp-json\/wp\/v2\/comments?post=33121"}],"version-history":[{"count":4,"href":"https:\/\/bisbalpenedes.com\/web\/wp-json\/wp\/v2\/posts\/33121\/revisions"}],"predecessor-version":[{"id":33127,"href":"https:\/\/bisbalpenedes.com\/web\/wp-json\/wp\/v2\/posts\/33121\/revisions\/33127"}],"wp:featuredmedia":[{"embeddable":true,"href":"https:\/\/bisbalpenedes.com\/web\/wp-json\/wp\/v2\/media\/33122"}],"wp:attachment":[{"href":"https:\/\/bisbalpenedes.com\/web\/wp-json\/wp\/v2\/media?parent=33121"}],"wp:term":[{"taxonomy":"category","embeddable":true,"href":"https:\/\/bisbalpenedes.com\/web\/wp-json\/wp\/v2\/categories?post=33121"},{"taxonomy":"post_tag","embeddable":true,"href":"https:\/\/bisbalpenedes.com\/web\/wp-json\/wp\/v2\/tags?post=33121"}],"curies":[{"name":"wp","href":"https:\/\/api.w.org\/{rel}","templated":true}]}}