{"id":33116,"date":"2025-03-05T15:20:53","date_gmt":"2025-03-05T13:20:53","guid":{"rendered":"https:\/\/bisbalpenedes.com\/web\/?p=33116"},"modified":"2025-03-05T15:20:53","modified_gmt":"2025-03-05T13:20:53","slug":"la-bisbal-del-penedes-celebrara-els-tres-tombs-el-proxim-diumenge-9-de-marc","status":"publish","type":"post","link":"https:\/\/bisbalpenedes.com\/web\/2025\/03\/05\/la-bisbal-del-penedes-celebrara-els-tres-tombs-el-proxim-diumenge-9-de-marc\/","title":{"rendered":"<strong>La Bisbal del Pened\u00e8s celebrar\u00e0 els Tres Tombs el pr\u00f2xim diumenge 9 de mar\u00e7<\/strong>"},"content":{"rendered":"\n<p>La Bisbal del Pened\u00e8s tornar\u00e0 a omplir-se de carros, cavalls i genets el proper diumenge 9 de mar\u00e7 amb motiu de la celebraci\u00f3 dels Tres Tombs. La cita comen\u00e7ar\u00e0 a les 8:30h amb un esmorzar popular per 8\u20ac a l\u2019Era de Batre, organitzat des del Ball de Diables de la Bisbal del Pened\u00e8s. Tamb\u00e9 hi haur\u00e0 venda de tortells a c\u00e0rrec de l\u2019Associaci\u00f3 de Dones La Roca Foradada. A partir de les 11:30h, a l\u2019Era de Batre, comen\u00e7aran els Tres Tombs, que enguany recuperen el recorregut habitual amb la tradicional pujada de la Riba, despr\u00e9s que l\u2019any passat s\u2019hagu\u00e9s de modificar perqu\u00e8 al barri de la Riba s\u2019hi estaven fent obres de millora.<\/p>\n\n\n\n<p>La Bisbal del Pened\u00e8s celebra la festivitat dels Tres Tombs al voltant del segon diumenge de mar\u00e7 des de l\u2019any 1992. La celebraci\u00f3, a la vila, es va iniciar despr\u00e9s que el bisbalenc Rafel Vidal hagu\u00e9s recorregut les festes de molts altres municipis amb el seu carro i els seus cavalls acompanyat d\u2019altres companys de la Bisbal, que l\u2019ajudaven a carregar i descarregar el cami\u00f3, enganxar i desenganxar els cavalls i a fer que el carro tir\u00e9s. El 1992, un grup de bisbalencs va engegar la festa i, en aquella mateixa edici\u00f3, va crear l\u2019Associaci\u00f3 dels Tres Tombs de la Bisbal, que organitzava l\u2019esdeveniment amb la col\u00b7laboraci\u00f3 de l\u2019Ajuntament. No obstant aix\u00f2, el 2009 la festa fou suspesa i, posteriorment, el 2017, la Regidoria de Cultura va decidir recuperar-la i organitzar-la amb els recursos de l\u2019Ajuntament de la Bisbal del Pened\u00e8s i l\u2019assessorament de l\u2019antiga junta organitzadora.<\/p>\n\n\n\n<p>L\u2019alcaldessa de la Bisbal del Pened\u00e8s, Agn\u00e8s Ferr\u00e9, ha explicat que <em>\u201cla nostra festa t\u00e9 molt de renom a la comarca i ens recorda la tradici\u00f3 pagesa i els traginers que, fins fa poques d\u00e8cades, ocupaven la major part de la poblaci\u00f3 bisbalenca\u201d. <\/em>Quant al lloc on se celebra l\u2019esmorzar dels Tres Tombs i on comen\u00e7a el recorregut, l\u2019alcaldessa ha explicat que \u201c<em>el Rafel Vidal carregava i descarregava el carro i els cavalls a l\u2019Era de Batre i, per aix\u00f2, a dia d\u2019avui fem la celebraci\u00f3 all\u00e0 on, a m\u00e9s, tenim diversos murals amb escenes que ens transporten a aquella \u00e8poca, mostrant com els pagesos deixaven el blat i el batien per separar el gra de la palla. Tamb\u00e9 s\u2019hi representen els cavalls i les mules, que s\u00f3n les protagonistes dels Tres Tombs. I no s\u00f3n els \u00fanics murals relacionats amb els Tres Tombs: a la pujada de la Riba, un altre dels punts emblem\u00e0tics del nostre recorregut, tamb\u00e9 hi ha dos murals que representen aquesta tradici\u00f3\u201d.<\/em><\/p>\n\n\n\n<p>Tenint en compte que, actualment, la celebraci\u00f3 dels Tres Tombs requereix unes necessitats i coneixements molt espec\u00edfics, aquests darrers anys l\u2019Ajuntament de la Bisbal del Pened\u00e8s ha optat per contractar la Coordinadora Tres Tombs Prov\u00edncia Tarragona perqu\u00e8 garanteixi la implementaci\u00f3 del protocol de benestar i qualitat i controli que tota la documentaci\u00f3 aportada pels participants sigui correcta, que faci la gesti\u00f3 i el control dels esmorzars, dels participants i el suport organitzatiu del dia de la celebraci\u00f3, s\u2019encarregui de les acreditacions, faci l\u2019acompanyament veterinari i el control dels participants. A m\u00e9s, la Coordinadora ofereix una tria art\u00edstica de participants que garanteix els est\u00e0ndards de qualitat i la preservaci\u00f3 del patrimoni immaterial, amb carros, guarniments i banderes com a elements per recuperar, i mostrar els antics oficis de traginer, carreter, pag\u00e8s, tractant, guarnicioner i ag\u00e8ncies de transport.<\/p>\n\n\n\n<figure class=\"wp-block-image size-large\"><img loading=\"lazy\" width=\"1024\" height=\"819\" src=\"https:\/\/bisbalpenedes.com\/web\/wp-content\/uploads\/2025\/03\/PLA\u0300NOL-TRES-TOMBS-IG-1024x819.jpg\" alt=\"\" class=\"wp-image-33118\" srcset=\"https:\/\/bisbalpenedes.com\/web\/wp-content\/uploads\/2025\/03\/PLA\u0300NOL-TRES-TOMBS-IG-1024x819.jpg 1024w, https:\/\/bisbalpenedes.com\/web\/wp-content\/uploads\/2025\/03\/PLA\u0300NOL-TRES-TOMBS-IG-300x240.jpg 300w, https:\/\/bisbalpenedes.com\/web\/wp-content\/uploads\/2025\/03\/PLA\u0300NOL-TRES-TOMBS-IG-768x614.jpg 768w, https:\/\/bisbalpenedes.com\/web\/wp-content\/uploads\/2025\/03\/PLA\u0300NOL-TRES-TOMBS-IG-600x480.jpg 600w, https:\/\/bisbalpenedes.com\/web\/wp-content\/uploads\/2025\/03\/PLA\u0300NOL-TRES-TOMBS-IG.jpg 1350w\" sizes=\"(max-width: 1024px) 100vw, 1024px\" \/><\/figure>\n\n\n\n<hr class=\"wp-block-separator has-alpha-channel-opacity\"\/>\n\n\n\n<h2><strong>La Bisbal del Pened\u00e8s celebrar\u00e1 los Tres Tombs el pr\u00f3ximo domingo 9 de marzo<\/strong><\/h2>\n\n\n\n<p>La Bisbal del Pened\u00e8s volver\u00e1 a llenarse de carros, caballos y jinetes el pr\u00f3ximo domingo 9 de marzo con motivo de la celebraci\u00f3n de los Tres Tombs. La cita comenzar\u00e1 a las 8:30h con un desayuno popular por 8\u20ac en l\u2019Era de Batre, organizado por el Ball de Diables de la Bisbal del Pened\u00e8s. Tambi\u00e9n habr\u00e1 venta de torteles a cargo de la Associaci\u00f3 de Dones La Roca Foradada. A partir de las 11:30h, en l\u2019Era de Batre, comenzar\u00e1n los Tres Tombs, que este a\u00f1o recuperan el recorrido habitual con la tradicional subida de la Riba, despu\u00e9s de que el a\u00f1o pasado tuviera que modificarse porque en el barrio de la Riba se estaban realizando obras de mejora.<\/p>\n\n\n\n<p>La Bisbal del Pened\u00e8s celebra la festividad de los Tres Tombs en torno al segundo domingo de marzo desde el a\u00f1o 1992. La celebraci\u00f3n en la localidad se inici\u00f3 despu\u00e9s de que el bisbalenc Rafel Vidal recorriera las fiestas de muchos otros municipios con su carro y sus caballos, acompa\u00f1ado de otros compa\u00f1eros de la Bisbal, que le ayudaban a cargar y descargar el cami\u00f3n, enganchar y desenganchar los caballos y hacer que el carro tirara. En 1992, un grupo de bisbalencs impuls\u00f3 la fiesta y, en esa misma edici\u00f3n, cre\u00f3 la Associaci\u00f3 dels Tres Tombs de la Bisbal, que organizaba el evento con la colaboraci\u00f3n del Ayuntamiento. No obstante, en 2009 la fiesta fue suspendida y, posteriormente, en 2017, la Regidoria de Cultura decidi\u00f3 recuperarla y organizarla con los recursos del Ajuntament de la Bisbal del Pened\u00e8s y el asesoramiento de la antigua junta organizadora.<\/p>\n\n\n\n<p>La alcaldesa de la Bisbal del Pened\u00e8s, Agn\u00e8s Ferr\u00e9, ha explicado que <em>\u201cnuestra fiesta tiene mucho renombre en la comarca y nos recuerda la tradici\u00f3n campesina y a los arrieros que, hasta hace pocas d\u00e9cadas, ocupaban la mayor parte de la poblaci\u00f3n bisbalenca\u201d<\/em>. En cuanto al lugar donde se celebra el desayuno de los Tres Tombs y donde comienza el recorrido, la alcaldesa ha explicado que <em>\u201cRafel Vidal cargaba y descargaba el carro y los caballos en l\u2019Era de Batre y, por eso, hoy en d\u00eda realizamos la celebraci\u00f3n all\u00ed, donde adem\u00e1s tenemos varios murales con escenas que nos transportan a aquella \u00e9poca, mostrando c\u00f3mo los campesinos dejaban el trigo y lo bat\u00edan para separar el grano de la paja. Tambi\u00e9n se representan los caballos y las mulas, que son los protagonistas de los Tres Tombs. Y no son los \u00fanicos murales relacionados con los Tres Tombs: en la subida de la Riba, otro de los puntos emblem\u00e1ticos de nuestro recorrido, tambi\u00e9n hay dos murales que representan esta tradici\u00f3n\u201d.<\/em><\/p>\n\n\n\n<p>Teniendo en cuenta que, actualmente, la celebraci\u00f3n de los Tres Tombs requiere unas necesidades y conocimientos muy espec\u00edficos, en los \u00faltimos a\u00f1os el Ayuntamiento de la Bisbal del Pened\u00e8s ha optado por contratar a la Coordinadora Tres Tombs Prov\u00edncia Tarragona para que garantice la implementaci\u00f3n del protocolo de bienestar y calidad, y controle que toda la documentaci\u00f3n aportada por los participantes sea correcta, que gestione y controle los desayunos, los participantes y el soporte organizativo del d\u00eda de la celebraci\u00f3n, que se encargue de las acreditaciones, haga el acompa\u00f1amiento veterinario y el control de los participantes. Adem\u00e1s, la Coordinadora ofrece una selecci\u00f3n art\u00edstica de participantes que garantiza los est\u00e1ndares de calidad y la preservaci\u00f3n del patrimonio inmaterial, con carros, adornos y banderas como elementos para recuperar y mostrar los antiguos oficios de arriero, carretero, pay\u00e9s, tratante, guarnicionero y agencias de transporte<\/p>\n","protected":false},"excerpt":{"rendered":"<p>La Bisbal del Pened\u00e8s tornar\u00e0 a omplir-se de carros, cavalls i genets el proper diumenge 9 de mar\u00e7 amb motiu de la celebraci\u00f3 dels Tres Tombs. La cita comen\u00e7ar\u00e0 a &hellip; <a href=\"https:\/\/bisbalpenedes.com\/web\/2025\/03\/05\/la-bisbal-del-penedes-celebrara-els-tres-tombs-el-proxim-diumenge-9-de-marc\/\" class=\"more-link\">Read More<\/a><\/p>\n","protected":false},"author":4,"featured_media":33117,"comment_status":"closed","ping_status":"closed","sticky":false,"template":"","format":"standard","meta":[],"categories":[13,8],"tags":[557,393,228,5141],"_links":{"self":[{"href":"https:\/\/bisbalpenedes.com\/web\/wp-json\/wp\/v2\/posts\/33116"}],"collection":[{"href":"https:\/\/bisbalpenedes.com\/web\/wp-json\/wp\/v2\/posts"}],"about":[{"href":"https:\/\/bisbalpenedes.com\/web\/wp-json\/wp\/v2\/types\/post"}],"author":[{"embeddable":true,"href":"https:\/\/bisbalpenedes.com\/web\/wp-json\/wp\/v2\/users\/4"}],"replies":[{"embeddable":true,"href":"https:\/\/bisbalpenedes.com\/web\/wp-json\/wp\/v2\/comments?post=33116"}],"version-history":[{"count":1,"href":"https:\/\/bisbalpenedes.com\/web\/wp-json\/wp\/v2\/posts\/33116\/revisions"}],"predecessor-version":[{"id":33119,"href":"https:\/\/bisbalpenedes.com\/web\/wp-json\/wp\/v2\/posts\/33116\/revisions\/33119"}],"wp:featuredmedia":[{"embeddable":true,"href":"https:\/\/bisbalpenedes.com\/web\/wp-json\/wp\/v2\/media\/33117"}],"wp:attachment":[{"href":"https:\/\/bisbalpenedes.com\/web\/wp-json\/wp\/v2\/media?parent=33116"}],"wp:term":[{"taxonomy":"category","embeddable":true,"href":"https:\/\/bisbalpenedes.com\/web\/wp-json\/wp\/v2\/categories?post=33116"},{"taxonomy":"post_tag","embeddable":true,"href":"https:\/\/bisbalpenedes.com\/web\/wp-json\/wp\/v2\/tags?post=33116"}],"curies":[{"name":"wp","href":"https:\/\/api.w.org\/{rel}","templated":true}]}}