{"id":33112,"date":"2025-03-05T15:11:39","date_gmt":"2025-03-05T13:11:39","guid":{"rendered":"https:\/\/bisbalpenedes.com\/web\/?p=33112"},"modified":"2025-03-05T15:11:39","modified_gmt":"2025-03-05T13:11:39","slug":"inauguracio-dexposicio-i-presentacio-de-llibre-sobre-les-collectivitats-agricoles-al-penedes-durant-la-guerra-civil","status":"publish","type":"post","link":"https:\/\/bisbalpenedes.com\/web\/2025\/03\/05\/inauguracio-dexposicio-i-presentacio-de-llibre-sobre-les-collectivitats-agricoles-al-penedes-durant-la-guerra-civil\/","title":{"rendered":"Inauguraci\u00f3 d&#8217;exposici\u00f3 i presentaci\u00f3 de llibre sobre les col\u00b7lectivitats agr\u00edcoles al Pened\u00e8s durant la Guerra Civil"},"content":{"rendered":"\n<p>El pr\u00f2xim divendres 7 de mar\u00e7, a les 19 h, tindr\u00e0 lloc la inauguraci\u00f3 de l\u2019exposici\u00f3&nbsp;<em>Les col\u00b7lectivitats agr\u00edcoles al Pened\u00e8s (1936-1939)<\/em>&nbsp;al Centre Municipal de Cultura. La mostra, comissariada per Ramon Arnabat Mata i Guillem Puig-Vallverd\u00fa, aprofundeix en l\u2019organitzaci\u00f3 i funcionament d\u2019aquestes col\u00b7lectivitats durant la Guerra Civil.&nbsp;&nbsp;<\/p>\n\n\n\n<p>Durant l\u2019acte d\u2019inauguraci\u00f3, es presentar\u00e0 tamb\u00e9 el llibre&nbsp;<em>Les col\u00b7lectivitats agr\u00edcoles al Pened\u00e8s, 1936-1939,<\/em>&nbsp;escrit pels mateixos autors, que analitza aquest fenomen hist\u00f2ric i el seu impacte en el territori.&nbsp;&nbsp;<\/p>\n\n\n\n<p>L\u2019exposici\u00f3 es podr\u00e0 visitar fins al 26 de mar\u00e7 a la segona planta del Centre Municipal de Cultura, en horari de tarda, de 16.30 h a 20 h, els dilluns, dimecres, dijous i divendres.&nbsp;&nbsp;<\/p>\n\n\n\n<hr class=\"wp-block-separator has-alpha-channel-opacity\"\/>\n\n\n\n<h2><strong>Inauguraci\u00f3n de la exposici\u00f3n sobre las colectividades agr\u00edcolas en el Pened\u00e8s y presentaci\u00f3n del libro<\/strong><\/h2>\n\n\n\n<p>El pr\u00f3ximo viernes 7 de marzo, a las 19 h, tendr\u00e1 lugar la inauguraci\u00f3n de la exposici\u00f3n\u00a0<em>Las colectividades agr\u00edcolas en el Pened\u00e8s (1936-1939)<\/em>\u00a0en el Centre Municipal de Cultura. La muestra, comisariada por Ramon Arnabat Mata y Guillem Puig-Vallverd\u00fa, profundiza en la organizaci\u00f3n y funcionamiento de estas colectividades durante la Guerra Civil.<\/p>\n\n\n\n<p>Durante el acto de inauguraci\u00f3n, tambi\u00e9n se presentar\u00e1 el libro\u00a0<em>Las colectividades agr\u00edcolas en el Pened\u00e8s, 1936-1939<\/em>, escrito por los mismos autores, que analiza este fen\u00f3meno hist\u00f3rico y su impacto en el territorio.<\/p>\n\n\n\n<p>La exposici\u00f3n podr\u00e1 visitarse hasta el 26 de marzo en la segunda planta del Centre Municipal de Cultura, en horario de tarde, de 16:30 h a 20 h, los lunes, mi\u00e9rcoles, jueves y viernes.<\/p>\n\n\n\n<p>ria democr\u00e1tica.<\/p>\n","protected":false},"excerpt":{"rendered":"<p>El pr\u00f2xim divendres 7 de mar\u00e7, a les 19 h, tindr\u00e0 lloc la inauguraci\u00f3 de l\u2019exposici\u00f3&nbsp;Les col\u00b7lectivitats agr\u00edcoles al Pened\u00e8s (1936-1939)&nbsp;al Centre Municipal de Cultura. La mostra, comissariada per Ramon &hellip; <a href=\"https:\/\/bisbalpenedes.com\/web\/2025\/03\/05\/inauguracio-dexposicio-i-presentacio-de-llibre-sobre-les-collectivitats-agricoles-al-penedes-durant-la-guerra-civil\/\" class=\"more-link\">Read More<\/a><\/p>\n","protected":false},"author":4,"featured_media":33113,"comment_status":"closed","ping_status":"closed","sticky":false,"template":"","format":"standard","meta":[],"categories":[2478,13,8],"tags":[6992,86,393,47],"_links":{"self":[{"href":"https:\/\/bisbalpenedes.com\/web\/wp-json\/wp\/v2\/posts\/33112"}],"collection":[{"href":"https:\/\/bisbalpenedes.com\/web\/wp-json\/wp\/v2\/posts"}],"about":[{"href":"https:\/\/bisbalpenedes.com\/web\/wp-json\/wp\/v2\/types\/post"}],"author":[{"embeddable":true,"href":"https:\/\/bisbalpenedes.com\/web\/wp-json\/wp\/v2\/users\/4"}],"replies":[{"embeddable":true,"href":"https:\/\/bisbalpenedes.com\/web\/wp-json\/wp\/v2\/comments?post=33112"}],"version-history":[{"count":1,"href":"https:\/\/bisbalpenedes.com\/web\/wp-json\/wp\/v2\/posts\/33112\/revisions"}],"predecessor-version":[{"id":33114,"href":"https:\/\/bisbalpenedes.com\/web\/wp-json\/wp\/v2\/posts\/33112\/revisions\/33114"}],"wp:featuredmedia":[{"embeddable":true,"href":"https:\/\/bisbalpenedes.com\/web\/wp-json\/wp\/v2\/media\/33113"}],"wp:attachment":[{"href":"https:\/\/bisbalpenedes.com\/web\/wp-json\/wp\/v2\/media?parent=33112"}],"wp:term":[{"taxonomy":"category","embeddable":true,"href":"https:\/\/bisbalpenedes.com\/web\/wp-json\/wp\/v2\/categories?post=33112"},{"taxonomy":"post_tag","embeddable":true,"href":"https:\/\/bisbalpenedes.com\/web\/wp-json\/wp\/v2\/tags?post=33112"}],"curies":[{"name":"wp","href":"https:\/\/api.w.org\/{rel}","templated":true}]}}