{"id":33096,"date":"2025-03-04T15:12:40","date_gmt":"2025-03-04T13:12:40","guid":{"rendered":"https:\/\/bisbalpenedes.com\/web\/?p=33096"},"modified":"2025-03-04T15:12:40","modified_gmt":"2025-03-04T13:12:40","slug":"ajuts-individuals-de-desplacament-per-al-curs-2024-25-desplacament-dalumnes-densenyament-obligatori-o-2n-cicle-deducacio-infantil","status":"publish","type":"post","link":"https:\/\/bisbalpenedes.com\/web\/2025\/03\/04\/ajuts-individuals-de-desplacament-per-al-curs-2024-25-desplacament-dalumnes-densenyament-obligatori-o-2n-cicle-deducacio-infantil\/","title":{"rendered":"Ajuts individuals de despla\u00e7ament per al curs 2024-25 (despla\u00e7ament d&#8217;alumnes d&#8217;ensenyament obligatori o 2n cicle d&#8217;educaci\u00f3 infantil)"},"content":{"rendered":"\n<p>El Consell Comarcal del Baix Pened\u00e8s ha obert la convocat\u00f2ria d&#8217;ajuts per contribuir a les despeses de despla\u00e7ament dels alumnes d&#8217;ensenyament obligatori i segon cicle d&#8217;educaci\u00f3 infantil escolaritzats en centres de la comarca sostinguts amb fons p\u00fablics.<\/p>\n\n\n\n<p><strong>Qui pot sol\u00b7licitar aquests ajuts?<\/strong><\/p>\n\n\n\n<p>\u00b7Ajuts obligatoris:<br>Adre\u00e7ats a alumnes que han de despla\u00e7ar-se fora del seu municipi de resid\u00e8ncia per manca d&#8217;oferta educativa en el seu nivell o per resoluci\u00f3 expressa del Departament d\u2019Educaci\u00f3, sempre que no disposin de transport escolar o col\u00b7lectiu de viatgers. La concessi\u00f3 es valorar\u00e0 segons la dist\u00e0ncia entre el centre escolar i el municipi de resid\u00e8ncia.<\/p>\n\n\n\n<p><strong>\u00b7Ajuts no obligatoris:<\/strong><br>Destinats a alumnes que assisteixen a un centre d\u2019ensenyament obligatori situat dins del seu municipi a una dist\u00e0ncia igual o superior a 3 km, sempre que no hi hagi servei de transport escolar prestat per l\u2019Ajuntament o el Consell Comarcal. En aquest cas, es tindr\u00e0 en compte la dist\u00e0ncia i la renda familiar del 2023, aplicant els mateixos llindars que en els ajuts individuals de menjador.<\/p>\n\n\n\n<p><strong>Termini de sol\u00b7licitud:<\/strong><br>Del 3 al 31 de mar\u00e7 de 2025<\/p>\n\n\n\n<p><strong>Com tramitar-ho?<\/strong><br>\u00b7Telem\u00e0ticament: A trav\u00e9s de la Seu Electr\u00f2nica del Consell Comarcal del Baix Pened\u00e8s.<br>\u00b7Presencialment: Presentant el formulari corresponent a l\u2019Ajut Individual de Despla\u00e7ament (AID).<\/p>\n\n\n\n<p>Per a m\u00e9s informaci\u00f3, consulteu el Consell Comarcal del Baix Pened\u00e8s: <a href=\"https:\/\/ccbp.eadministracio.cat\/catalog\/t\/4f1c72cc-66d9-4e77-864d-d1b2319aa452?fbclid=IwY2xjawIz1YNleHRuA2FlbQIxMAABHdRXwP8ThHdrf8_PO4jTNZn5o_D7-xRFMnuyVkNOB5lx7aj09kKgW601lw_aem_x4ztrxqnXBFDTrL6ZAjTlA\">https:\/\/ccbp.eadministracio.cat\/catalog\/t\/4f1c72cc-66d9-4e77-864d-d1b2319aa452?fbclid=IwY2xjawIz1YNleHRuA2FlbQIxMAABHdRXwP8ThHdrf8_PO4jTNZn5o_D7-xRFMnuyVkNOB5lx7aj09kKgW601lw_aem_x4ztrxqnXBFDTrL6ZAjTlA<\/a><\/p>\n\n\n\n<hr class=\"wp-block-separator has-alpha-channel-opacity\"\/>\n\n\n\n<p><strong>AYUDAS INDIVIDUALES DE DESPLAZAMIENTO PARA EL CURSO 2024-25<\/strong><\/p>\n\n\n\n<p>El Consell Comarcal del Baix Pened\u00e8s ha abierto la convocatoria de ayudas para contribuir a los gastos de desplazamiento de los alumnos de educaci\u00f3n obligatoria y segundo ciclo de educaci\u00f3n infantil escolarizados en centros de la comarca sostenidos con fondos p\u00fablicos.<\/p>\n\n\n\n<p><strong>\u00bfQui\u00e9n puede solicitar estas ayudas?<\/strong><\/p>\n\n\n\n<p><strong>\u00b7Ayudas obligatorias:<\/strong><br>Dirigidas a alumnos que deben desplazarse fuera de su municipio de residencia por falta de oferta educativa en su nivel o por resoluci\u00f3n expresa del Departament d&#8217;Ensenyament, siempre que no dispongan de transporte escolar o colectivo de viajeros. La concesi\u00f3n se valorar\u00e1 seg\u00fan la distancia entre el centro escolar y el municipio de residencia.<\/p>\n\n\n\n<p>\u00b7<strong>Ayudas no obligatorias:<\/strong><br>Destinadas a alumnos que asisten a un centro de educaci\u00f3n obligatoria situado dentro de su municipio a una distancia igual o superior a 3 km, siempre que no haya servicio de transporte escolar prestado por el Ayuntamiento o el Consell Comarcal. En este caso, se tendr\u00e1 en cuenta la distancia y la renta familiar de 2023, aplicando los mismos l\u00edmites que en las ayudas individuales de comedor.<\/p>\n\n\n\n<p><strong>Plazo de solicitud:<\/strong><br>Del 3 al 31 de marzo de 2025<\/p>\n\n\n\n<p><strong>\u00bfC\u00f3mo tramitarlo?<\/strong><br>\u00b7Telem\u00e1ticamente: A trav\u00e9s de la Sede Electr\u00f3nica del Consell Comarcal del Baix Pened\u00e8s.<br>\u00b7Presencialmente: Presentando el formulario correspondiente a la Ayuda Individual de Desplazamiento (AID).<\/p>\n\n\n\n<p>Para m\u00e1s informaci\u00f3n, consultad el Consell Comarcal del Baix Pened\u00e8s:<br><a href=\"https:\/\/ccbp.eadministracio.cat\/catalog\/t\/4f1c72cc-66d9-4e77-864d-d1b2319aa452?fbclid=IwY2xjawIz1YNleHRuA2FlbQIxMAABHdRXwP8ThHdrf8_PO4jTNZn5o_D7-xRFMnuyVkNOB5lx7aj09kKgW601lw_aem_x4ztrxqnXBFDTrL6ZAjTlA\">https:\/\/ccbp.eadministracio.cat\/catalog\/t\/4f1c72cc-66d9-4e77-864d-d1b2319aa452?fbclid=IwY2xjawIz1YNleHRuA2FlbQIxMAABHdRXwP8ThHdrf8_PO4jTNZn5o_D7-xRFMnuyVkNOB5lx7aj09kKgW601lw_aem_x4ztrxqnXBFDTrL6ZAjTlA<\/a><\/p>\n\n\n\n<p><\/p>\n","protected":false},"excerpt":{"rendered":"<p>El Consell Comarcal del Baix Pened\u00e8s ha obert la convocat\u00f2ria d&#8217;ajuts per contribuir a les despeses de despla\u00e7ament dels alumnes d&#8217;ensenyament obligatori i segon cicle d&#8217;educaci\u00f3 infantil escolaritzats en centres &hellip; <a href=\"https:\/\/bisbalpenedes.com\/web\/2025\/03\/04\/ajuts-individuals-de-desplacament-per-al-curs-2024-25-desplacament-dalumnes-densenyament-obligatori-o-2n-cicle-deducacio-infantil\/\" class=\"more-link\">Read More<\/a><\/p>\n","protected":false},"author":4,"featured_media":33097,"comment_status":"closed","ping_status":"closed","sticky":false,"template":"","format":"standard","meta":[],"categories":[3456,8],"tags":[3780,259,787,727,1056,393,356],"_links":{"self":[{"href":"https:\/\/bisbalpenedes.com\/web\/wp-json\/wp\/v2\/posts\/33096"}],"collection":[{"href":"https:\/\/bisbalpenedes.com\/web\/wp-json\/wp\/v2\/posts"}],"about":[{"href":"https:\/\/bisbalpenedes.com\/web\/wp-json\/wp\/v2\/types\/post"}],"author":[{"embeddable":true,"href":"https:\/\/bisbalpenedes.com\/web\/wp-json\/wp\/v2\/users\/4"}],"replies":[{"embeddable":true,"href":"https:\/\/bisbalpenedes.com\/web\/wp-json\/wp\/v2\/comments?post=33096"}],"version-history":[{"count":1,"href":"https:\/\/bisbalpenedes.com\/web\/wp-json\/wp\/v2\/posts\/33096\/revisions"}],"predecessor-version":[{"id":33098,"href":"https:\/\/bisbalpenedes.com\/web\/wp-json\/wp\/v2\/posts\/33096\/revisions\/33098"}],"wp:featuredmedia":[{"embeddable":true,"href":"https:\/\/bisbalpenedes.com\/web\/wp-json\/wp\/v2\/media\/33097"}],"wp:attachment":[{"href":"https:\/\/bisbalpenedes.com\/web\/wp-json\/wp\/v2\/media?parent=33096"}],"wp:term":[{"taxonomy":"category","embeddable":true,"href":"https:\/\/bisbalpenedes.com\/web\/wp-json\/wp\/v2\/categories?post=33096"},{"taxonomy":"post_tag","embeddable":true,"href":"https:\/\/bisbalpenedes.com\/web\/wp-json\/wp\/v2\/tags?post=33096"}],"curies":[{"name":"wp","href":"https:\/\/api.w.org\/{rel}","templated":true}]}}