{"id":33093,"date":"2025-03-04T16:39:12","date_gmt":"2025-03-04T14:39:12","guid":{"rendered":"https:\/\/bisbalpenedes.com\/web\/?p=33093"},"modified":"2025-03-04T16:42:44","modified_gmt":"2025-03-04T14:42:44","slug":"el-proxim-divendres-7-de-marc-se-celebrara-un-ple-extraordinari-a-lajuntament-de-la-bisbal-del-penedes","status":"publish","type":"post","link":"https:\/\/bisbalpenedes.com\/web\/2025\/03\/04\/el-proxim-divendres-7-de-marc-se-celebrara-un-ple-extraordinari-a-lajuntament-de-la-bisbal-del-penedes\/","title":{"rendered":"S&#8217;ha convocat un Ple extraordinari per al pr\u00f2xim divendres 7 de mar\u00e7"},"content":{"rendered":"\n<p>L\u2019Ajuntament de la Bisbal del Pened\u00e8s ha convocat un Ple extraordinari per al pr\u00f2xim divendres 7 de mar\u00e7, a les 9h, amb el seg\u00fcent ordre del dia:<\/p>\n\n\n\n<p>1.-Aprovaci\u00f3 inicial de la modificaci\u00f3 puntual de les Normes Subsidi\u00e0ries, amb ordenaci\u00f3 detallada de Les Planes del Vent.<\/p>\n\n\n\n<p>2.-Aprovaci\u00f3 del Conveni amb el Consell Comarcal del Baix Pened\u00e8s per a l\u2019assist\u00e8ncia t\u00e8cnica en l\u2019\u00e0mbit de l\u2019enginyeria 2025 al 2028.<\/p>\n\n\n\n<p>3.-Donar compte de la ren\u00fancia al seu c\u00e0rrec i a l\u2019acta de regidora de la Sra. Silvia Monfort Costa.<\/p>\n\n\n\n<hr class=\"wp-block-separator has-alpha-channel-opacity\"\/>\n\n\n\n<p>El Ajuntament de la Bisbal del Pened\u00e8s ha convocado un Pleno extraordinario para el pr\u00f3ximo viernes 7 de marzo, a las 9h, con el siguiente orden del d\u00eda:<\/p>\n\n\n\n<p>1.- Aprobaci\u00f3n inicial de la modificaci\u00f3n puntual de las Normas Subsidiarias, con ordenaci\u00f3n detallada de Les Planes del Vent.<br><br>2.- Aprobaci\u00f3n del Convenio con el Consell Comarcal del Baix Pened\u00e8s para la asistencia t\u00e9cnica en el \u00e1mbito de la ingenier\u00eda 2025-2028.<br><br>3.- Dar cuenta de la renuncia a su cargo y al acta de concejala de la Sra. Silvia Monfort Costa.<\/p>\n","protected":false},"excerpt":{"rendered":"<p>L\u2019Ajuntament de la Bisbal del Pened\u00e8s ha convocat un Ple extraordinari per al pr\u00f2xim divendres 7 de mar\u00e7, a les 9h, amb el seg\u00fcent ordre del dia: 1.-Aprovaci\u00f3 inicial de &hellip; <a href=\"https:\/\/bisbalpenedes.com\/web\/2025\/03\/04\/el-proxim-divendres-7-de-marc-se-celebrara-un-ple-extraordinari-a-lajuntament-de-la-bisbal-del-penedes\/\" class=\"more-link\">Read More<\/a><\/p>\n","protected":false},"author":4,"featured_media":20647,"comment_status":"closed","ping_status":"closed","sticky":false,"template":"","format":"standard","meta":[],"categories":[8,2250],"tags":[459,393,1374,423],"_links":{"self":[{"href":"https:\/\/bisbalpenedes.com\/web\/wp-json\/wp\/v2\/posts\/33093"}],"collection":[{"href":"https:\/\/bisbalpenedes.com\/web\/wp-json\/wp\/v2\/posts"}],"about":[{"href":"https:\/\/bisbalpenedes.com\/web\/wp-json\/wp\/v2\/types\/post"}],"author":[{"embeddable":true,"href":"https:\/\/bisbalpenedes.com\/web\/wp-json\/wp\/v2\/users\/4"}],"replies":[{"embeddable":true,"href":"https:\/\/bisbalpenedes.com\/web\/wp-json\/wp\/v2\/comments?post=33093"}],"version-history":[{"count":3,"href":"https:\/\/bisbalpenedes.com\/web\/wp-json\/wp\/v2\/posts\/33093\/revisions"}],"predecessor-version":[{"id":33102,"href":"https:\/\/bisbalpenedes.com\/web\/wp-json\/wp\/v2\/posts\/33093\/revisions\/33102"}],"wp:featuredmedia":[{"embeddable":true,"href":"https:\/\/bisbalpenedes.com\/web\/wp-json\/wp\/v2\/media\/20647"}],"wp:attachment":[{"href":"https:\/\/bisbalpenedes.com\/web\/wp-json\/wp\/v2\/media?parent=33093"}],"wp:term":[{"taxonomy":"category","embeddable":true,"href":"https:\/\/bisbalpenedes.com\/web\/wp-json\/wp\/v2\/categories?post=33093"},{"taxonomy":"post_tag","embeddable":true,"href":"https:\/\/bisbalpenedes.com\/web\/wp-json\/wp\/v2\/tags?post=33093"}],"curies":[{"name":"wp","href":"https:\/\/api.w.org\/{rel}","templated":true}]}}