{"id":33089,"date":"2025-03-02T13:07:00","date_gmt":"2025-03-02T11:07:00","guid":{"rendered":"https:\/\/bisbalpenedes.com\/web\/?p=33089"},"modified":"2025-03-03T13:09:21","modified_gmt":"2025-03-03T11:09:21","slug":"el-dilluns-3-de-marc-a-les-17h-se-celebrara-la-festa-infantil-de-carnaval-a-lescola-ull-de-vent","status":"publish","type":"post","link":"https:\/\/bisbalpenedes.com\/web\/2025\/03\/02\/el-dilluns-3-de-marc-a-les-17h-se-celebrara-la-festa-infantil-de-carnaval-a-lescola-ull-de-vent\/","title":{"rendered":"El dilluns 3 de mar\u00e7 a les 17h se celebrar\u00e0 la festa infantil de Carnaval a l&#8217;escola Ull de Vent"},"content":{"rendered":"\n<p>Aquest dilluns a la tarda, se celebrar\u00e0 festa infantil de Carnaval a l&#8217;escola Ull de Vent! No us la perdeu! Hi haur\u00e0 espectacle i berenar per a tots els infants.<\/p>\n\n\n\n<hr class=\"wp-block-separator has-alpha-channel-opacity\"\/>\n\n\n\n<p>Este lunes por la tarde, \u00a1Fiesta infantil de Carnaval en la escuela Ull de Vent! \u00a1No os la perd\u00e1is! Habr\u00e1 espect\u00e1culo y merienda para todos los ni\u00f1os y ni\u00f1as.<\/p>\n","protected":false},"excerpt":{"rendered":"<p>Aquest dilluns a la tarda, se celebrar\u00e0 festa infantil de Carnaval a l&#8217;escola Ull de Vent! No us la perdeu! Hi haur\u00e0 espectacle i berenar per a tots els infants. &hellip; <a href=\"https:\/\/bisbalpenedes.com\/web\/2025\/03\/02\/el-dilluns-3-de-marc-a-les-17h-se-celebrara-la-festa-infantil-de-carnaval-a-lescola-ull-de-vent\/\" class=\"more-link\">Read More<\/a><\/p>\n","protected":false},"author":4,"featured_media":33090,"comment_status":"closed","ping_status":"closed","sticky":false,"template":"","format":"standard","meta":[],"categories":[4668,8],"tags":[459,49,1259,337,393],"_links":{"self":[{"href":"https:\/\/bisbalpenedes.com\/web\/wp-json\/wp\/v2\/posts\/33089"}],"collection":[{"href":"https:\/\/bisbalpenedes.com\/web\/wp-json\/wp\/v2\/posts"}],"about":[{"href":"https:\/\/bisbalpenedes.com\/web\/wp-json\/wp\/v2\/types\/post"}],"author":[{"embeddable":true,"href":"https:\/\/bisbalpenedes.com\/web\/wp-json\/wp\/v2\/users\/4"}],"replies":[{"embeddable":true,"href":"https:\/\/bisbalpenedes.com\/web\/wp-json\/wp\/v2\/comments?post=33089"}],"version-history":[{"count":1,"href":"https:\/\/bisbalpenedes.com\/web\/wp-json\/wp\/v2\/posts\/33089\/revisions"}],"predecessor-version":[{"id":33091,"href":"https:\/\/bisbalpenedes.com\/web\/wp-json\/wp\/v2\/posts\/33089\/revisions\/33091"}],"wp:featuredmedia":[{"embeddable":true,"href":"https:\/\/bisbalpenedes.com\/web\/wp-json\/wp\/v2\/media\/33090"}],"wp:attachment":[{"href":"https:\/\/bisbalpenedes.com\/web\/wp-json\/wp\/v2\/media?parent=33089"}],"wp:term":[{"taxonomy":"category","embeddable":true,"href":"https:\/\/bisbalpenedes.com\/web\/wp-json\/wp\/v2\/categories?post=33089"},{"taxonomy":"post_tag","embeddable":true,"href":"https:\/\/bisbalpenedes.com\/web\/wp-json\/wp\/v2\/tags?post=33089"}],"curies":[{"name":"wp","href":"https:\/\/api.w.org\/{rel}","templated":true}]}}