{"id":33082,"date":"2025-02-28T13:45:26","date_gmt":"2025-02-28T11:45:26","guid":{"rendered":"https:\/\/bisbalpenedes.com\/web\/?p=33082"},"modified":"2025-02-28T13:50:06","modified_gmt":"2025-02-28T11:50:06","slug":"treballs-conservacio-riera-bisbal","status":"publish","type":"post","link":"https:\/\/bisbalpenedes.com\/web\/2025\/02\/28\/treballs-conservacio-riera-bisbal\/","title":{"rendered":"Aquesta setmana han comen\u00e7at els treballs de recuperaci\u00f3 al tram periurb\u00e0 de la riera gr\u00e0cies a les subvencions que atorga la Diputaci\u00f3 de Tarragona que permeten contractar personal de centres especials de treball i iniciativa social i empreses d&#8217;inserci\u00f3 sociolaboral per a la conservaci\u00f3 i millora d&#8217;espais naturals"},"content":{"rendered":"\n<p>L\u2019Empresa d\u2019inserci\u00f3 de les comarques de Tarragona, en el marc de les subvencions que atorga la Diputaci\u00f3 de Tarragona, i en coordinaci\u00f3 amb l\u2019Ajuntament de la Bisbal del Pened\u00e8s, participa en l\u2019elaboraci\u00f3 i implementaci\u00f3 del projecte de recuperaci\u00f3 al tram periurb\u00e0 de la riera. Concretament, s\u2019hi estan fent les seg\u00fcents actuacions:<\/p>\n\n\n\n<p>1.-Recuperaci\u00f3 d\u2019un bi\u00f2top important dins de la xarxa hidrogr\u00e0fica del Baix Pened\u00e8s, corregint els efectes de l\u2019antropopressi\u00f3 (abocaments de residus, contaminaci\u00f3, etc.)<\/p>\n\n\n\n<p>2.-Eliminaci\u00f3 d\u2019esp\u00e8cies invasores com ara la canya (Arundo donax) o ex\u00f2tiques amb potencial invasor, com la Iuca (Yucca aloifolia), per assegurar el pas de l\u2019aigua quan hi hagi per\u00edodes d\u2019avingudes i, alhora, potenciant la vegetaci\u00f3 aut\u00f2ctona.<\/p>\n\n\n\n<p>3.-Posar a disposici\u00f3 de la poblaci\u00f3 un espai saludable dins de l\u2019entramat urb\u00e0 el qual, hist\u00f2ricament, ha estat un entorn de lleure, d\u2019\u00fas dom\u00e8stic i social per part dels bisbalencs i bisbalenques, on podem posar en relleu les fonts i els safaretjos -i ara tamb\u00e9 l\u2019art urb\u00e0- recuperant el cam\u00ed que recorre la riera.<\/p>\n\n\n\n<p>Els treballs van comen\u00e7ar el 24 de febrer i la durada aproximada dels treballs ser\u00e0 de tres mesos. Per dur a terme aquestes actuacions, s\u2019ha contractat un equip de 4 persones que conformen la brigada que realitzar\u00e0 aquest projecte, que \u00e9s possible gr\u00e0cies a la subvenci\u00f3 de la Diputaci\u00f3 de Tarragona adre\u00e7ada a centres especials de treball d\u2019iniciativa social i empreses d\u2019inserci\u00f3 sociolaboral per a la conservaci\u00f3 i millora d\u2019espais naturals.<\/p>\n\n\n\n<hr class=\"wp-block-separator has-alpha-channel-opacity\"\/>\n\n\n\n<p>La Empresa d\u2019inserci\u00f3 de les comarques de Tarragona, en el marco de las subvenciones que otorga la Diputaci\u00f3 de Tarragona, y en coordinaci\u00f3n con el Ajuntament de la Bisbal del Pened\u00e8s, participa en la elaboraci\u00f3n e implementaci\u00f3n del proyecto de recuperaci\u00f3n en el tramo periurbano de la riera. Concretamente, se est\u00e1n llevando a cabo las siguientes actuaciones:<\/p>\n\n\n\n<p>1.- Recuperaci\u00f3n de un biotopo importante dentro de la red hidrogr\u00e1fica del Baix Pened\u00e8s, corrigiendo los efectos de la antropopresi\u00f3n (vertidos de residuos, contaminaci\u00f3n, etc.)<br>2.- Eliminaci\u00f3n de especies invasoras como la ca\u00f1a (Arundo donax) o ex\u00f3ticas con potencial invasor, como la Yuca (Yucca aloifolia), para asegurar el paso del agua en per\u00edodos de avenidas y, al mismo tiempo, potenciar la vegetaci\u00f3n aut\u00f3ctona.<br>3.- Poner a disposici\u00f3n de la poblaci\u00f3n un espacio saludable dentro del entramado urbano que hist\u00f3ricamente ha sido un entorno de ocio, de uso dom\u00e9stico y social por parte de los bisbalencs, donde podemos resaltar las fuentes y los lavaderos, y ahora tambi\u00e9n el arte urbano, recuperando el camino que recorre la riera.<\/p>\n\n\n\n<p>Los trabajos comenzaron el 24 de febrero y la duraci\u00f3n aproximada de los trabajos ser\u00e1 de tres meses. Para llevar a cabo estas actuaciones, se ha contratado un equipo de 4 personas que conforman la brigada que realizar\u00e1 este proyecto, que es posible gracias a la subvenci\u00f3n de la Diputaci\u00f3 de Tarragona dirigida a centros especiales de trabajo de iniciativa social y empresas de inserci\u00f3n sociolaboral para la conservaci\u00f3n y mejora de espacios naturales.<\/p>\n","protected":false},"excerpt":{"rendered":"<p>L\u2019Empresa d\u2019inserci\u00f3 de les comarques de Tarragona, en el marc de les subvencions que atorga la Diputaci\u00f3 de Tarragona, i en coordinaci\u00f3 amb l\u2019Ajuntament de la Bisbal del Pened\u00e8s, participa &hellip; <a href=\"https:\/\/bisbalpenedes.com\/web\/2025\/02\/28\/treballs-conservacio-riera-bisbal\/\" class=\"more-link\">Read More<\/a><\/p>\n","protected":false},"author":4,"featured_media":33083,"comment_status":"closed","ping_status":"closed","sticky":false,"template":"","format":"standard","meta":[],"categories":[8,6393],"tags":[459,673,393,991,1715,1930],"_links":{"self":[{"href":"https:\/\/bisbalpenedes.com\/web\/wp-json\/wp\/v2\/posts\/33082"}],"collection":[{"href":"https:\/\/bisbalpenedes.com\/web\/wp-json\/wp\/v2\/posts"}],"about":[{"href":"https:\/\/bisbalpenedes.com\/web\/wp-json\/wp\/v2\/types\/post"}],"author":[{"embeddable":true,"href":"https:\/\/bisbalpenedes.com\/web\/wp-json\/wp\/v2\/users\/4"}],"replies":[{"embeddable":true,"href":"https:\/\/bisbalpenedes.com\/web\/wp-json\/wp\/v2\/comments?post=33082"}],"version-history":[{"count":3,"href":"https:\/\/bisbalpenedes.com\/web\/wp-json\/wp\/v2\/posts\/33082\/revisions"}],"predecessor-version":[{"id":33087,"href":"https:\/\/bisbalpenedes.com\/web\/wp-json\/wp\/v2\/posts\/33082\/revisions\/33087"}],"wp:featuredmedia":[{"embeddable":true,"href":"https:\/\/bisbalpenedes.com\/web\/wp-json\/wp\/v2\/media\/33083"}],"wp:attachment":[{"href":"https:\/\/bisbalpenedes.com\/web\/wp-json\/wp\/v2\/media?parent=33082"}],"wp:term":[{"taxonomy":"category","embeddable":true,"href":"https:\/\/bisbalpenedes.com\/web\/wp-json\/wp\/v2\/categories?post=33082"},{"taxonomy":"post_tag","embeddable":true,"href":"https:\/\/bisbalpenedes.com\/web\/wp-json\/wp\/v2\/tags?post=33082"}],"curies":[{"name":"wp","href":"https:\/\/api.w.org\/{rel}","templated":true}]}}