{"id":33078,"date":"2025-02-28T12:54:47","date_gmt":"2025-02-28T10:54:47","guid":{"rendered":"https:\/\/bisbalpenedes.com\/web\/?p=33078"},"modified":"2025-02-28T13:37:11","modified_gmt":"2025-02-28T11:37:11","slug":"cinexic-el-diumenge-16-de-marc-la-societat-acollira-la-projeccio-de-petzi-i-la-mar-salada-a-partir-de-3-anys","status":"publish","type":"post","link":"https:\/\/bisbalpenedes.com\/web\/2025\/02\/28\/cinexic-el-diumenge-16-de-marc-la-societat-acollira-la-projeccio-de-petzi-i-la-mar-salada-a-partir-de-3-anys\/","title":{"rendered":"Cinexic: el diumenge 16 de mar\u00e7 la Societat acollir\u00e0 la projecci\u00f3 de &#8220;Petzi i la Mar Salada&#8221; (a partir de 3 anys)"},"content":{"rendered":"\n<p>El diumenge 16 de mar\u00e7, a les 18h, podreu gaudir d&#8217;una nova projecci\u00f3 d&#8217;una pel\u00b7l\u00edcula recomanada per a infants que tinguin a partir de 3 anys. Es tracta de &#8220;Petzi i la Mar Salada&#8221;.&nbsp;<\/p>\n\n\n\n<p>Podeu trobar informaci\u00f3 sobre el film i veure el tr\u00e0iler, en aquest enlla\u00e7:\u00a0<a rel=\"noreferrer noopener\" href=\"https:\/\/www.packmagic.cat\/films\/petzi-i-la-mar-salada\/\" target=\"_blank\">https:\/\/www.packmagic.cat\/films\/petzi-i-la-mar-salada\/<\/a><\/p>\n\n\n\n<hr class=\"wp-block-separator has-alpha-channel-opacity\"\/>\n\n\n\n<p>El domingo 16 de marzo, a las 18h, podr\u00e9is disfrutar de una nueva proyecci\u00f3n de una pel\u00edcula recomendada para ni\u00f1os a partir de 3 a\u00f1os. Se trata de &#8220;Petzi y la Mar Salada&#8221;.<\/p>\n\n\n\n<p>Pod\u00e9is encontrar informaci\u00f3n sobre la pel\u00edcula y ver el tr\u00e1iler, en este enlace: <a href=\"https:\/\/www.packmagic.cat\/films\/petzi-i-la-mar-salada\/\">https:\/\/www.packmagic.cat\/films\/petzi-i-la-mar-salada\/<\/a><\/p>\n","protected":false},"excerpt":{"rendered":"<p>El diumenge 16 de mar\u00e7, a les 18h, podreu gaudir d&#8217;una nova projecci\u00f3 d&#8217;una pel\u00b7l\u00edcula recomanada per a infants que tinguin a partir de 3 anys. Es tracta de &#8220;Petzi &hellip; <a href=\"https:\/\/bisbalpenedes.com\/web\/2025\/02\/28\/cinexic-el-diumenge-16-de-marc-la-societat-acollira-la-projeccio-de-petzi-i-la-mar-salada-a-partir-de-3-anys\/\" class=\"more-link\">Read More<\/a><\/p>\n","protected":false},"author":4,"featured_media":33079,"comment_status":"closed","ping_status":"closed","sticky":false,"template":"","format":"standard","meta":[],"categories":[2942,13,20,8],"tags":[5574,5527,393],"_links":{"self":[{"href":"https:\/\/bisbalpenedes.com\/web\/wp-json\/wp\/v2\/posts\/33078"}],"collection":[{"href":"https:\/\/bisbalpenedes.com\/web\/wp-json\/wp\/v2\/posts"}],"about":[{"href":"https:\/\/bisbalpenedes.com\/web\/wp-json\/wp\/v2\/types\/post"}],"author":[{"embeddable":true,"href":"https:\/\/bisbalpenedes.com\/web\/wp-json\/wp\/v2\/users\/4"}],"replies":[{"embeddable":true,"href":"https:\/\/bisbalpenedes.com\/web\/wp-json\/wp\/v2\/comments?post=33078"}],"version-history":[{"count":2,"href":"https:\/\/bisbalpenedes.com\/web\/wp-json\/wp\/v2\/posts\/33078\/revisions"}],"predecessor-version":[{"id":33081,"href":"https:\/\/bisbalpenedes.com\/web\/wp-json\/wp\/v2\/posts\/33078\/revisions\/33081"}],"wp:featuredmedia":[{"embeddable":true,"href":"https:\/\/bisbalpenedes.com\/web\/wp-json\/wp\/v2\/media\/33079"}],"wp:attachment":[{"href":"https:\/\/bisbalpenedes.com\/web\/wp-json\/wp\/v2\/media?parent=33078"}],"wp:term":[{"taxonomy":"category","embeddable":true,"href":"https:\/\/bisbalpenedes.com\/web\/wp-json\/wp\/v2\/categories?post=33078"},{"taxonomy":"post_tag","embeddable":true,"href":"https:\/\/bisbalpenedes.com\/web\/wp-json\/wp\/v2\/tags?post=33078"}],"curies":[{"name":"wp","href":"https:\/\/api.w.org\/{rel}","templated":true}]}}