{"id":33075,"date":"2025-02-28T12:45:49","date_gmt":"2025-02-28T10:45:49","guid":{"rendered":"https:\/\/bisbalpenedes.com\/web\/?p=33075"},"modified":"2025-02-28T12:45:49","modified_gmt":"2025-02-28T10:45:49","slug":"nou-curs-de-premonitor-es-deducacio-en-el-lleure-nascuts-entre-el-2007-i-el-2009","status":"publish","type":"post","link":"https:\/\/bisbalpenedes.com\/web\/2025\/02\/28\/nou-curs-de-premonitor-es-deducacio-en-el-lleure-nascuts-entre-el-2007-i-el-2009\/","title":{"rendered":"Nou curs de premonitor\/es d&#8217;educaci\u00f3 en el lleure (nascuts entre el 2007 i el 2009)"},"content":{"rendered":"\n<p>Vas n\u00e9ixer entre el 2007 i el 2009? Aquesta formaci\u00f3 potser t\u2019interessa!<\/p>\n\n\n\n<p>Un any m\u00e9s, l\u2019Oficina Jove del Baix Pened\u00e8s promou els curos de premonitors\/es d\u2019educaci\u00f3 en el lleure per a persones joves, en aquest cas, nascudes entre el 2007 i el 2009. La formaci\u00f3 es dur\u00e0 a terme durant les vacances de Setmana Santa (del 14 al 17 d\u2019abril) i els cursos es faran a l\u2019Arbo\u00e7, Banyeres del Pened\u00e8s i Cunit, en horari de 9 a 14h. Les preinscripcions comencen el dilluns 10 de mar\u00e7 i les podeu fer a la Cova Jove o adre\u00e7ant-vos a l\u2019Oficina Jove Baix Pened\u00e8s (El Vendrell). El preu d\u2019aquesta formaci\u00f3 \u00e9s de 40\u20ac.<\/p>\n\n\n\n<hr class=\"wp-block-separator has-alpha-channel-opacity\"\/>\n\n\n\n<p>\u00bfNaciste entre 2007 y 2009? \u00a1Esta formaci\u00f3n puede interesarte!<\/p>\n\n\n\n<p>Un a\u00f1o m\u00e1s, la Oficina Jove del Baix Pened\u00e8s promueve los cursos de premonitores\/as de educaci\u00f3n en el ocio para personas j\u00f3venes, en este caso, nacidas entre 2007 y 2009. La formaci\u00f3n se llevar\u00e1 a cabo durante las vacaciones de Semana Santa (del 14 al 17 de abril) y los cursos se har\u00e1n en l\u2019Arbo\u00e7, Banyeres del Pened\u00e8s y Cunit, en horario de 9 a 14h. Las preinscripciones comienzan el lunes 10 de marzo y se pueden hacer en la Cova Jove o dirigi\u00e9ndoos a la Oficina Jove Baix Pened\u00e8s (El Vendrell). El precio de esta formaci\u00f3n es de 40\u20ac.<\/p>\n","protected":false},"excerpt":{"rendered":"<p>Vas n\u00e9ixer entre el 2007 i el 2009? Aquesta formaci\u00f3 potser t\u2019interessa! Un any m\u00e9s, l\u2019Oficina Jove del Baix Pened\u00e8s promou els curos de premonitors\/es d\u2019educaci\u00f3 en el lleure per &hellip; <a href=\"https:\/\/bisbalpenedes.com\/web\/2025\/02\/28\/nou-curs-de-premonitor-es-deducacio-en-el-lleure-nascuts-entre-el-2007-i-el-2009\/\" class=\"more-link\">Read More<\/a><\/p>\n","protected":false},"author":4,"featured_media":33076,"comment_status":"closed","ping_status":"closed","sticky":false,"template":"","format":"standard","meta":[],"categories":[4269,8],"tags":[459,62,2820,210,393],"_links":{"self":[{"href":"https:\/\/bisbalpenedes.com\/web\/wp-json\/wp\/v2\/posts\/33075"}],"collection":[{"href":"https:\/\/bisbalpenedes.com\/web\/wp-json\/wp\/v2\/posts"}],"about":[{"href":"https:\/\/bisbalpenedes.com\/web\/wp-json\/wp\/v2\/types\/post"}],"author":[{"embeddable":true,"href":"https:\/\/bisbalpenedes.com\/web\/wp-json\/wp\/v2\/users\/4"}],"replies":[{"embeddable":true,"href":"https:\/\/bisbalpenedes.com\/web\/wp-json\/wp\/v2\/comments?post=33075"}],"version-history":[{"count":1,"href":"https:\/\/bisbalpenedes.com\/web\/wp-json\/wp\/v2\/posts\/33075\/revisions"}],"predecessor-version":[{"id":33077,"href":"https:\/\/bisbalpenedes.com\/web\/wp-json\/wp\/v2\/posts\/33075\/revisions\/33077"}],"wp:featuredmedia":[{"embeddable":true,"href":"https:\/\/bisbalpenedes.com\/web\/wp-json\/wp\/v2\/media\/33076"}],"wp:attachment":[{"href":"https:\/\/bisbalpenedes.com\/web\/wp-json\/wp\/v2\/media?parent=33075"}],"wp:term":[{"taxonomy":"category","embeddable":true,"href":"https:\/\/bisbalpenedes.com\/web\/wp-json\/wp\/v2\/categories?post=33075"},{"taxonomy":"post_tag","embeddable":true,"href":"https:\/\/bisbalpenedes.com\/web\/wp-json\/wp\/v2\/tags?post=33075"}],"curies":[{"name":"wp","href":"https:\/\/api.w.org\/{rel}","templated":true}]}}