{"id":33069,"date":"2025-02-28T12:00:51","date_gmt":"2025-02-28T10:00:51","guid":{"rendered":"https:\/\/bisbalpenedes.com\/web\/?p=33069"},"modified":"2025-02-28T12:00:51","modified_gmt":"2025-02-28T10:00:51","slug":"lalcaldessa-i-el-regidor-de-sanitat-li-han-traslladat-diverses-necessitats-municipals-a-la-gerent-de-la-regio-sanitaria-del-penedes","status":"publish","type":"post","link":"https:\/\/bisbalpenedes.com\/web\/2025\/02\/28\/lalcaldessa-i-el-regidor-de-sanitat-li-han-traslladat-diverses-necessitats-municipals-a-la-gerent-de-la-regio-sanitaria-del-penedes\/","title":{"rendered":"<strong>L\u2019alcaldessa i el regidor de Sanitat li han traslladat diverses necessitats municipals a la gerent de la regi\u00f3 sanit\u00e0ria del Pened\u00e8s<\/strong>"},"content":{"rendered":"\n<p>Aquest dijous 27 de febrer, l\u2019alcaldessa Agn\u00e8s Ferr\u00e9 i el regidor de Sanitat, Feliu Gil, s\u2019han reunit amb la gerent de la regi\u00f3 sanit\u00e0ria del Pened\u00e8s, Alba Brugu\u00e9s, a l\u2019Ajuntament de la Bisbal del Pened\u00e8s. Durant aquest primer contacte, ja que la gerent ha estat nomenada fa uns mesos, els membres de l\u2019equip de govern li han traslladat les necessitats que t\u00e9 actualment el municipi en mat\u00e8ria de sanitat.<\/p>\n\n\n\n<figure class=\"wp-block-image size-large\"><img loading=\"lazy\" width=\"1024\" height=\"819\" src=\"https:\/\/bisbalpenedes.com\/web\/wp-content\/uploads\/2025\/02\/P2270364-a-mida-gran-1024x819.jpeg\" alt=\"\" class=\"wp-image-33072\" srcset=\"https:\/\/bisbalpenedes.com\/web\/wp-content\/uploads\/2025\/02\/P2270364-a-mida-gran-1024x819.jpeg 1024w, https:\/\/bisbalpenedes.com\/web\/wp-content\/uploads\/2025\/02\/P2270364-a-mida-gran-300x240.jpeg 300w, https:\/\/bisbalpenedes.com\/web\/wp-content\/uploads\/2025\/02\/P2270364-a-mida-gran-768x614.jpeg 768w, https:\/\/bisbalpenedes.com\/web\/wp-content\/uploads\/2025\/02\/P2270364-a-mida-gran-600x480.jpeg 600w, https:\/\/bisbalpenedes.com\/web\/wp-content\/uploads\/2025\/02\/P2270364-a-mida-gran.jpeg 1280w\" sizes=\"(max-width: 1024px) 100vw, 1024px\" \/><figcaption>Fotos: Ra\u00fal Gallego<\/figcaption><\/figure>\n\n\n\n<p>Durant la trobada, l\u2019alcaldessa i el regidor l\u2019han fet coneixedora la necessitat d\u2019ampliar l\u2019horari del consultori m\u00e8dic de la Bisbal del Pened\u00e8s perqu\u00e8 els bisbalencs disposin de l\u2019opci\u00f3 d\u2019anar al metge, al municipi, almenys una tarda m\u00e9s a la setmana. A m\u00e9s, li han traslladat la idea de poder ampliar el servei a la Bisbal del Pened\u00e8s, oferint atenci\u00f3 tamb\u00e9 als ve\u00efns dels municipis dels voltants (del Baix Pened\u00e8s interior) i, d\u2019aquesta manera, millorar l\u2019atenci\u00f3 de proximitat i evitar els trasllats al Vendrell, tenint en compte que ara, al consultori, hi ha dues sales que no es fan servir com a consulta i que, d\u2019altra banda, mai s\u2019ha acabat de construir la segona planta de l\u2019edifici. Quant al servei de pediatria, tant el regidor com l\u2019alcaldessa li han plantejat que era un servei que era molt c\u00f2mode per als pares, quan el tenien a la Bisbal. Brugu\u00e9s ha explicat que es fa molt dif\u00edcil tornar a portar aquest servei als municipis petits per la dificultat de trobar professionals en aquesta \u00e0rea i que, per aquest motiu, s\u2019ha mantingut aquesta centralitzaci\u00f3 del servei al Vendrell.<\/p>\n\n\n\n<p>Alba Brugu\u00e9s ha pres nota de les propostes fetes des de l\u2019Ajuntament i ha explicat que, en l\u2019actualitat, estan treballant per identificar les persones fr\u00e0gils i les persones grans de l\u2019\u00e0rea del Pened\u00e8s, amb l\u2019objectiu de millorar l\u2019atenci\u00f3 continuada i l\u2019atenci\u00f3 domicili\u00e0ria adre\u00e7ada a aquestes persones. Per aquest motiu, ha mostrat especial inter\u00e8s en aquelles q\u00fcestions que tenen relaci\u00f3 amb l\u2019\u00e0mbit social de la gent, ja que tenen una repercussi\u00f3 directa en la salut. L\u2019alcaldessa i el regidor li han explicat el funcionament del Servei Bon Dia i tamb\u00e9 li han explicat que enguany es licitar\u00e0 el servei del men\u00fa saludable per a la gent gran. D\u2019altra banda, tamb\u00e9 se li ha fet saber que, als locals de diversos barris del municipi la gent gran tamb\u00e9 hi pot dur a terme activitats l\u00fadiques, educatives i f\u00edsiques.<\/p>\n\n\n\n<hr class=\"wp-block-separator has-alpha-channel-opacity\"\/>\n\n\n\n<h3><strong>La alcaldesa y el concejal de Sanidad han trasladado diversas necesidades municipales a la gerente de la regi\u00f3n sanitaria del Pened\u00e8s<\/strong><\/h3>\n\n\n\n<p>Este jueves 27 de febrero, la alcaldesa Agn\u00e8s Ferr\u00e9 y el concejal de Sanidad, Feliu Gil, se han reunido con la gerente de la regi\u00f3n sanitaria del Pened\u00e8s, Alba Brugu\u00e9s, en el Ajuntament de la Bisbal del Pened\u00e8s. Durante este primer contacto, ya que la gerente fue nombrada hace unos meses, los miembros del equipo de gobierno le han trasladado las necesidades actuales del municipio en materia de sanidad.<\/p>\n\n\n\n<p>Durante el encuentro, la alcaldesa y el concejal le han hecho saber la necesidad de ampliar el horario del consultorio m\u00e9dico de la Bisbal del Pened\u00e8s para que los bisbalencs tengan la opci\u00f3n de ir al m\u00e9dico, en el municipio, al menos una tarde m\u00e1s a la semana. Adem\u00e1s, le han trasladado la idea de poder ampliar el servicio en la Bisbal del Pened\u00e8s, ofreciendo atenci\u00f3n tambi\u00e9n a los vecinos de los municipios cercanos (del Baix Pened\u00e8s interior) y, de este modo, mejorar la atenci\u00f3n de proximidad y evitar los traslados al Vendrell, teniendo en cuenta que ahora, en el consultorio, hay dos salas que no se utilizan como consulta y que, por otro lado, nunca se ha terminado de construir la segunda planta del edificio. En cuanto al servicio de pediatr\u00eda, tanto el concejal como la alcaldesa le han planteado que era un servicio que era muy c\u00f3modo para los padres, cuando lo ten\u00edan en la Bisbal. Brugu\u00e9s ha explicado que es muy dif\u00edcil volver a llevar este servicio a los municipios peque\u00f1os por la dificultad de encontrar profesionales en esta \u00e1rea y que, por esta raz\u00f3n, se ha mantenido esta centralizaci\u00f3n del servicio en el Vendrell.<\/p>\n\n\n\n<p>Alba Brugu\u00e9s ha tomado nota de las propuestas hechas desde el Ayuntamiento y ha explicado que, en la actualidad, est\u00e1n trabajando para identificar a las personas fr\u00e1giles y a las personas mayores del \u00e1rea del Pened\u00e8s, con el objetivo de mejorar la atenci\u00f3n continuada y la atenci\u00f3n domiciliaria dirigida a estas personas. Por este motivo, ha mostrado especial inter\u00e9s en aquellas cuestiones que tienen relaci\u00f3n con el \u00e1mbito social de las personas, ya que tienen una repercusi\u00f3n directa en la salud. La alcaldesa y el concejal le han explicado el funcionamiento del Servei Bon Dia y tambi\u00e9n le han informado que este a\u00f1o se licitar\u00e1 el servicio de men\u00fa saludable para la gente mayor. Por otro lado, tambi\u00e9n se le ha comunicado que, en los locales de varios barrios del municipio, las personas mayores tambi\u00e9n pueden realizar actividades l\u00fadicas, educativas y f\u00edsicas.<\/p>\n","protected":false},"excerpt":{"rendered":"<p>Aquest dijous 27 de febrer, l\u2019alcaldessa Agn\u00e8s Ferr\u00e9 i el regidor de Sanitat, Feliu Gil, s\u2019han reunit amb la gerent de la regi\u00f3 sanit\u00e0ria del Pened\u00e8s, Alba Brugu\u00e9s, a l\u2019Ajuntament &hellip; <a href=\"https:\/\/bisbalpenedes.com\/web\/2025\/02\/28\/lalcaldessa-i-el-regidor-de-sanitat-li-han-traslladat-diverses-necessitats-municipals-a-la-gerent-de-la-regio-sanitaria-del-penedes\/\" class=\"more-link\">Read More<\/a><\/p>\n","protected":false},"author":4,"featured_media":33071,"comment_status":"closed","ping_status":"closed","sticky":false,"template":"","format":"standard","meta":[],"categories":[2057,8,14],"tags":[1151,6990,2484,6991,393,145],"_links":{"self":[{"href":"https:\/\/bisbalpenedes.com\/web\/wp-json\/wp\/v2\/posts\/33069"}],"collection":[{"href":"https:\/\/bisbalpenedes.com\/web\/wp-json\/wp\/v2\/posts"}],"about":[{"href":"https:\/\/bisbalpenedes.com\/web\/wp-json\/wp\/v2\/types\/post"}],"author":[{"embeddable":true,"href":"https:\/\/bisbalpenedes.com\/web\/wp-json\/wp\/v2\/users\/4"}],"replies":[{"embeddable":true,"href":"https:\/\/bisbalpenedes.com\/web\/wp-json\/wp\/v2\/comments?post=33069"}],"version-history":[{"count":1,"href":"https:\/\/bisbalpenedes.com\/web\/wp-json\/wp\/v2\/posts\/33069\/revisions"}],"predecessor-version":[{"id":33073,"href":"https:\/\/bisbalpenedes.com\/web\/wp-json\/wp\/v2\/posts\/33069\/revisions\/33073"}],"wp:featuredmedia":[{"embeddable":true,"href":"https:\/\/bisbalpenedes.com\/web\/wp-json\/wp\/v2\/media\/33071"}],"wp:attachment":[{"href":"https:\/\/bisbalpenedes.com\/web\/wp-json\/wp\/v2\/media?parent=33069"}],"wp:term":[{"taxonomy":"category","embeddable":true,"href":"https:\/\/bisbalpenedes.com\/web\/wp-json\/wp\/v2\/categories?post=33069"},{"taxonomy":"post_tag","embeddable":true,"href":"https:\/\/bisbalpenedes.com\/web\/wp-json\/wp\/v2\/tags?post=33069"}],"curies":[{"name":"wp","href":"https:\/\/api.w.org\/{rel}","templated":true}]}}