{"id":33043,"date":"2025-02-26T19:47:06","date_gmt":"2025-02-26T17:47:06","guid":{"rendered":"https:\/\/bisbalpenedes.com\/web\/?p=33043"},"modified":"2025-02-26T19:47:37","modified_gmt":"2025-02-26T17:47:37","slug":"comunicat-dalcaldia-26-de-febrer-de-2025","status":"publish","type":"post","link":"https:\/\/bisbalpenedes.com\/web\/2025\/02\/26\/comunicat-dalcaldia-26-de-febrer-de-2025\/","title":{"rendered":"Comunicat d&#8217;alcaldia [26 de febrer de 2025]"},"content":{"rendered":"\n<p>L&#8217;Alcaldia vol informar als ve\u00efns i ve\u00efnes de La Bisbal del Pened\u00e8s sobre la ren\u00fancia de la regidora d&#8217;ERC a l&#8217;acta de regidora, deixant la pol\u00edtica municipal. Tot i aquest canvi, l&#8217;equip de govern continuar\u00e0 treballant de manera decidida pel benestar del nostre municipi, mantenint la majoria absoluta i la solidesa en el nostre projecte per a la comunitat.<\/p>\n\n\n\n<p>Cal destacar que el nou regidor d&#8217;ERC que ocupi el seu lloc formar\u00e0 part de l&#8217;oposici\u00f3, ja que des de Comprom\u00eds amb la Bisbal i el PSC pactem amb persones i partits compromesos amb la millora constant de la qualitat de vida dels bisbalencs i bisbalenques.<\/p>\n\n\n\n<p>Seguirem amb el desenvolupament del Pla de Mandat aprovat el 2023, del qual ja s&#8217;ha executat el 50% de les accions. Entre les propostes destacades per al 2025, el Pla de Mandat inclou continuar treballant per atraure noves empreses al municipi i implementar un servei de vigil\u00e0ncia nocturna els 365 dies de l&#8217;any, amb cobertura 24 hores els caps de setmana i festius, per garantir la seguretat de tots els ve\u00efns i ve\u00efnes.<\/p>\n\n\n\n<p>L&#8217;equip de govern seguir\u00e0 al servei de la ciutadania i treballant amb responsabilitat per fer de l&#8217;actual mandat un \u00e8xit en benefici de tot el municipi.<\/p>\n\n\n\n<p>Gr\u00e0cies per la vostra confian\u00e7a.<\/p>\n\n\n\n<p class=\"has-text-align-right\">Agn\u00e8s Ferr\u00e9 Ca\u00f1ellas<\/p>\n\n\n\n<p class=\"has-text-align-right\">Alcaldessa de La Bisbal del Pened\u00e8s<\/p>\n\n\n\n<hr class=\"wp-block-separator has-alpha-channel-opacity\"\/>\n\n\n\n<p>La Alcald\u00eda informa a los vecinos y vecinas de La Bisbal del Pened\u00e8s sobre la renuncia de la concejala de ERC a su acta de concejala, dejando la pol\u00edtica municipal. A pesar de este cambio, el equipo de gobierno continuar\u00e1 trabajando de manera decidida por el bienestar de nuestro municipio, manteniendo la mayor\u00eda absoluta y la solidez en nuestro proyecto para la comunidad.<\/p>\n\n\n\n<p>Cabe destacar que el nuevo concejal de ERC que ocupe su lugar formar\u00e1 parte de la oposici\u00f3n, ya que desde&nbsp;<em>Comprom\u00eds a<\/em><em>mb la Bisbal<\/em>&nbsp;y el PSC pactamos con personas y partidos comprometidos con la mejora constante de la calidad de vida de los bisbalencs y bisbalenques.<\/p>\n\n\n\n<p>Seguiremos con el desarrollo del Plan de Mandato aprobado en 2023, del cual ya se ha ejecutado el 50% de las acciones. Entre las propuestas destacadas para 2025, el Plan de Mandato incluye continuar trabajando para atraer nuevas empresas al municipio e implementar un servicio de vigilancia nocturna los 365 d\u00edas del a\u00f1o, con cobertura 24 horas los fines de semana y festivos, para garantizar la seguridad de todos los vecinos y vecinas.<\/p>\n\n\n\n<p>El equipo de gobierno seguir\u00e1 al servicio de la ciudadan\u00eda y trabajando con responsabilidad para hacer de este mandato un \u00e9xito en beneficio de todo el municipio.<\/p>\n\n\n\n<p>Gracias por vuestra confianza.<\/p>\n\n\n\n<p class=\"has-text-align-right\"><strong>Agn\u00e8s Ferr\u00e9 Ca\u00f1ellas<\/strong><br>Alcaldesa de La Bisbal del Pened\u00e8s<\/p>\n","protected":false},"excerpt":{"rendered":"<p>L&#8217;Alcaldia vol informar als ve\u00efns i ve\u00efnes de La Bisbal del Pened\u00e8s sobre la ren\u00fancia de la regidora d&#8217;ERC a l&#8217;acta de regidora, deixant la pol\u00edtica municipal. Tot i aquest &hellip; <a href=\"https:\/\/bisbalpenedes.com\/web\/2025\/02\/26\/comunicat-dalcaldia-26-de-febrer-de-2025\/\" class=\"more-link\">Read More<\/a><\/p>\n","protected":false},"author":4,"featured_media":33044,"comment_status":"closed","ping_status":"closed","sticky":false,"template":"","format":"standard","meta":[],"categories":[2057,8],"tags":[459,393],"_links":{"self":[{"href":"https:\/\/bisbalpenedes.com\/web\/wp-json\/wp\/v2\/posts\/33043"}],"collection":[{"href":"https:\/\/bisbalpenedes.com\/web\/wp-json\/wp\/v2\/posts"}],"about":[{"href":"https:\/\/bisbalpenedes.com\/web\/wp-json\/wp\/v2\/types\/post"}],"author":[{"embeddable":true,"href":"https:\/\/bisbalpenedes.com\/web\/wp-json\/wp\/v2\/users\/4"}],"replies":[{"embeddable":true,"href":"https:\/\/bisbalpenedes.com\/web\/wp-json\/wp\/v2\/comments?post=33043"}],"version-history":[{"count":2,"href":"https:\/\/bisbalpenedes.com\/web\/wp-json\/wp\/v2\/posts\/33043\/revisions"}],"predecessor-version":[{"id":33046,"href":"https:\/\/bisbalpenedes.com\/web\/wp-json\/wp\/v2\/posts\/33043\/revisions\/33046"}],"wp:featuredmedia":[{"embeddable":true,"href":"https:\/\/bisbalpenedes.com\/web\/wp-json\/wp\/v2\/media\/33044"}],"wp:attachment":[{"href":"https:\/\/bisbalpenedes.com\/web\/wp-json\/wp\/v2\/media?parent=33043"}],"wp:term":[{"taxonomy":"category","embeddable":true,"href":"https:\/\/bisbalpenedes.com\/web\/wp-json\/wp\/v2\/categories?post=33043"},{"taxonomy":"post_tag","embeddable":true,"href":"https:\/\/bisbalpenedes.com\/web\/wp-json\/wp\/v2\/tags?post=33043"}],"curies":[{"name":"wp","href":"https:\/\/api.w.org\/{rel}","templated":true}]}}