{"id":33039,"date":"2025-02-25T14:21:44","date_gmt":"2025-02-25T12:21:44","guid":{"rendered":"https:\/\/bisbalpenedes.com\/web\/?p=33039"},"modified":"2025-02-25T14:21:44","modified_gmt":"2025-02-25T12:21:44","slug":"la-setmana-passada-van-comencar-els-treballs-de-poda-a-tot-el-municipi","status":"publish","type":"post","link":"https:\/\/bisbalpenedes.com\/web\/2025\/02\/25\/la-setmana-passada-van-comencar-els-treballs-de-poda-a-tot-el-municipi\/","title":{"rendered":"La setmana passada van comen\u00e7ar els treballs de poda a tot el municipi"},"content":{"rendered":"\n<p>L\u2019Ajuntament de la Bisbal del Pened\u00e8s ha iniciat treballs de poda a tot el municipi. Concretament, es podaran 251 arbres, entre moreres i xiprers repartits entre el nucli, Can Gordei, l\u2019Esplai, el Priorat i el Papagai. Es tracta de treballs de poda que s\u00f3n imprescindibles per a la salut dels arbres i per al seu correcte creixement.<\/p>\n\n\n\n<p>La Junta de Govern local del 10 de febrer va aprovar un contracte menor amb l\u2019empresa Sol\u00e9 Xic per un import de 12.705\u20ac (IVA incl\u00f2s) per dur a terme part del servei de poda d\u2019arbrat del municipi. Aquest preu inclou la recollida de branques i restes. L\u2019Ajuntament de la Bisbal del Pened\u00e8s est\u00e0 preparant la licitaci\u00f3 d\u2019aquest servei per als pr\u00f2xims anys.<\/p>\n\n\n\n<hr class=\"wp-block-separator has-alpha-channel-opacity\"\/>\n\n\n\n<p>El Ajuntament de la Bisbal del Pened\u00e8s ha iniciado trabajos de poda en todo el municipio. Concretamente, se podar\u00e1n 251 \u00e1rboles, entre moreras y cipreses, repartidos entre el n\u00facleo, Can Gordei, l&#8217;Esplai, el Priorat y el Papagai. Se trata de trabajos de poda imprescindibles para la salud de los \u00e1rboles y su correcto crecimiento.<br>La Junta de Gobierno local del 10 de febrero aprob\u00f3 un contrato menor con la empresa Sol\u00e9 Xic por un importe de 12.705\u20ac (IVA incluido) para llevar a cabo parte del servicio de poda del arbolado del municipio. Este precio incluye la recogida de ramas y restos. El Ajuntament de la Bisbal del Pened\u00e8s est\u00e1 preparando la licitaci\u00f3n de este servicio para los pr\u00f3ximos a\u00f1os.<\/p>\n","protected":false},"excerpt":{"rendered":"<p>L\u2019Ajuntament de la Bisbal del Pened\u00e8s ha iniciat treballs de poda a tot el municipi. Concretament, es podaran 251 arbres, entre moreres i xiprers repartits entre el nucli, Can Gordei, &hellip; <a href=\"https:\/\/bisbalpenedes.com\/web\/2025\/02\/25\/la-setmana-passada-van-comencar-els-treballs-de-poda-a-tot-el-municipi\/\" class=\"more-link\">Read More<\/a><\/p>\n","protected":false},"author":4,"featured_media":33040,"comment_status":"closed","ping_status":"closed","sticky":false,"template":"","format":"standard","meta":[],"categories":[32,8,6393],"tags":[4527,459,198,393,790,1374,2629],"_links":{"self":[{"href":"https:\/\/bisbalpenedes.com\/web\/wp-json\/wp\/v2\/posts\/33039"}],"collection":[{"href":"https:\/\/bisbalpenedes.com\/web\/wp-json\/wp\/v2\/posts"}],"about":[{"href":"https:\/\/bisbalpenedes.com\/web\/wp-json\/wp\/v2\/types\/post"}],"author":[{"embeddable":true,"href":"https:\/\/bisbalpenedes.com\/web\/wp-json\/wp\/v2\/users\/4"}],"replies":[{"embeddable":true,"href":"https:\/\/bisbalpenedes.com\/web\/wp-json\/wp\/v2\/comments?post=33039"}],"version-history":[{"count":1,"href":"https:\/\/bisbalpenedes.com\/web\/wp-json\/wp\/v2\/posts\/33039\/revisions"}],"predecessor-version":[{"id":33041,"href":"https:\/\/bisbalpenedes.com\/web\/wp-json\/wp\/v2\/posts\/33039\/revisions\/33041"}],"wp:featuredmedia":[{"embeddable":true,"href":"https:\/\/bisbalpenedes.com\/web\/wp-json\/wp\/v2\/media\/33040"}],"wp:attachment":[{"href":"https:\/\/bisbalpenedes.com\/web\/wp-json\/wp\/v2\/media?parent=33039"}],"wp:term":[{"taxonomy":"category","embeddable":true,"href":"https:\/\/bisbalpenedes.com\/web\/wp-json\/wp\/v2\/categories?post=33039"},{"taxonomy":"post_tag","embeddable":true,"href":"https:\/\/bisbalpenedes.com\/web\/wp-json\/wp\/v2\/tags?post=33039"}],"curies":[{"name":"wp","href":"https:\/\/api.w.org\/{rel}","templated":true}]}}