{"id":33035,"date":"2025-02-23T10:00:51","date_gmt":"2025-02-23T08:00:51","guid":{"rendered":"https:\/\/bisbalpenedes.com\/web\/?p=33035"},"modified":"2025-02-23T10:04:55","modified_gmt":"2025-02-23T08:04:55","slug":"la-junta-de-govern-del-dilluns-24-de-febrer-conte-una-segona-proposta-amb-competencia-del-ple-delegada-a-la-junta","status":"publish","type":"post","link":"https:\/\/bisbalpenedes.com\/web\/2025\/02\/23\/la-junta-de-govern-del-dilluns-24-de-febrer-conte-una-segona-proposta-amb-competencia-del-ple-delegada-a-la-junta\/","title":{"rendered":"<strong>La Junta de govern del dilluns 24 de febrer cont\u00e9 una segona proposta amb compet\u00e8ncia del Ple delegada a la Junta<\/strong>"},"content":{"rendered":"\n<p>La Junta de govern del dilluns 24 de febrer cont\u00e9 una proposta que \u00e9s compet\u00e8ncia del Ple delegada a la Junta de govern, segons l\u2019acord plenari del 6 de juliol de 2023. \u00c9s la seg\u00fcent:<\/p>\n\n\n\n<ul><li>Aprovaci\u00f3 definitiva del projecte d\u2019obres de renovaci\u00f3 de part de les canonades d\u2019abastament d\u2019aigua de l\u2019Esplai, el Priorat i el nucli urb\u00e0.<\/li><\/ul>\n\n\n\n<p>A banda d\u2019aquesta proposta, la Junta de govern d\u2019aquest dilluns cont\u00e9 un altre punt amb compet\u00e8ncia delegada del Ple a la Junta. Es tracta de les <em>\u201cactuacions pr\u00e8vies a la recepci\u00f3 de les obres de millora de les infraestructures de la Riba&#8221;.<\/em><\/p>\n\n\n\n<p>Les Sessions de la Junta de Govern Local no s\u00f3n p\u00fabliques, per\u00f2 quan actua en compet\u00e8ncies delegades del Ple, la sessi\u00f3 se sotmet als mateixos requisits de publicitat de les Sessions del Ple, que s\u00f3n p\u00fabliques. Aix\u00ed ho va declarar la STS 161\/2013, de 26 de setembre.<\/p>\n\n\n\n<p>Per tot aix\u00f2, s\u2019obriran les portes de la sala de plens a les 10h, per tal que pugui assistir-hi p\u00fablic. Tamb\u00e9 es gravaran aquests punts de l\u2019ordre del dia i posteriorment es publicaran per garantir la seva publicitat.<\/p>\n\n\n\n<hr class=\"wp-block-separator has-alpha-channel-opacity\"\/>\n\n\n\n<h3><strong>La Junta de Gobierno del lunes 24 de febrero contiene una segunda propuesta con competencia del Pleno delegada a la Junta<\/strong><\/h3>\n\n\n\n<p>La Junta de Gobierno del lunes 24 de febrero contiene una propuesta que es competencia del Pleno delegada a la Junta de Gobierno, seg\u00fan el acuerdo plenario del 6 de julio de 2023. Es la siguiente:<\/p>\n\n\n\n<ul><li>Aprobaci\u00f3n definitiva del proyecto de obras de renovaci\u00f3n de parte de las tuber\u00edas de abastecimiento de agua de L\u2019Esplai, el Priorat y el n\u00facleo urbano.<\/li><\/ul>\n\n\n\n<p>Adem\u00e1s de esta propuesta, la Junta de Gobierno de este lunes contiene otro punto con competencia delegada del Pleno a la Junta. Se trata de las <em>\u201cactuaciones previas a la recepci\u00f3n de las obras de mejora de las infraestructuras de la Riba\u201d.<\/em><\/p>\n\n\n\n<p>Las sesiones de la Junta de Gobierno Local no son p\u00fablicas, pero cuando act\u00faa en competencias delegadas del Pleno, la sesi\u00f3n se somete a los mismos requisitos de publicidad que las sesiones del Pleno, que s\u00ed son p\u00fablicas. As\u00ed lo declar\u00f3 la STS 161\/2013, de 26 de septiembre.<\/p>\n\n\n\n<p>Por todo ello, se abrir\u00e1n las puertas de la sala de plenos a las 10h, para que pueda asistir p\u00fablico. Tambi\u00e9n se grabar\u00e1n estos puntos del orden del d\u00eda y posteriormente se publicar\u00e1n para garantizar su publicidad.<\/p>\n","protected":false},"excerpt":{"rendered":"<p>La Junta de govern del dilluns 24 de febrer cont\u00e9 una proposta que \u00e9s compet\u00e8ncia del Ple delegada a la Junta de govern, segons l\u2019acord plenari del 6 de juliol &hellip; <a href=\"https:\/\/bisbalpenedes.com\/web\/2025\/02\/23\/la-junta-de-govern-del-dilluns-24-de-febrer-conte-una-segona-proposta-amb-competencia-del-ple-delegada-a-la-junta\/\" class=\"more-link\">Read More<\/a><\/p>\n","protected":false},"author":4,"featured_media":30504,"comment_status":"closed","ping_status":"closed","sticky":false,"template":"","format":"standard","meta":[],"categories":[3085,8],"tags":[459,4175,359,686,393,4663,6988],"_links":{"self":[{"href":"https:\/\/bisbalpenedes.com\/web\/wp-json\/wp\/v2\/posts\/33035"}],"collection":[{"href":"https:\/\/bisbalpenedes.com\/web\/wp-json\/wp\/v2\/posts"}],"about":[{"href":"https:\/\/bisbalpenedes.com\/web\/wp-json\/wp\/v2\/types\/post"}],"author":[{"embeddable":true,"href":"https:\/\/bisbalpenedes.com\/web\/wp-json\/wp\/v2\/users\/4"}],"replies":[{"embeddable":true,"href":"https:\/\/bisbalpenedes.com\/web\/wp-json\/wp\/v2\/comments?post=33035"}],"version-history":[{"count":2,"href":"https:\/\/bisbalpenedes.com\/web\/wp-json\/wp\/v2\/posts\/33035\/revisions"}],"predecessor-version":[{"id":33037,"href":"https:\/\/bisbalpenedes.com\/web\/wp-json\/wp\/v2\/posts\/33035\/revisions\/33037"}],"wp:featuredmedia":[{"embeddable":true,"href":"https:\/\/bisbalpenedes.com\/web\/wp-json\/wp\/v2\/media\/30504"}],"wp:attachment":[{"href":"https:\/\/bisbalpenedes.com\/web\/wp-json\/wp\/v2\/media?parent=33035"}],"wp:term":[{"taxonomy":"category","embeddable":true,"href":"https:\/\/bisbalpenedes.com\/web\/wp-json\/wp\/v2\/categories?post=33035"},{"taxonomy":"post_tag","embeddable":true,"href":"https:\/\/bisbalpenedes.com\/web\/wp-json\/wp\/v2\/tags?post=33035"}],"curies":[{"name":"wp","href":"https:\/\/api.w.org\/{rel}","templated":true}]}}