{"id":33026,"date":"2025-02-20T09:10:51","date_gmt":"2025-02-20T07:10:51","guid":{"rendered":"https:\/\/bisbalpenedes.com\/web\/?p=33026"},"modified":"2025-02-20T09:10:51","modified_gmt":"2025-02-20T07:10:51","slug":"comencen-les-tasques-de-buidatge-i-neteja-de-lhabitatge-on-va-neixer-el-general-joan-romagosa","status":"publish","type":"post","link":"https:\/\/bisbalpenedes.com\/web\/2025\/02\/20\/comencen-les-tasques-de-buidatge-i-neteja-de-lhabitatge-on-va-neixer-el-general-joan-romagosa\/","title":{"rendered":"Comencen les tasques de buidatge i neteja de l\u2019habitatge on va n\u00e9ixer el General Joan Romagosa"},"content":{"rendered":"\n<p>La Junta de Govern del 10 de febrer va aprovar el contracte amb Josep Ma Sol\u00e9 per un import de 4.588,32\u20ac (IVA incl\u00f2s) per dur a terme la neteja de l\u2019immoble situat al n\u00famero 5 de la Pla\u00e7a Major. L\u2019habitatge, de propietat municipal, \u00e9s la casa on va n\u00e9ixer el General Joan Romagosa i es destinar\u00e0 a equipaments municipals.<\/p>\n\n\n\n<p>Les tasques incloses en aquest contracte contemplen la classificaci\u00f3 de les runes i deixalles acumulades a l\u2019interior de l\u2019edifici, aix\u00ed com la seva c\u00e0rrega i transport. L\u2019estat de l\u2019immoble, ple de runa i mobles deteriorats, requereix una actuaci\u00f3 urgent per reduir el pes estructural i facilitar-hi l\u2019acc\u00e9s amb seguretat. Aquesta intervenci\u00f3 \u00e9s imprescindible per poder avan\u00e7ar en el projecte de rehabilitaci\u00f3. A m\u00e9s, tamb\u00e9 es netejar\u00e0 el pati i se substituir\u00e0 la porta d\u2019acc\u00e9s per una de galvanitzada per garantir-ne la seguretat.<br><\/p>\n\n\n\n<p><strong>Conservaci\u00f3 del patrimoni<\/strong><\/p>\n\n\n\n<p>Pel que fa al material i mobiliari de l\u2019edifici, es procedir\u00e0 de la seg\u00fcent manera:<\/p>\n\n\n\n<ul><li>Objectes d\u2019inter\u00e8s personal i en bon estat: seran retornats a la fam\u00edlia propiet\u00e0ria.<\/li><li>Elements de valor hist\u00f2ric i patrimonial: seran salvaguardats per l\u2019Ajuntament amb la voluntat d\u2019incorporar-los als futurs espais culturals que acollir\u00e0 l\u2019edifici.<br><\/li><\/ul>\n\n\n\n<p><strong>Un espai amb hist\u00f2ria<\/strong><\/p>\n\n\n\n<p>El mes d\u2019agost de 2024, l\u2019Ajuntament va adquirir aquest immoble per 54.000\u20ac, ja que es tracta d\u2019un espai de gran valor hist\u00f2ric i patrimonial. La casa \u00e9s coneguda per ser el lloc de naixement del General Joan Romagosa i Pros (17 d\u2019octubre de 1791) i, al llarg del segle XIX i inicis del XX, tamb\u00e9 va acollir una f\u00e0brica d\u2019espardenyes on treballaven moltes dones de la Bisbal del Pened\u00e8s.<\/p>\n\n\n\n<p>Per tot plegat, el Ple extraordinari del mateix mes d\u2019agost va aprovar una partida pressupost\u00e0ria per adquirir-la i iniciar el projecte de recuperaci\u00f3. L\u2019objectiu \u00e9s preservar la fa\u00e7ana i rehabilitar l\u2019interior per convertir-lo en un espai cultural polivalent que aculli un museu, una escola de m\u00fasica i un espai de mem\u00f2ria dedicat tant al General Romagosa com a la ind\u00fastria de les espardenyes. D\u2019aquesta manera, la Pla\u00e7a Major es consolidar\u00e0 com un centre de dinamitzaci\u00f3 cultural del municipi, acollint aquest nou espai i el Centre Municipal de Cultura.<\/p>\n\n\n\n<hr class=\"wp-block-separator has-alpha-channel-opacity\"\/>\n\n\n\n<p><strong>Comienzan las tareas de vaciado y limpieza de la vivienda donde naci\u00f3 el General Joan Romagosa<\/strong><\/p>\n\n\n\n<p>La Junta de Gobierno del 10 de febrero aprob\u00f3 el contrato con Josep Ma Sol\u00e9 por un importe de 4.588,32\u20ac (IVA incluido) para llevar a cabo la limpieza del inmueble situado en el n\u00famero 5 de la Pla\u00e7a Major. La vivienda, de propiedad municipal, es la casa donde naci\u00f3 el General Joan Romagosa y se destinar\u00e1 a equipamientos municipales.<\/p>\n\n\n\n<p>Las tareas incluidas en este contrato contemplan la clasificaci\u00f3n de los escombros y residuos acumulados en el interior del edificio, as\u00ed como su carga y transporte. El estado del inmueble, lleno de escombros y muebles deteriorados, requiere una actuaci\u00f3n urgente para reducir el peso estructural y facilitar el acceso con seguridad. Esta intervenci\u00f3n es imprescindible para poder avanzar en el proyecto de rehabilitaci\u00f3n. Adem\u00e1s, tambi\u00e9n se limpiar\u00e1 el patio y se sustituir\u00e1 la puerta de acceso por una galvanizada para garantizar su seguridad.<br><\/p>\n\n\n\n<p><strong>Conservaci\u00f3n del patrimonio<\/strong><\/p>\n\n\n\n<p>En cuanto al material y mobiliario del edificio, se proceder\u00e1 de la siguiente manera:<\/p>\n\n\n\n<ul><li><strong>Objetos de inter\u00e9s personal y en buen estado<\/strong>: ser\u00e1n devueltos a la familia propietaria.<\/li><li><strong>Elementos de valor hist\u00f3rico y patrimonial<\/strong>: ser\u00e1n salvaguardados por el Ayuntamiento con la intenci\u00f3n de incorporarlos a los futuros espacios culturales que albergar\u00e1 el edificio.<br><\/li><\/ul>\n\n\n\n<p><strong>Un espacio con historia<\/strong><\/p>\n\n\n\n<p>En agosto de 2024, el Ayuntamiento adquiri\u00f3 este inmueble por 54.000\u20ac, ya que se trata de un espacio de gran valor hist\u00f3rico y patrimonial. La casa es conocida por ser el lugar de nacimiento del General Joan Romagosa i Pros (17 de octubre de 1791) y, a lo largo del siglo XIX y principios del XX, tambi\u00e9n alberg\u00f3 una f\u00e1brica de alpargatas donde trabajaban muchas mujeres de La Bisbal del Pened\u00e8s.<\/p>\n\n\n\n<p>Por todo ello, el Pleno extraordinario del mismo mes de agosto aprob\u00f3 una partida presupuestaria para su adquisici\u00f3n e inicio del proyecto de recuperaci\u00f3n. El objetivo es preservar la fachada y rehabilitar el interior para convertirlo en un espacio cultural polivalente que albergue un museo, una escuela de m\u00fasica y un espacio de memoria dedicado tanto al General Romagosa como a la industria de las alpargatas. De este modo, la Pla\u00e7a Major se consolidar\u00e1 como un centro de dinamizaci\u00f3n cultural del municipio, acogiendo este nuevo espacio y el Centre Municipal de Cultura.<\/p>\n","protected":false},"excerpt":{"rendered":"<p>La Junta de Govern del 10 de febrer va aprovar el contracte amb Josep Ma Sol\u00e9 per un import de 4.588,32\u20ac (IVA incl\u00f2s) per dur a terme la neteja de &hellip; <a href=\"https:\/\/bisbalpenedes.com\/web\/2025\/02\/20\/comencen-les-tasques-de-buidatge-i-neteja-de-lhabitatge-on-va-neixer-el-general-joan-romagosa\/\" class=\"more-link\">Read More<\/a><\/p>\n","protected":false},"author":4,"featured_media":33027,"comment_status":"closed","ping_status":"closed","sticky":false,"template":"","format":"standard","meta":[],"categories":[13,8],"tags":[459,1895,6818,393,3746],"_links":{"self":[{"href":"https:\/\/bisbalpenedes.com\/web\/wp-json\/wp\/v2\/posts\/33026"}],"collection":[{"href":"https:\/\/bisbalpenedes.com\/web\/wp-json\/wp\/v2\/posts"}],"about":[{"href":"https:\/\/bisbalpenedes.com\/web\/wp-json\/wp\/v2\/types\/post"}],"author":[{"embeddable":true,"href":"https:\/\/bisbalpenedes.com\/web\/wp-json\/wp\/v2\/users\/4"}],"replies":[{"embeddable":true,"href":"https:\/\/bisbalpenedes.com\/web\/wp-json\/wp\/v2\/comments?post=33026"}],"version-history":[{"count":1,"href":"https:\/\/bisbalpenedes.com\/web\/wp-json\/wp\/v2\/posts\/33026\/revisions"}],"predecessor-version":[{"id":33028,"href":"https:\/\/bisbalpenedes.com\/web\/wp-json\/wp\/v2\/posts\/33026\/revisions\/33028"}],"wp:featuredmedia":[{"embeddable":true,"href":"https:\/\/bisbalpenedes.com\/web\/wp-json\/wp\/v2\/media\/33027"}],"wp:attachment":[{"href":"https:\/\/bisbalpenedes.com\/web\/wp-json\/wp\/v2\/media?parent=33026"}],"wp:term":[{"taxonomy":"category","embeddable":true,"href":"https:\/\/bisbalpenedes.com\/web\/wp-json\/wp\/v2\/categories?post=33026"},{"taxonomy":"post_tag","embeddable":true,"href":"https:\/\/bisbalpenedes.com\/web\/wp-json\/wp\/v2\/tags?post=33026"}],"curies":[{"name":"wp","href":"https:\/\/api.w.org\/{rel}","templated":true}]}}