{"id":33023,"date":"2025-02-20T07:00:00","date_gmt":"2025-02-20T05:00:00","guid":{"rendered":"https:\/\/bisbalpenedes.com\/web\/?p=33023"},"modified":"2025-02-19T18:16:51","modified_gmt":"2025-02-19T16:16:51","slug":"la-junta-de-govern-del-dilluns-24-de-febrer-conte-una-proposta-amb-competencia-del-ple-delegada-a-la-junta","status":"publish","type":"post","link":"https:\/\/bisbalpenedes.com\/web\/2025\/02\/20\/la-junta-de-govern-del-dilluns-24-de-febrer-conte-una-proposta-amb-competencia-del-ple-delegada-a-la-junta\/","title":{"rendered":"<strong>La Junta de govern del dilluns 24 de febrer cont\u00e9 una proposta amb compet\u00e8ncia del Ple delegada a la Junta<\/strong>"},"content":{"rendered":"\n<p>La Junta de govern del dilluns 24 de febrer cont\u00e9 una proposta que \u00e9s compet\u00e8ncia del Ple delegada a la Junta, segons l&#8217;acord plenari del 6 de juliol de 2023. \u00c9s la seg\u00fcent:<\/p>\n\n\n\n<ul><li>Actuacions pr\u00e8vies a la recepci\u00f3 de les obres de millora de les infraestructures del barri de la Riba.<\/li><\/ul>\n\n\n\n<p>Les Sessions de la Junta de Govern Local no s\u00f3n p\u00fabliques, per\u00f2 quan actua en compet\u00e8ncies delegades del Ple, la Sessi\u00f3 es sotmet als mateixos requisits de publicitat de les Sessions del Ple, que s\u00f3n p\u00fabliques. Aix\u00ed ho va declarar la STS 161\/2013, de 26 de setembre.<\/p>\n\n\n\n<p>Per tot aix\u00f2, s\u2019obriran les portes de la sala de plens a les 10h, per tal que pugui assistir-hi p\u00fablic. Tamb\u00e9 es gravar\u00e0 aquest punt de l\u2019ordre del dia i posteriorment es publicar\u00e0 per garantir la seva publicitat.<\/p>\n\n\n\n<hr class=\"wp-block-separator has-alpha-channel-opacity\"\/>\n\n\n\n<h3><strong>La Junta de Gobierno del lunes 24 de febrero contiene una propuesta con competencia del Pleno delegada a la Junta<\/strong><\/h3>\n\n\n\n<p>La Junta de Gobierno del lunes 24 de febrero contiene una propuesta que es competencia del Pleno delegada a la Junta, seg\u00fan el acuerdo plenario del 6 de julio de 2023. Es la siguiente:<\/p>\n\n\n\n<ul><li>Actuaciones previas a la recepci\u00f3n de las obras de mejora de las infraestructuras del barrio de la Riba.<\/li><\/ul>\n\n\n\n<p>Las sesiones de la Junta de Gobierno Local no son p\u00fablicas, pero cuando act\u00faa en competencias delegadas del Pleno, la sesi\u00f3n se somete a los mismos requisitos de publicidad que las sesiones del Pleno, que s\u00ed son p\u00fablicas. As\u00ed lo declar\u00f3 la STS 161\/2013, de 26 de septiembre.<\/p>\n\n\n\n<p>Por todo ello, se abrir\u00e1n las puertas de la sala de plenos a las 10h, para que pueda asistir p\u00fablico. Tambi\u00e9n se grabar\u00e1 este punto del orden del d\u00eda y posteriormente se publicar\u00e1 para garantizar su publicidad.<\/p>\n","protected":false},"excerpt":{"rendered":"<p>La Junta de govern del dilluns 24 de febrer cont\u00e9 una proposta que \u00e9s compet\u00e8ncia del Ple delegada a la Junta, segons l&#8217;acord plenari del 6 de juliol de 2023. &hellip; <a href=\"https:\/\/bisbalpenedes.com\/web\/2025\/02\/20\/la-junta-de-govern-del-dilluns-24-de-febrer-conte-una-proposta-amb-competencia-del-ple-delegada-a-la-junta\/\" class=\"more-link\">Read More<\/a><\/p>\n","protected":false},"author":4,"featured_media":30504,"comment_status":"closed","ping_status":"closed","sticky":false,"template":"","format":"standard","meta":[],"categories":[8],"tags":[459,3115,686,777,393,1374],"_links":{"self":[{"href":"https:\/\/bisbalpenedes.com\/web\/wp-json\/wp\/v2\/posts\/33023"}],"collection":[{"href":"https:\/\/bisbalpenedes.com\/web\/wp-json\/wp\/v2\/posts"}],"about":[{"href":"https:\/\/bisbalpenedes.com\/web\/wp-json\/wp\/v2\/types\/post"}],"author":[{"embeddable":true,"href":"https:\/\/bisbalpenedes.com\/web\/wp-json\/wp\/v2\/users\/4"}],"replies":[{"embeddable":true,"href":"https:\/\/bisbalpenedes.com\/web\/wp-json\/wp\/v2\/comments?post=33023"}],"version-history":[{"count":2,"href":"https:\/\/bisbalpenedes.com\/web\/wp-json\/wp\/v2\/posts\/33023\/revisions"}],"predecessor-version":[{"id":33025,"href":"https:\/\/bisbalpenedes.com\/web\/wp-json\/wp\/v2\/posts\/33023\/revisions\/33025"}],"wp:featuredmedia":[{"embeddable":true,"href":"https:\/\/bisbalpenedes.com\/web\/wp-json\/wp\/v2\/media\/30504"}],"wp:attachment":[{"href":"https:\/\/bisbalpenedes.com\/web\/wp-json\/wp\/v2\/media?parent=33023"}],"wp:term":[{"taxonomy":"category","embeddable":true,"href":"https:\/\/bisbalpenedes.com\/web\/wp-json\/wp\/v2\/categories?post=33023"},{"taxonomy":"post_tag","embeddable":true,"href":"https:\/\/bisbalpenedes.com\/web\/wp-json\/wp\/v2\/tags?post=33023"}],"curies":[{"name":"wp","href":"https:\/\/api.w.org\/{rel}","templated":true}]}}