{"id":33021,"date":"2025-02-19T17:30:57","date_gmt":"2025-02-19T15:30:57","guid":{"rendered":"https:\/\/bisbalpenedes.com\/web\/?p=33021"},"modified":"2025-02-19T17:30:57","modified_gmt":"2025-02-19T15:30:57","slug":"laca-es-fa-carrec-de-la-depuradora-de-lesplai-a-traves-del-consell-comarcal-del-baix-penedes-des-que-va-comencar-lany","status":"publish","type":"post","link":"https:\/\/bisbalpenedes.com\/web\/2025\/02\/19\/laca-es-fa-carrec-de-la-depuradora-de-lesplai-a-traves-del-consell-comarcal-del-baix-penedes-des-que-va-comencar-lany\/","title":{"rendered":"<strong>L\u2019ACA es fa c\u00e0rrec de la depuradora de l\u2019Esplai a trav\u00e9s del Consell Comarcal del Baix Pened\u00e8s des que va comen\u00e7ar l\u2019any<\/strong>"},"content":{"rendered":"\n<p>Des que va comen\u00e7ar el 2025, l\u2019ACA es fa c\u00e0rrec de la depuradora de l\u2019Esplai a trav\u00e9s del Consell Comarcal del Baix Pened\u00e8s. Aquest mes de gener l\u2019alcaldessa i el president del Consell Comarcal del Baix Pened\u00e8s (CCBP) han signat el conveni per a la incorporaci\u00f3 de l\u2019Estaci\u00f3 Depuradora d\u2019Aig\u00fces Residuals (EDAR) de l\u2019Esplai a la resta d\u2019instal\u00b7lacions incloses en el conveni de delegaci\u00f3 de compet\u00e8ncies en mat\u00e8ria de sanejament en alta d\u2019aigua residual urbana a favor del CCBP.<\/p>\n\n\n\n<p>Aquesta delegaci\u00f3 de compet\u00e8ncies inclou:<\/p>\n\n\n\n<ul><li>La construcci\u00f3 i millora de les instal\u00b7lacions.<\/li><li>L\u2019explotaci\u00f3, gesti\u00f3 i manteniment de la xarxa b\u00e0sica en alta.<\/li><li>El control d\u2019abocaments.<\/li><li>Les facultats d\u2019intervenci\u00f3 administrativa com l\u2019atorgament d\u2019autoritzacions de connexi\u00f3, inspeccions, presa de mostres i an\u00e0lisis en condicions d\u2019homologaci\u00f3.<\/li><li>La imposici\u00f3 de sancions i rescabalament per sobrecostos d\u2019explotaci\u00f3 i danys causats al sistema per abocaments industrials.<\/li><\/ul>\n\n\n\n<p>L\u2019equip de govern va iniciar aquesta tramitaci\u00f3 l\u2019any 2015, ja que fins aleshores era l\u2019Ajuntament qui s\u2019encarregava del manteniment de la depuradora. El juliol de 2024, l\u2019Ag\u00e8ncia Catalana de l\u2019Aigua (ACA) va emetre un informe favorable a la inclusi\u00f3 de l\u2019EDAR de l\u2019Esplai dins el sanejament p\u00fablic en alta de l\u2019ACA, despr\u00e9s que l\u2019Ajuntament hi invert\u00eds m\u00e9s de 100.000 euros per adequar la depuradora a la normativa vigent.<\/p>\n\n\n\n<hr class=\"wp-block-separator has-alpha-channel-opacity\"\/>\n\n\n\n<h2><strong>La ACA se hace cargo de la depuradora de l\u2019Esplai a trav\u00e9s del Consell Comarcal del Baix Pened\u00e8s desde que comenz\u00f3 el a\u00f1o<\/strong><\/h2>\n\n\n\n<p>Desde que comenz\u00f3 2025, la ACA se hace cargo de la depuradora de l\u2019Esplai a trav\u00e9s del Consell Comarcal del Baix Pened\u00e8s (CCBP). Este mes de enero, la alcaldesa y el presidente del Consell Comarcal del Baix Pened\u00e8s han firmado el convenio para la incorporaci\u00f3n de la Estaci\u00f3n Depuradora de Aguas Residuales (EDAR) de l\u2019Esplai al resto de instalaciones incluidas en el convenio de delegaci\u00f3n de competencias en materia de saneamiento en alta de agua residual urbana a favor del CCBP.<\/p>\n\n\n\n<p>Esta delegaci\u00f3n de competencias incluye:<\/p>\n\n\n\n<ul><li>La construcci\u00f3n y mejora de las instalaciones.<\/li><li>La explotaci\u00f3n, gesti\u00f3n y mantenimiento de la red b\u00e1sica en alta.<\/li><li>El control de vertidos.<\/li><li>Las facultades de intervenci\u00f3n administrativa, como el otorgamiento de autorizaciones de conexi\u00f3n, inspecciones, toma de muestras y an\u00e1lisis en condiciones de homologaci\u00f3n.<\/li><li>La imposici\u00f3n de sanciones y compensaci\u00f3n por sobrecostes de explotaci\u00f3n y da\u00f1os causados al sistema por vertidos industriales.<\/li><\/ul>\n\n\n\n<p>El equipo de gobierno inici\u00f3 esta tramitaci\u00f3n en el a\u00f1o 2015, ya que hasta entonces era el Ayuntamiento quien se encargaba del mantenimiento de la depuradora. En julio de 2024, la Ag\u00e8ncia Catalana de l\u2019Aigua (ACA) emiti\u00f3 un informe favorable para la inclusi\u00f3n de la EDAR de l\u2019Esplai dentro del saneamiento p\u00fablico en alta de la ACA, despu\u00e9s de que el Ayuntamiento invirtiera m\u00e1s de 100.000 euros para adecuar la depuradora a la normativa vigente.<\/p>\n","protected":false},"excerpt":{"rendered":"<p>Des que va comen\u00e7ar el 2025, l\u2019ACA es fa c\u00e0rrec de la depuradora de l\u2019Esplai a trav\u00e9s del Consell Comarcal del Baix Pened\u00e8s. Aquest mes de gener l\u2019alcaldessa i el &hellip; <a href=\"https:\/\/bisbalpenedes.com\/web\/2025\/02\/19\/laca-es-fa-carrec-de-la-depuradora-de-lesplai-a-traves-del-consell-comarcal-del-baix-penedes-des-que-va-comencar-lany\/\" class=\"more-link\">Read More<\/a><\/p>\n","protected":false},"author":4,"featured_media":18889,"comment_status":"closed","ping_status":"closed","sticky":false,"template":"","format":"standard","meta":[],"categories":[8,3352],"tags":[768,1056,5031,393],"_links":{"self":[{"href":"https:\/\/bisbalpenedes.com\/web\/wp-json\/wp\/v2\/posts\/33021"}],"collection":[{"href":"https:\/\/bisbalpenedes.com\/web\/wp-json\/wp\/v2\/posts"}],"about":[{"href":"https:\/\/bisbalpenedes.com\/web\/wp-json\/wp\/v2\/types\/post"}],"author":[{"embeddable":true,"href":"https:\/\/bisbalpenedes.com\/web\/wp-json\/wp\/v2\/users\/4"}],"replies":[{"embeddable":true,"href":"https:\/\/bisbalpenedes.com\/web\/wp-json\/wp\/v2\/comments?post=33021"}],"version-history":[{"count":1,"href":"https:\/\/bisbalpenedes.com\/web\/wp-json\/wp\/v2\/posts\/33021\/revisions"}],"predecessor-version":[{"id":33022,"href":"https:\/\/bisbalpenedes.com\/web\/wp-json\/wp\/v2\/posts\/33021\/revisions\/33022"}],"wp:featuredmedia":[{"embeddable":true,"href":"https:\/\/bisbalpenedes.com\/web\/wp-json\/wp\/v2\/media\/18889"}],"wp:attachment":[{"href":"https:\/\/bisbalpenedes.com\/web\/wp-json\/wp\/v2\/media?parent=33021"}],"wp:term":[{"taxonomy":"category","embeddable":true,"href":"https:\/\/bisbalpenedes.com\/web\/wp-json\/wp\/v2\/categories?post=33021"},{"taxonomy":"post_tag","embeddable":true,"href":"https:\/\/bisbalpenedes.com\/web\/wp-json\/wp\/v2\/tags?post=33021"}],"curies":[{"name":"wp","href":"https:\/\/api.w.org\/{rel}","templated":true}]}}