{"id":33016,"date":"2025-02-19T17:12:35","date_gmt":"2025-02-19T15:12:35","guid":{"rendered":"https:\/\/bisbalpenedes.com\/web\/?p=33016"},"modified":"2025-02-19T17:19:15","modified_gmt":"2025-02-19T15:19:15","slug":"lalcaldessa-de-la-bisbal-ha-participat-en-una-jornada-de-lacm-dedicada-a-la-concertacio-territorial-i-a-limpuls-de-politiques-docupacio","status":"publish","type":"post","link":"https:\/\/bisbalpenedes.com\/web\/2025\/02\/19\/lalcaldessa-de-la-bisbal-ha-participat-en-una-jornada-de-lacm-dedicada-a-la-concertacio-territorial-i-a-limpuls-de-politiques-docupacio\/","title":{"rendered":"<strong>L\u2019alcaldessa de la Bisbal ha participat en una jornada de l\u2019ACM dedicada a la concertaci\u00f3 territorial i a l\u2019impuls de pol\u00edtiques d\u2019ocupaci\u00f3<\/strong>"},"content":{"rendered":"\n<p>El passat 4 de febrer es va celebrar a la seu de l\u2019Associaci\u00f3 Catalana de Municipis (ACM) la jornada \u201cEines per a una bona concertaci\u00f3 territorial\u201d, una trobada destinada a analitzar els mecanismes de governan\u00e7a i col\u00b7laboraci\u00f3 en l&#8217;\u00e0mbit de les pol\u00edtiques actives d&#8217;ocupaci\u00f3 a Catalunya. L&#8217;acte, organitzat per l&#8217;ACM amb la participaci\u00f3 d&#8217;experts i representants institucionals, va esdevenir un espai de reflexi\u00f3 sobre els reptes i oportunitats que ofereix la nova concertaci\u00f3 territorial.<\/p>\n\n\n\n<p>La jornada es va estructurar en quatre taules rodones que van abordar diferents aspectes relacionats amb la concertaci\u00f3 territorial. L\u2019alcaldessa de la Bisbal del Pened\u00e8s i responsable d\u2019ocupaci\u00f3 a l\u2019ACM, Agn\u00e8s Ferr\u00e9, va moderar la tercera taula, centrada en experi\u00e8ncies de governan\u00e7a territorial. Aquesta sessi\u00f3 va comptar amb la participaci\u00f3 de:<\/p>\n\n\n\n<ul><li><strong>Josep Quer<\/strong>, cap d\u2019\u00c0rea de Promoci\u00f3 Econ\u00f2mica de l\u2019Ajuntament de Girona, com a ponent de la Taula de Girona.<\/li><li><strong>Anna Tarafa G\u00fcell<\/strong>, regidora de l\u2019Ajuntament de Banyoles, representant la Taula de Banyoles i Pla de l\u2019Estany.<\/li><li><strong>Josep Maria Matencio<\/strong>, gerent de promoci\u00f3 econ\u00f2mica de l\u2019Ajuntament de Sabadell, en representaci\u00f3 de la Conca del Ripoll.<\/li><li><strong>Vict\u00f2ria Moreno<\/strong>, responsable de Concertaci\u00f3 Territorial de PIMEC.<\/li><\/ul>\n\n\n\n<p>L&#8217;acte va concloure amb les intervencions de la presidenta de l\u2019ACM i alcaldessa de la Garriga, Meritxell Bud\u00f3, i amb la participaci\u00f3 del secretari de Treball, Francisco Ramos, i el president del Consell de Treball, Econ\u00f2mic i Social de Catalunya (CTESC), Toni Mora.<\/p>\n\n\n\n<p>L&#8217;esdeveniment va comptar amb m\u00e9s de 150 assistents, tant de manera presencial a la seu de l\u2019ACM com en modalitat online. El contingut de la sessi\u00f3 es pot recuperar al canal de <a href=\"https:\/\/www.youtube.com\/live\/pc3BHYXsjQU?si=yl6X5hggF3Dzr6NT&amp;t=7472\">YouTube<\/a> de l\u2019ACM.<\/p>\n\n\n\n<hr class=\"wp-block-separator has-alpha-channel-opacity\"\/>\n\n\n\n<h3><strong>La alcaldesa de la Bisbal ha participado en una jornada de la ACM dedicada a la concertaci\u00f3n territorial y al impulso de pol\u00edticas de empleo<\/strong><\/h3>\n\n\n\n<p>El pasado 4 de febrero se celebr\u00f3 en la sede de la Associaci\u00f3 Catalana de Municipis (ACM) la jornada \u201cEines per a una bona concertaci\u00f3 territorial\u201d, un encuentro destinado a analizar los mecanismos de gobernanza y colaboraci\u00f3n en el \u00e1mbito de las pol\u00edticas activas de empleo en Catalu\u00f1a. El acto, organizado por la ACM con la participaci\u00f3n de expertos y representantes institucionales, se convirti\u00f3 en un espacio de reflexi\u00f3n sobre los retos y oportunidades que ofrece la nueva concertaci\u00f3n territorial.<\/p>\n\n\n\n<p>La jornada se estructur\u00f3 en cuatro mesas redondas que abordaron distintos aspectos relacionados con la concertaci\u00f3n territorial. La alcaldesa de la Bisbal del Pened\u00e8s y responsable del \u00e1rea de empleo en la ACM, Agn\u00e8s Ferr\u00e9, moder\u00f3 la tercera mesa, centrada en experiencias de gobernanza territorial. Esta sesi\u00f3n cont\u00f3 con la participaci\u00f3n de:<\/p>\n\n\n\n<ul><li><strong>Josep Quer<\/strong>, jefe del \u00c1rea de Promoci\u00f3n Econ\u00f3mica del Ajuntament de Girona, como ponente de la Mesa de Girona.<\/li><li><strong>Anna Tarafa G\u00fcell<\/strong>, concejala del Ajuntament de Banyoles, representando la Mesa de Banyoles y Pla de l\u2019Estany.<\/li><li><strong>Josep Maria Matencio<\/strong>, gerente de promoci\u00f3n econ\u00f3mica del Ajuntament de Sabadell, en representaci\u00f3n de la Conca del Ripoll.<\/li><li><strong>Vict\u00f2ria Moreno<\/strong>, responsable de Concertaci\u00f3n Territorial de PIMEC.<\/li><\/ul>\n\n\n\n<p>El acto concluy\u00f3 con las intervenciones de la presidenta de la ACM y alcaldesa de la Garriga, Meritxell Bud\u00f3, y con la participaci\u00f3n del secretario de Trabajo, Francisco Ramos, y el presidente del Consell de Treball, Econ\u00f2mic i Social de Catalunya (CTESC), Toni Mora.<\/p>\n\n\n\n<p>El evento cont\u00f3 con m\u00e1s de 150 asistentes, tanto de forma presencial en la sede de la ACM como en modalidad online. El contenido de la sesi\u00f3n se puede recuperar en el canal de <a href=\"https:\/\/www.youtube.com\/live\/pc3BHYXsjQU?si=yl6X5hggF3Dzr6NT&amp;t=7472\">YouTube<\/a> de la ACM.<\/p>\n","protected":false},"excerpt":{"rendered":"<p>El passat 4 de febrer es va celebrar a la seu de l\u2019Associaci\u00f3 Catalana de Municipis (ACM) la jornada \u201cEines per a una bona concertaci\u00f3 territorial\u201d, una trobada destinada a &hellip; <a href=\"https:\/\/bisbalpenedes.com\/web\/2025\/02\/19\/lalcaldessa-de-la-bisbal-ha-participat-en-una-jornada-de-lacm-dedicada-a-la-concertacio-territorial-i-a-limpuls-de-politiques-docupacio\/\" class=\"more-link\">Read More<\/a><\/p>\n","protected":false},"author":4,"featured_media":33017,"comment_status":"closed","ping_status":"closed","sticky":false,"template":"","format":"standard","meta":[],"categories":[2057,8,9],"tags":[874,1151,2866,459,393,1374],"_links":{"self":[{"href":"https:\/\/bisbalpenedes.com\/web\/wp-json\/wp\/v2\/posts\/33016"}],"collection":[{"href":"https:\/\/bisbalpenedes.com\/web\/wp-json\/wp\/v2\/posts"}],"about":[{"href":"https:\/\/bisbalpenedes.com\/web\/wp-json\/wp\/v2\/types\/post"}],"author":[{"embeddable":true,"href":"https:\/\/bisbalpenedes.com\/web\/wp-json\/wp\/v2\/users\/4"}],"replies":[{"embeddable":true,"href":"https:\/\/bisbalpenedes.com\/web\/wp-json\/wp\/v2\/comments?post=33016"}],"version-history":[{"count":2,"href":"https:\/\/bisbalpenedes.com\/web\/wp-json\/wp\/v2\/posts\/33016\/revisions"}],"predecessor-version":[{"id":33019,"href":"https:\/\/bisbalpenedes.com\/web\/wp-json\/wp\/v2\/posts\/33016\/revisions\/33019"}],"wp:featuredmedia":[{"embeddable":true,"href":"https:\/\/bisbalpenedes.com\/web\/wp-json\/wp\/v2\/media\/33017"}],"wp:attachment":[{"href":"https:\/\/bisbalpenedes.com\/web\/wp-json\/wp\/v2\/media?parent=33016"}],"wp:term":[{"taxonomy":"category","embeddable":true,"href":"https:\/\/bisbalpenedes.com\/web\/wp-json\/wp\/v2\/categories?post=33016"},{"taxonomy":"post_tag","embeddable":true,"href":"https:\/\/bisbalpenedes.com\/web\/wp-json\/wp\/v2\/tags?post=33016"}],"curies":[{"name":"wp","href":"https:\/\/api.w.org\/{rel}","templated":true}]}}