{"id":33013,"date":"2025-02-18T20:04:14","date_gmt":"2025-02-18T18:04:14","guid":{"rendered":"https:\/\/bisbalpenedes.com\/web\/?p=33013"},"modified":"2025-02-18T20:04:14","modified_gmt":"2025-02-18T18:04:14","slug":"nou-club-de-lectura-a-la-biblioteca-publica-inici-dimecres-5-de-marc-a-les-19h","status":"publish","type":"post","link":"https:\/\/bisbalpenedes.com\/web\/2025\/02\/18\/nou-club-de-lectura-a-la-biblioteca-publica-inici-dimecres-5-de-marc-a-les-19h\/","title":{"rendered":"Nou club de lectura a la Biblioteca p\u00fablica: inici dimecres 5 de mar\u00e7 a les 19h"},"content":{"rendered":"\n<p>T\u2019agrada llegir i compartir lectures? La Biblioteca p\u00fablica de la Bisbal del Pened\u00e8s estrena Club de Lectura!<\/p>\n\n\n\n<p>Cada mes explorarem una tem\u00e0tica diferent a trav\u00e9s de la lectura, en sessions que tindran lloc un dimecres al mes, de 19 a 20 h, a la biblioteca i aniran a c\u00e0rrec de Joan de Boer.<\/p>\n\n\n\n<p>Primera sessi\u00f3: Dimecres 5 de mar\u00e7<br>Llibre: &#8220;La veritat sobre el cas Harry Quebert&#8221;, de Joel Dicker<\/p>\n\n\n\n<p>Inscripcions i recollida del llibre presencialment a la biblioteca o escrivint a <a href=\"mailto:biblioteca@bisbalpenedes.com\" target=\"_blank\" rel=\"noreferrer noopener\">biblioteca@bisbalpenedes.com<\/a><\/p>\n\n\n\n<hr class=\"wp-block-separator has-alpha-channel-opacity\"\/>\n\n\n\n<p>\u00bfTe gusta leer y compartir lecturas? \u00a1La Biblioteca P\u00fablica de la Bisbal del Pened\u00e8s estrena Club de Lectura!<\/p>\n\n\n\n<p>Cada mes exploraremos una tem\u00e1tica diferente a trav\u00e9s de la lectura, en sesiones que tendr\u00e1n lugar un mi\u00e9rcoles al mes, de 19 a 20 h, en la biblioteca e ir\u00e1n a cargo de Joan de Boer.<\/p>\n\n\n\n<p>Primera sesi\u00f3n: Mi\u00e9rcoles 5 de marzo<br>Libro: &#8220;La verdad sobre el caso Harry Quebert&#8221;, de Joel Dicker<\/p>\n\n\n\n<p>Inscripciones y recogida del libro presencialmente en la biblioteca o escribiendo a <a href=\"mailto:biblioteca@bisbalpenedes.com\" target=\"_blank\" rel=\"noreferrer noopener\">biblioteca@bisbalpenedes.com<\/a><\/p>\n","protected":false},"excerpt":{"rendered":"<p>T\u2019agrada llegir i compartir lectures? La Biblioteca p\u00fablica de la Bisbal del Pened\u00e8s estrena Club de Lectura! Cada mes explorarem una tem\u00e0tica diferent a trav\u00e9s de la lectura, en sessions &hellip; <a href=\"https:\/\/bisbalpenedes.com\/web\/2025\/02\/18\/nou-club-de-lectura-a-la-biblioteca-publica-inici-dimecres-5-de-marc-a-les-19h\/\" class=\"more-link\">Read More<\/a><\/p>\n","protected":false},"author":4,"featured_media":33010,"comment_status":"closed","ping_status":"closed","sticky":false,"template":"","format":"standard","meta":[],"categories":[2942,2478,13],"tags":[459,180,6987,393,414],"_links":{"self":[{"href":"https:\/\/bisbalpenedes.com\/web\/wp-json\/wp\/v2\/posts\/33013"}],"collection":[{"href":"https:\/\/bisbalpenedes.com\/web\/wp-json\/wp\/v2\/posts"}],"about":[{"href":"https:\/\/bisbalpenedes.com\/web\/wp-json\/wp\/v2\/types\/post"}],"author":[{"embeddable":true,"href":"https:\/\/bisbalpenedes.com\/web\/wp-json\/wp\/v2\/users\/4"}],"replies":[{"embeddable":true,"href":"https:\/\/bisbalpenedes.com\/web\/wp-json\/wp\/v2\/comments?post=33013"}],"version-history":[{"count":1,"href":"https:\/\/bisbalpenedes.com\/web\/wp-json\/wp\/v2\/posts\/33013\/revisions"}],"predecessor-version":[{"id":33014,"href":"https:\/\/bisbalpenedes.com\/web\/wp-json\/wp\/v2\/posts\/33013\/revisions\/33014"}],"wp:featuredmedia":[{"embeddable":true,"href":"https:\/\/bisbalpenedes.com\/web\/wp-json\/wp\/v2\/media\/33010"}],"wp:attachment":[{"href":"https:\/\/bisbalpenedes.com\/web\/wp-json\/wp\/v2\/media?parent=33013"}],"wp:term":[{"taxonomy":"category","embeddable":true,"href":"https:\/\/bisbalpenedes.com\/web\/wp-json\/wp\/v2\/categories?post=33013"},{"taxonomy":"post_tag","embeddable":true,"href":"https:\/\/bisbalpenedes.com\/web\/wp-json\/wp\/v2\/tags?post=33013"}],"curies":[{"name":"wp","href":"https:\/\/api.w.org\/{rel}","templated":true}]}}