{"id":33001,"date":"2025-02-18T15:43:24","date_gmt":"2025-02-18T13:43:24","guid":{"rendered":"https:\/\/bisbalpenedes.com\/web\/?p=33001"},"modified":"2025-02-18T15:46:08","modified_gmt":"2025-02-18T13:46:08","slug":"dia-internacional-contra-la-lgbtiq-fobia-en-lesport","status":"publish","type":"post","link":"https:\/\/bisbalpenedes.com\/web\/2025\/02\/18\/dia-internacional-contra-la-lgbtiq-fobia-en-lesport\/","title":{"rendered":"Dia Internacional contra la LGBTIQ-f\u00f2bia en l&#8217;esport"},"content":{"rendered":"\n<p>Aquest dimecres 19 de febrer \u00e9s el Dia contra la LGBTIQ-f\u00f2bia en l&#8217;esport. L&#8217;esport ha de ser un espai segur per a tothom!  Aquest 19 de febrer reivindiquem:<\/p>\n\n\n\n<ul><li><strong>Toler\u00e0ncia zero a l\u2019odi i la discriminaci\u00f3<\/strong> contra persones LGBTIQ+ als espais esportius.<\/li><li><strong>Aplicaci\u00f3 efectiva de les lleis de protecci\u00f3 i igualtat<\/strong> per garantir entorns lliures de LGBTIQ-f\u00f2bia.<\/li><li><strong>Eradicaci\u00f3 de la viol\u00e8ncia verbal i f\u00edsica<\/strong> mitjan\u00e7ant protocols clars de prevenci\u00f3 i sanci\u00f3.<\/li><li><strong>Suport a les persones trans i no bin\u00e0ries<\/strong> perqu\u00e8 puguin participar sense discriminaci\u00f3.<\/li><\/ul>\n\n\n\n<p><strong>Per un esport lliure, divers i valent!<\/strong> <\/p>\n\n\n\n<p>Llegeix el manifest complet aqu\u00ed:  <\/p>\n\n\n\n<div class=\"wp-block-file\"><object class=\"wp-block-file__embed\" data=\"https:\/\/bisbalpenedes.com\/web\/wp-content\/uploads\/2025\/02\/Manifest_CNLGBTI_Dia_Internacional_contra_LGBTI-fobia_Esport-_19-Febrer.pdf\" type=\"application\/pdf\" style=\"width:100%;height:600px\" aria-label=\"Incrustaci\u00f3 del fitxer Manifest_CNLGBTI_Dia_Internacional_contra_LGBTI-fobia_Esport-_19-Febrer.\"><\/object><a id=\"wp-block-file--media-c04cf6d8-8ce8-4e42-a197-567c85aa1c5c\" href=\"https:\/\/bisbalpenedes.com\/web\/wp-content\/uploads\/2025\/02\/Manifest_CNLGBTI_Dia_Internacional_contra_LGBTI-fobia_Esport-_19-Febrer.pdf\">Manifest_CNLGBTI_Dia_Internacional_contra_LGBTI-fobia_Esport-_19-Febrer<\/a><a href=\"https:\/\/bisbalpenedes.com\/web\/wp-content\/uploads\/2025\/02\/Manifest_CNLGBTI_Dia_Internacional_contra_LGBTI-fobia_Esport-_19-Febrer.pdf\" class=\"wp-block-file__button\" download aria-describedby=\"wp-block-file--media-c04cf6d8-8ce8-4e42-a197-567c85aa1c5c\">Baixa<\/a><\/div>\n\n\n\n<hr class=\"wp-block-separator has-alpha-channel-opacity\"\/>\n\n\n\n<p><strong>CASTELLANO |<\/strong>\u00a0Este mi\u00e9rcoles 19 de febrero es el D\u00eda contra la LGBTIQ-fobia en el deporte. El deporte debe ser un espacio seguro para todos y todas. Este 19 de febrero reivindicamos:<\/p>\n\n\n\n<ul><li>Tolerancia cero al odio y la discriminaci\u00f3n contra personas LGBTIQ+ en los espacios deportivos.<\/li><li>Aplicaci\u00f3n efectiva de las leyes de protecci\u00f3n e igualdad para garantizar entornos libres de LGBTIQ-fobia.<\/li><li>Erradicaci\u00f3n de la violencia verbal y f\u00edsica mediante protocolos claros de prevenci\u00f3n y sanci\u00f3n.<\/li><li>Apoyo a las personas trans y no binarias para que puedan participar sin discriminaci\u00f3n.<\/li><\/ul>\n\n\n\n<p>Por un deporte libre, diverso y valiente.<\/p>\n\n\n\n<p>Lee el manifiesto completo m\u00e1s arriba.<\/p>\n\n\n\n<p><br><\/p>\n","protected":false},"excerpt":{"rendered":"<p>Aquest dimecres 19 de febrer \u00e9s el Dia contra la LGBTIQ-f\u00f2bia en l&#8217;esport. L&#8217;esport ha de ser un espai segur per a tothom! Aquest 19 de febrer reivindiquem: Toler\u00e0ncia zero &hellip; <a href=\"https:\/\/bisbalpenedes.com\/web\/2025\/02\/18\/dia-internacional-contra-la-lgbtiq-fobia-en-lesport\/\" class=\"more-link\">Read More<\/a><\/p>\n","protected":false},"author":4,"featured_media":33003,"comment_status":"closed","ping_status":"closed","sticky":false,"template":"","format":"standard","meta":[],"categories":[19,6120,8],"tags":[459,6986,1299,3445,393],"_links":{"self":[{"href":"https:\/\/bisbalpenedes.com\/web\/wp-json\/wp\/v2\/posts\/33001"}],"collection":[{"href":"https:\/\/bisbalpenedes.com\/web\/wp-json\/wp\/v2\/posts"}],"about":[{"href":"https:\/\/bisbalpenedes.com\/web\/wp-json\/wp\/v2\/types\/post"}],"author":[{"embeddable":true,"href":"https:\/\/bisbalpenedes.com\/web\/wp-json\/wp\/v2\/users\/4"}],"replies":[{"embeddable":true,"href":"https:\/\/bisbalpenedes.com\/web\/wp-json\/wp\/v2\/comments?post=33001"}],"version-history":[{"count":2,"href":"https:\/\/bisbalpenedes.com\/web\/wp-json\/wp\/v2\/posts\/33001\/revisions"}],"predecessor-version":[{"id":33006,"href":"https:\/\/bisbalpenedes.com\/web\/wp-json\/wp\/v2\/posts\/33001\/revisions\/33006"}],"wp:featuredmedia":[{"embeddable":true,"href":"https:\/\/bisbalpenedes.com\/web\/wp-json\/wp\/v2\/media\/33003"}],"wp:attachment":[{"href":"https:\/\/bisbalpenedes.com\/web\/wp-json\/wp\/v2\/media?parent=33001"}],"wp:term":[{"taxonomy":"category","embeddable":true,"href":"https:\/\/bisbalpenedes.com\/web\/wp-json\/wp\/v2\/categories?post=33001"},{"taxonomy":"post_tag","embeddable":true,"href":"https:\/\/bisbalpenedes.com\/web\/wp-json\/wp\/v2\/tags?post=33001"}],"curies":[{"name":"wp","href":"https:\/\/api.w.org\/{rel}","templated":true}]}}