{"id":32996,"date":"2025-02-18T14:49:52","date_gmt":"2025-02-18T12:49:52","guid":{"rendered":"https:\/\/bisbalpenedes.com\/web\/?p=32996"},"modified":"2025-02-18T14:52:13","modified_gmt":"2025-02-18T12:52:13","slug":"el-diumenge-23-de-febrer-a-les-18h-podreu-veure-la-pellicula-marco-del-cicle-gaudi-al-cmc","status":"publish","type":"post","link":"https:\/\/bisbalpenedes.com\/web\/2025\/02\/18\/el-diumenge-23-de-febrer-a-les-18h-podreu-veure-la-pellicula-marco-del-cicle-gaudi-al-cmc\/","title":{"rendered":"El diumenge 23 de febrer a les 18h podreu veure la pel\u00b7l\u00edcula &#8216;Marco&#8217; del Cicle Gaud\u00ed al CMC"},"content":{"rendered":"\n<p>El diumenge <strong>23 de febrer<\/strong>, a les <strong>18 h<\/strong>, podreu veure la pel\u00b7l\u00edcula <strong>\u201cMarco\u201d<\/strong> a l\u2019auditori del <strong>CMC<\/strong>, en el marc del <strong>Cicle Gaud\u00ed<\/strong> de cinema catal\u00e0. La taquilla ser\u00e0 gestionada per <strong>Geganters i Grallers de la Societat<\/strong>.<\/p>\n\n\n\n<p><strong>\u201cMarco\u201d<\/strong> \u00e9s un drama dirigit per <strong>Aitor Arregi i Jon Gara\u00f1o<\/strong>, que va rebre grans reconeixements en el circuit cinematogr\u00e0fic. La pel\u00b7l\u00edcula explica la sorprenent hist\u00f2ria d&#8217;<strong>Enric Marco<\/strong>, un home que va ser capa\u00e7 de mantenir durant anys una mentida dif\u00edcil d\u2019imaginar: que havia estat presoner en un camp de concentraci\u00f3 nazi. Carism\u00e0tic i convincent, Marco va arribar a la presid\u00e8ncia de l\u2019<strong>Associaci\u00f3 Espanyola de V\u00edctimes de l\u2019Holocaust<\/strong>, on es va convertir en una figura admirada per la seva suposada valentia i sofriment. Fins que un dia, un historiador descobreix que el seu relat \u00e9s completament fals.<\/p>\n\n\n\n<p>Us animem a assistir a aquesta projecci\u00f3 i a gaudir del millor cinema catal\u00e0 a la Bisbal!<\/p>\n\n\n\n<p>Com \u00e9s habitual, el preu de l\u2019entrada ser\u00e0 de <strong>4,5\u20ac<\/strong> (general) i <strong>3\u20ac<\/strong> per als espectadors que presentin el carnet de la <strong>Biblioteca p\u00fablica de la Bisbal del Pened\u00e8s<\/strong>. Els beneficis es destinaran a l\u2019entitat que gestioni la taquilla abans de la projecci\u00f3.<\/p>\n\n\n\n<p><strong>FITXA T\u00c8CNICA<\/strong><\/p>\n\n\n\n<p><strong>Direcci\u00f3:<\/strong> Aitor Arregi, Jon Gara\u00f1o<br><strong>Gui\u00f3:<\/strong> Jose Mari Goenaga, Jon Gara\u00f1o, Jorge Gil Munarriz, Aitor Arregi<br><strong>Productora:<\/strong> Irusoin, Atresmedia Cine, Moriarti Produkzioak, La Verdad Inventada, A.I.E.<br><strong>Estrena:<\/strong> 8 de novembre de 2024<br><strong>Durada:<\/strong> 101 min<br><strong>G\u00e8nere:<\/strong> Drama<br><strong>Qualificaci\u00f3:<\/strong> No recomanada per a menors de 12 anys<br><strong>Versi\u00f3:<\/strong> Original en catal\u00e0 i castell\u00e0<br><strong>Int\u00e8rprets:<\/strong> Eduard Fern\u00e1ndez, Ferm\u00ed Reixach, Jordi Rico, J\u00falia Molins, Nathalie Poza, Sonia Almarcha<br><br><strong>La interpretaci\u00f3 magistral d\u2019Eduard Fern\u00e1ndez ha estat reconeguda amb el Premi Goya, el Premi Forqu\u00e9 i el Premi Feroz a millor actor protagonista.<\/strong><\/p>\n\n\n\n<figure class=\"wp-block-embed is-type-video is-provider-youtube wp-block-embed-youtube wp-embed-aspect-16-9 wp-has-aspect-ratio\"><div class=\"wp-block-embed__wrapper\">\n<iframe loading=\"lazy\" title=\"Cicle Gaud\u00ed: &quot;Marco&quot;\" width=\"1170\" height=\"658\" src=\"https:\/\/www.youtube.com\/embed\/K5trXYa2t2A?feature=oembed\" frameborder=\"0\" allow=\"accelerometer; autoplay; clipboard-write; encrypted-media; gyroscope; picture-in-picture; web-share\" referrerpolicy=\"strict-origin-when-cross-origin\" allowfullscreen><\/iframe>\n<\/div><\/figure>\n\n\n\n<hr class=\"wp-block-separator has-alpha-channel-opacity\"\/>\n\n\n\n<p><strong>CASTELLANO |<\/strong> El domingo <strong>23 de febrero<\/strong>, a las <strong>18 h<\/strong>, podr\u00e9is ver la pel\u00edcula <strong>\u201cMarco\u201d<\/strong> en el auditorio del <strong>CMC<\/strong>, en el marco del <strong>Cicle Gaud\u00ed<\/strong> de cine catal\u00e1n. La taquilla ser\u00e1 gestionada por <strong>Geganters i Grallers de la Societat<\/strong>.<\/p>\n\n\n\n<p><strong>\u201cMarco\u201d<\/strong> es un drama dirigido por <strong>Aitor Arregi y Jon Gara\u00f1o<\/strong>, que recibi\u00f3 grandes reconocimientos en el circuito cinematogr\u00e1fico. La pel\u00edcula narra la sorprendente historia de <strong>Enric Marco<\/strong>, un hombre que fue capaz de mantener durante a\u00f1os una mentira dif\u00edcil de imaginar: que hab\u00eda sido prisionero en un campo de concentraci\u00f3n nazi. Carism\u00e1tico y convincente, Marco lleg\u00f3 a la presidencia de la <strong>Asociaci\u00f3n Espa\u00f1ola de V\u00edctimas del Holocausto<\/strong>, donde se convirti\u00f3 en una figura admirada por su supuesta valent\u00eda y sufrimiento. Hasta que un d\u00eda, un historiador descubre que su relato es completamente falso.<\/p>\n\n\n\n<p>Os animamos a asistir a esta proyecci\u00f3n y a disfrutar del mejor cine catal\u00e1n en la Bisbal.<\/p>\n\n\n\n<p>Como es habitual, el precio de la entrada ser\u00e1 de <strong>4,5\u20ac<\/strong> (general) y <strong>3\u20ac<\/strong> para los espectadores que presenten el carn\u00e9 de la <strong>Biblioteca p\u00fablica de la Bisbal del Pened\u00e8s<\/strong>. Los beneficios se destinar\u00e1n a la entidad que gestione la taquilla antes de la proyecci\u00f3n.<\/p>\n\n\n\n<p><strong>FICHA T\u00c9CNICA<\/strong><\/p>\n\n\n\n<p><strong>Direcci\u00f3n:<\/strong> Aitor Arregi, Jon Gara\u00f1o<br><strong>Guion:<\/strong> Jose Mari Goenaga, Jon Gara\u00f1o, Jorge Gil Munarriz, Aitor Arregi<br><strong>Productora:<\/strong> Irusoin, Atresmedia Cine, Moriarti Produkzioak, La Verdad Inventada, A.I.E.<br><strong>Estreno:<\/strong> 8 de noviembre de 2024<br><strong>Duraci\u00f3n:<\/strong> 101 min<br><strong>G\u00e9nero:<\/strong> Drama<br><strong>Calificaci\u00f3n:<\/strong> No recomendada para menores de 12 a\u00f1os<br><strong>Versi\u00f3n:<\/strong> Original en catal\u00e1n y castellano<br><strong>Int\u00e9rpretes:<\/strong> Eduard Fern\u00e1ndez, Ferm\u00ed Reixach, Jordi Rico, J\u00falia Molins, Nathalie Poza, Sonia Almarcha<\/p>\n\n\n\n<p><strong>La interpretaci\u00f3n magistral de Eduard Fern\u00e1ndez ha sido reconocida con el Premio Goya, el Premio Forqu\u00e9 y el Premio Feroz a mejor actor protagonista.<\/strong><\/p>\n","protected":false},"excerpt":{"rendered":"<p>El diumenge 23 de febrer, a les 18 h, podreu veure la pel\u00b7l\u00edcula \u201cMarco\u201d a l\u2019auditori del CMC, en el marc del Cicle Gaud\u00ed de cinema catal\u00e0. La taquilla ser\u00e0 &hellip; <a href=\"https:\/\/bisbalpenedes.com\/web\/2025\/02\/18\/el-diumenge-23-de-febrer-a-les-18h-podreu-veure-la-pellicula-marco-del-cicle-gaudi-al-cmc\/\" class=\"more-link\">Read More<\/a><\/p>\n","protected":false},"author":4,"featured_media":32997,"comment_status":"closed","ping_status":"closed","sticky":false,"template":"","format":"standard","meta":[],"categories":[2942,13,20,8],"tags":[459,307,6985,1374],"_links":{"self":[{"href":"https:\/\/bisbalpenedes.com\/web\/wp-json\/wp\/v2\/posts\/32996"}],"collection":[{"href":"https:\/\/bisbalpenedes.com\/web\/wp-json\/wp\/v2\/posts"}],"about":[{"href":"https:\/\/bisbalpenedes.com\/web\/wp-json\/wp\/v2\/types\/post"}],"author":[{"embeddable":true,"href":"https:\/\/bisbalpenedes.com\/web\/wp-json\/wp\/v2\/users\/4"}],"replies":[{"embeddable":true,"href":"https:\/\/bisbalpenedes.com\/web\/wp-json\/wp\/v2\/comments?post=32996"}],"version-history":[{"count":2,"href":"https:\/\/bisbalpenedes.com\/web\/wp-json\/wp\/v2\/posts\/32996\/revisions"}],"predecessor-version":[{"id":32999,"href":"https:\/\/bisbalpenedes.com\/web\/wp-json\/wp\/v2\/posts\/32996\/revisions\/32999"}],"wp:featuredmedia":[{"embeddable":true,"href":"https:\/\/bisbalpenedes.com\/web\/wp-json\/wp\/v2\/media\/32997"}],"wp:attachment":[{"href":"https:\/\/bisbalpenedes.com\/web\/wp-json\/wp\/v2\/media?parent=32996"}],"wp:term":[{"taxonomy":"category","embeddable":true,"href":"https:\/\/bisbalpenedes.com\/web\/wp-json\/wp\/v2\/categories?post=32996"},{"taxonomy":"post_tag","embeddable":true,"href":"https:\/\/bisbalpenedes.com\/web\/wp-json\/wp\/v2\/tags?post=32996"}],"curies":[{"name":"wp","href":"https:\/\/api.w.org\/{rel}","templated":true}]}}