{"id":32989,"date":"2025-02-18T14:15:45","date_gmt":"2025-02-18T12:15:45","guid":{"rendered":"https:\/\/bisbalpenedes.com\/web\/?p=32989"},"modified":"2025-02-18T14:16:03","modified_gmt":"2025-02-18T12:16:03","slug":"carnaval-escolar-a-la-bisbal-del-penedes","status":"publish","type":"post","link":"https:\/\/bisbalpenedes.com\/web\/2025\/02\/18\/carnaval-escolar-a-la-bisbal-del-penedes\/","title":{"rendered":"Carnaval escolar a la Bisbal del Pened\u00e8s"},"content":{"rendered":"\n<p>El pr\u00f2xim 28 de febrer, a les 15h, se celebrar\u00e0 la rua de carnaval escolar de l\u2019escola Ull de Vent pels carrers del poble.<\/p>\n\n\n\n<p>A les 16.30h, es far\u00e0 la festa infantil de carnaval per als alumnes de la llar d\u2019infants L&#8217;Oreneta.<\/p>\n\n\n\n<p>Recordeu que l\u2019avinguda Baix Pened\u00e8s, a l\u2019altura de l\u2019escola nova, estar\u00e0 tallada al tr\u00e0nsit des de les 14.45 h fins a l\u2019inici de la rua.<\/p>\n\n\n\n<hr class=\"wp-block-separator has-alpha-channel-opacity\"\/>\n\n\n\n<p><strong>CASTELLANO |<\/strong> El pr\u00f3ximo 28 de febrero, a las 15h, se celebrar\u00e1 la r\u00faa de carnaval escolar de la escuela Ull de Vent por las calles del pueblo.<\/p>\n\n\n\n<p>A las 16:30h, se har\u00e1 la fiesta infantil de carnaval para los alumnos de la guarder\u00eda L&#8217;Oreneta.<\/p>\n\n\n\n<p>Recordad que la avenida Baix Pened\u00e8s, a la altura de la escuela nueva, estar\u00e1 cortada al tr\u00e1fico desde las 14:45 h hasta el inicio de la r\u00faa.<\/p>\n","protected":false},"excerpt":{"rendered":"<p>El pr\u00f2xim 28 de febrer, a les 15h, se celebrar\u00e0 la rua de carnaval escolar de l\u2019escola Ull de Vent pels carrers del poble. A les 16.30h, es far\u00e0 la &hellip; <a href=\"https:\/\/bisbalpenedes.com\/web\/2025\/02\/18\/carnaval-escolar-a-la-bisbal-del-penedes\/\" class=\"more-link\">Read More<\/a><\/p>\n","protected":false},"author":4,"featured_media":32990,"comment_status":"closed","ping_status":"closed","sticky":false,"template":"","format":"standard","meta":[],"categories":[3456,8],"tags":[],"_links":{"self":[{"href":"https:\/\/bisbalpenedes.com\/web\/wp-json\/wp\/v2\/posts\/32989"}],"collection":[{"href":"https:\/\/bisbalpenedes.com\/web\/wp-json\/wp\/v2\/posts"}],"about":[{"href":"https:\/\/bisbalpenedes.com\/web\/wp-json\/wp\/v2\/types\/post"}],"author":[{"embeddable":true,"href":"https:\/\/bisbalpenedes.com\/web\/wp-json\/wp\/v2\/users\/4"}],"replies":[{"embeddable":true,"href":"https:\/\/bisbalpenedes.com\/web\/wp-json\/wp\/v2\/comments?post=32989"}],"version-history":[{"count":1,"href":"https:\/\/bisbalpenedes.com\/web\/wp-json\/wp\/v2\/posts\/32989\/revisions"}],"predecessor-version":[{"id":32991,"href":"https:\/\/bisbalpenedes.com\/web\/wp-json\/wp\/v2\/posts\/32989\/revisions\/32991"}],"wp:featuredmedia":[{"embeddable":true,"href":"https:\/\/bisbalpenedes.com\/web\/wp-json\/wp\/v2\/media\/32990"}],"wp:attachment":[{"href":"https:\/\/bisbalpenedes.com\/web\/wp-json\/wp\/v2\/media?parent=32989"}],"wp:term":[{"taxonomy":"category","embeddable":true,"href":"https:\/\/bisbalpenedes.com\/web\/wp-json\/wp\/v2\/categories?post=32989"},{"taxonomy":"post_tag","embeddable":true,"href":"https:\/\/bisbalpenedes.com\/web\/wp-json\/wp\/v2\/tags?post=32989"}],"curies":[{"name":"wp","href":"https:\/\/api.w.org\/{rel}","templated":true}]}}