{"id":32982,"date":"2025-02-17T15:05:48","date_gmt":"2025-02-17T13:05:48","guid":{"rendered":"https:\/\/bisbalpenedes.com\/web\/?p=32982"},"modified":"2025-02-17T15:05:48","modified_gmt":"2025-02-17T13:05:48","slug":"els-alumnes-de-3r-i-5e-de-lescola-ull-de-vent-van-participar-en-el-certamen-de-lectura-en-veu-alta-el-passat-divendres","status":"publish","type":"post","link":"https:\/\/bisbalpenedes.com\/web\/2025\/02\/17\/els-alumnes-de-3r-i-5e-de-lescola-ull-de-vent-van-participar-en-el-certamen-de-lectura-en-veu-alta-el-passat-divendres\/","title":{"rendered":"Els alumnes de 3r i 5\u00e8 de l\u2019escola Ull de Vent van participar en el Certamen de Lectura en Veu Alta el passat divendres"},"content":{"rendered":"\n<p>Els alumnes de 3r i 5\u00e8 de l\u2019escola Ull de Vent van participar en el Certamen de Lectura en Veu Alta, celebrat el passat divendres al Centre Municipal de Cultura. L\u2019acte va comptar amb la pres\u00e8ncia de l\u2019alcaldessa Agn\u00e8s Ferr\u00e9 i el regidor d\u2019Ensenyament Daniel Caballero.<\/p>\n\n\n\n<p>Els guanyadors representaran la nostra escola a la semifinal del XXI Certamen de Lectura en Veu Alta, que tindr\u00e0 lloc al Vendrell el divendres 14 de mar\u00e7.<\/p>\n\n\n\n<p>Enhorabona a tots els participants i molta sort als semifinalistes.<\/p>\n\n\n\n<hr class=\"wp-block-separator has-alpha-channel-opacity\"\/>\n\n\n\n<p>Los alumnos de 3\u00ba y 5\u00ba de la escuela Ull de Vent participaron en el Certamen de Lectura en Veu Alta, celebrado el pasado viernes en el Centre Municipal de Cultura. El acto cont\u00f3 con la presencia de la alcaldesa Agn\u00e8s Ferr\u00e9 y el concejal de Educaci\u00f3n Daniel Caballero.<\/p>\n\n\n\n<p>Los ganadores representar\u00e1n a nuestra escuela en la semifinal del XXI Certamen de Lectura en Veu Alta, que tendr\u00e1 lugar en El Vendrell el viernes 14 de marzo.<\/p>\n\n\n\n<p>Enhorabuena a todos los participantes y mucha suerte a los semifinalistas.<\/p>\n","protected":false},"excerpt":{"rendered":"<p>Els alumnes de 3r i 5\u00e8 de l\u2019escola Ull de Vent van participar en el Certamen de Lectura en Veu Alta, celebrat el passat divendres al Centre Municipal de Cultura. &hellip; <a href=\"https:\/\/bisbalpenedes.com\/web\/2025\/02\/17\/els-alumnes-de-3r-i-5e-de-lescola-ull-de-vent-van-participar-en-el-certamen-de-lectura-en-veu-alta-el-passat-divendres\/\" class=\"more-link\">Read More<\/a><\/p>\n","protected":false},"author":4,"featured_media":32983,"comment_status":"closed","ping_status":"closed","sticky":false,"template":"","format":"standard","meta":[],"categories":[2057,3456,8],"tags":[6983,1808,337,393,414,1374],"_links":{"self":[{"href":"https:\/\/bisbalpenedes.com\/web\/wp-json\/wp\/v2\/posts\/32982"}],"collection":[{"href":"https:\/\/bisbalpenedes.com\/web\/wp-json\/wp\/v2\/posts"}],"about":[{"href":"https:\/\/bisbalpenedes.com\/web\/wp-json\/wp\/v2\/types\/post"}],"author":[{"embeddable":true,"href":"https:\/\/bisbalpenedes.com\/web\/wp-json\/wp\/v2\/users\/4"}],"replies":[{"embeddable":true,"href":"https:\/\/bisbalpenedes.com\/web\/wp-json\/wp\/v2\/comments?post=32982"}],"version-history":[{"count":1,"href":"https:\/\/bisbalpenedes.com\/web\/wp-json\/wp\/v2\/posts\/32982\/revisions"}],"predecessor-version":[{"id":32984,"href":"https:\/\/bisbalpenedes.com\/web\/wp-json\/wp\/v2\/posts\/32982\/revisions\/32984"}],"wp:featuredmedia":[{"embeddable":true,"href":"https:\/\/bisbalpenedes.com\/web\/wp-json\/wp\/v2\/media\/32983"}],"wp:attachment":[{"href":"https:\/\/bisbalpenedes.com\/web\/wp-json\/wp\/v2\/media?parent=32982"}],"wp:term":[{"taxonomy":"category","embeddable":true,"href":"https:\/\/bisbalpenedes.com\/web\/wp-json\/wp\/v2\/categories?post=32982"},{"taxonomy":"post_tag","embeddable":true,"href":"https:\/\/bisbalpenedes.com\/web\/wp-json\/wp\/v2\/tags?post=32982"}],"curies":[{"name":"wp","href":"https:\/\/api.w.org\/{rel}","templated":true}]}}